{"id":12661,"date":"2023-12-11T10:08:25","date_gmt":"2023-12-11T15:08:25","guid":{"rendered":"https:\/\/www.elamazonico.com\/portal\/?p=12661"},"modified":"2023-12-11T10:08:25","modified_gmt":"2023-12-11T15:08:25","slug":"vicepresidenta-veronica-abad-ya-se-encuentra-en-israel","status":"publish","type":"post","link":"https:\/\/www.elamazonico.com\/portal\/vicepresidenta-veronica-abad-ya-se-encuentra-en-israel\/","title":{"rendered":"Vicepresidenta Ver\u00f3nica Abad ya se encuentra en Israel"},"content":{"rendered":"<p>La vicepresidenta de la Rep\u00fablica, Ver\u00f3nica Abad, arrib\u00f3 a Israel y se present\u00f3 ante la Embajada de Ecuador en Tel Aviv este domingo, 10 de diciembre de 2023.<\/p>\n<p>All\u00ed propender\u00e1 a nombre del pueblo ecuatoriano y junto a la comunidad internacional, sentar bases de paz entre los pueblos en conflicto en Oriente Medio, inform\u00f3 mediante un comunicado la Vicepresidencia del Ecuador, al indicar que Abad asumi\u00f3 as\u00ed la tarea de evitar una escalada de violencia en la zona de conflicto y de este modo tratar de prevenir una cat\u00e1strofe humanitaria.<\/p>\n<p>En el documento se\u00f1alan que la informaci\u00f3n oficial que se genere por la gesti\u00f3n de la vicepresidenta de la Rep\u00fablica en Medio Oriente, ser\u00e1 puesta a disposici\u00f3n del pa\u00eds a trav\u00e9s de los canales y cuentas oficiales de la Vicepresidencia.<\/p>\n<p>Finalmente, manifiestan que Abad expres\u00f3 creer en \u00abd\u00edas mejores no solo para el pueblo soberano del Ecuador sino para toda la humanidad, los odios, las disputas y las revanchas no nos permiten avanzar; por el contrario, el intercambio de ideas, el entendimiento y la empat\u00eda son caracter\u00edsticas nobles y \u00fanicas de la raza humana, por ello, cumpliremos cabalmente la funci\u00f3n que por prerrogativa constitucional se me ha asignado\u00bb. (I)<\/p>\n<p>Fuente: Ecuadorenvivo<\/p>\n","protected":false},"excerpt":{"rendered":"<p>La vicepresidenta de la Rep\u00fablica, Ver\u00f3nica Abad, arrib\u00f3 a Israel y se present\u00f3 ante la Embajada de Ecuador en Tel Aviv este domingo, 10 de diciembre de 2023. All\u00ed propender\u00e1 a nombre del pueblo ecuatoriano y junto a la comunidad internacional, sentar bases de paz entre los pueblos en conflicto en Oriente Medio, inform\u00f3 mediante un comunicado la Vicepresidencia del Ecuador, al indicar que Abad asumi\u00f3 as\u00ed la tarea de evitar una escalada de violencia en la zona de conflicto y de este modo tratar de prevenir una cat\u00e1strofe humanitaria. En el documento se\u00f1alan que la informaci\u00f3n oficial que se genere por la gesti\u00f3n de la vicepresidenta de la Rep\u00fablica en Medio Oriente, ser\u00e1 puesta a disposici\u00f3n del pa\u00eds a trav\u00e9s de los canales y cuentas oficiales de la Vicepresidencia. Finalmente, manifiestan que Abad expres\u00f3 creer en \u00abd\u00edas mejores no solo para el pueblo soberano del Ecuador sino para toda la humanidad, los odios, las disputas y las revanchas no nos permiten avanzar; por el contrario, el intercambio de ideas, el entendimiento y la empat\u00eda son caracter\u00edsticas nobles y \u00fanicas de la raza humana, por ello, cumpliremos cabalmente la funci\u00f3n que por prerrogativa constitucional se me ha asignado\u00bb. (I) Fuente: Ecuadorenvivo<\/p>\n","protected":false},"author":1,"featured_media":12662,"comment_status":"open","ping_status":"open","sticky":false,"template":"","format":"standard","meta":{"footnotes":""},"categories":[268],"tags":[],"class_list":["post-12661","post","type-post","status-publish","format-standard","has-post-thumbnail","hentry","category-nacionales"],"_links":{"self":[{"href":"https:\/\/www.elamazonico.com\/portal\/wp-json\/wp\/v2\/posts\/12661","targetHints":{"allow":["GET"]}}],"collection":[{"href":"https:\/\/www.elamazonico.com\/portal\/wp-json\/wp\/v2\/posts"}],"about":[{"href":"https:\/\/www.elamazonico.com\/portal\/wp-json\/wp\/v2\/types\/post"}],"author":[{"embeddable":true,"href":"https:\/\/www.elamazonico.com\/portal\/wp-json\/wp\/v2\/users\/1"}],"replies":[{"embeddable":true,"href":"https:\/\/www.elamazonico.com\/portal\/wp-json\/wp\/v2\/comments?post=12661"}],"version-history":[{"count":1,"href":"https:\/\/www.elamazonico.com\/portal\/wp-json\/wp\/v2\/posts\/12661\/revisions"}],"predecessor-version":[{"id":12663,"href":"https:\/\/www.elamazonico.com\/portal\/wp-json\/wp\/v2\/posts\/12661\/revisions\/12663"}],"wp:featuredmedia":[{"embeddable":true,"href":"https:\/\/www.elamazonico.com\/portal\/wp-json\/wp\/v2\/media\/12662"}],"wp:attachment":[{"href":"https:\/\/www.elamazonico.com\/portal\/wp-json\/wp\/v2\/media?parent=12661"}],"wp:term":[{"taxonomy":"category","embeddable":true,"href":"https:\/\/www.elamazonico.com\/portal\/wp-json\/wp\/v2\/categories?post=12661"},{"taxonomy":"post_tag","embeddable":true,"href":"https:\/\/www.elamazonico.com\/portal\/wp-json\/wp\/v2\/tags?post=12661"}],"curies":[{"name":"wp","href":"https:\/\/api.w.org\/{rel}","templated":true}]}}