{"id":12655,"date":"2023-12-11T09:09:10","date_gmt":"2023-12-11T14:09:10","guid":{"rendered":"https:\/\/www.elamazonico.com\/portal\/?p=12655"},"modified":"2023-12-11T09:09:10","modified_gmt":"2023-12-11T14:09:10","slug":"gobierno-nacional-rechaza-actos-de-xenofobia-registrados-en-pelileo","status":"publish","type":"post","link":"https:\/\/www.elamazonico.com\/portal\/gobierno-nacional-rechaza-actos-de-xenofobia-registrados-en-pelileo\/","title":{"rendered":"Gobierno Nacional rechaza actos de xenofobia registrados en Pelileo"},"content":{"rendered":"<p>En un comunicado oficial, el\u00a0<strong>Gobierno Nacional<\/strong>\u00a0se pronunci\u00f3 a los acontecimientos suscitados en el cant\u00f3n\u00a0<strong>Pelileo<\/strong>, Tungurahua, a trav\u00e9s del Ministerio de la Mujer y Derechos Humanos, Ministerio de Relaciones Exteriores y Movilidad Humana, Ministerio de Gobierno y Ministerio del Interior, rechaza en\u00e9rgicamente los actos de\u00a0<strong>xenofobia contra la poblaci\u00f3n de nacionalidad venezolana<\/strong>\u00a0en situaci\u00f3n de movilidad humana.<\/p>\n<p>El Estado ecuatoriano como principal responsable de\u00a0<strong>salvaguardar los derechos<\/strong>\u00a0de todas las personas en su territorio, y, con base en los convenlos Internacionales suscritos en materia de<strong>\u00a0Derechos Humanos<\/strong>, ha activado los protocolos correspondientes.<\/p>\n<ul>\n<li>El Ministerio de Relaciones Exteriores y Movilidad Humana ha oficiado al Ministerio del Interior, Defensor\u00eda del Pueblo y, Fiscal\u00eda General del Estado alertando sobre el tema y est\u00e1 en constante contacto con los organismos del Sistema de Naciones Unidas para informar sobre estos sucesos.<\/li>\n<li>El Ministerio de la Mujer y Derechos Humanos activ\u00f3 de manera inmediata al Servicio de Protecci\u00f3n Integral (SPI) de Tungurahua, para que en el marco de sus competencias brinde contingencia y soporte psicol\u00f3gico a posibles v\u00edctimas. Adem\u00e1s, solicit\u00f3 formalmente al Sr. Alcalde del cant\u00f3n Pelileo informaci\u00f3n sobre el estado actual de los acontecimientos y las acciones lomadas para evitar posibles violaciones a derechos humanos de la poblaci\u00f3n migrante en situaci\u00f3n de vulnerabilidad.<\/li>\n<li>El Ministerio del Interior en coordinaci\u00f3n con la Polic\u00eda Nacional, ha abordado la situaci\u00f3n ocurrida en el cant\u00f3n Pelileo y sigue de cerca el caso junto a los \u00f3rganos correspondientes, como la Fiscal\u00eda General del Estado y las unidades judiciales encargadas de los hechos.<\/li>\n<li>La autoridad de Control Migratorio, a trav\u00e9s de la Subsecretar\u00eda de Migraci\u00f3n del Ministerio del Interior, en coordinaci\u00f3n con la Polic\u00eda, activar\u00e1 controles de permanencia migratoria haciendo valer la Ley Org\u00e1nica de Movilidad Humana. El accionar se llevar\u00e1 a cabo en irrestricto cumplimiento de las normas constitucionales y los tratados internacionales en materia de Derechos Humanos.<\/li>\n<li>La Polic\u00eda Nacional del Ecuador ha dado seguimiento y se ha hecho presente durante los eventos que se han desarrollados en torno a la presencia de ciudadanos de nacionalidad venezolana en el cant\u00f3n Pelileo, con el objetivo de garantizar y proteger los derechos de las personas, sin importar su nacionalidad, tal como reza la Constituci\u00f3n de la Rep\u00fablica del Ecuador, en el Art\u00edculo 9.<\/li>\n<li>El Ministerio de Gobierno se encuentra articulando acciones inmediatas en territorio para garantizar la seguridad de todos los ciudadanos nacionales y extranjeros. que residen en la provincia.<\/li>\n<\/ul>\n<p>Los problemas suscitados en Pelileo se refieren a casos puntuales, el\u00a0<strong>Gobierno Nacional<\/strong>\u00a0reafirma su compromiso con la protecci\u00f3n de todas las personas sin distinci\u00f3n, sobre todo de aquellas con estatus de protecci\u00f3n internacional.<\/p>\n<p><em>\u201cNuestro compromiso de velar y proteger a las personas en situaci\u00f3n de movilidad humana est\u00e1 guiado por el estricto cumplimiento de la Constituci\u00f3n de la Rep\u00fablica y los tratados internacionales suscritos por\u00a0nuestro\u00a0pa\u00eds\u201d<\/em>, concluye el documento. (I)<\/p>\n<p>Fuente: Ecuadorenvivo<\/p>\n","protected":false},"excerpt":{"rendered":"<p>En un comunicado oficial, el\u00a0Gobierno Nacional\u00a0se pronunci\u00f3 a los acontecimientos suscitados en el cant\u00f3n\u00a0Pelileo, Tungurahua, a trav\u00e9s del Ministerio de la Mujer y Derechos Humanos, Ministerio de Relaciones Exteriores y Movilidad Humana, Ministerio de Gobierno y Ministerio del Interior, rechaza en\u00e9rgicamente los actos de\u00a0xenofobia contra la poblaci\u00f3n de nacionalidad venezolana\u00a0en situaci\u00f3n de movilidad humana. El Estado ecuatoriano como principal responsable de\u00a0salvaguardar los derechos\u00a0de todas las personas en su territorio, y, con base en los convenlos Internacionales suscritos en materia de\u00a0Derechos Humanos, ha activado los protocolos correspondientes. El Ministerio de Relaciones Exteriores y Movilidad Humana ha oficiado al Ministerio del Interior, Defensor\u00eda del Pueblo y, Fiscal\u00eda General del Estado alertando sobre el tema y est\u00e1 en constante contacto con los organismos del Sistema de Naciones Unidas para informar sobre estos sucesos. El Ministerio de la Mujer y Derechos Humanos activ\u00f3 de manera inmediata al Servicio de Protecci\u00f3n Integral (SPI) de Tungurahua, para que en el marco de sus competencias brinde contingencia y soporte psicol\u00f3gico a posibles v\u00edctimas. Adem\u00e1s, solicit\u00f3 formalmente al Sr. Alcalde del cant\u00f3n Pelileo informaci\u00f3n sobre el estado actual de los acontecimientos y las acciones lomadas para evitar posibles violaciones a derechos humanos de la poblaci\u00f3n migrante en situaci\u00f3n de vulnerabilidad. El Ministerio del Interior en coordinaci\u00f3n con la Polic\u00eda Nacional, ha abordado la situaci\u00f3n ocurrida en el cant\u00f3n Pelileo y sigue de cerca el caso junto a los \u00f3rganos correspondientes, como la Fiscal\u00eda General del Estado y las unidades judiciales encargadas de los hechos. La autoridad de Control Migratorio, a trav\u00e9s de la Subsecretar\u00eda de Migraci\u00f3n del Ministerio del Interior, en coordinaci\u00f3n con la Polic\u00eda, activar\u00e1 controles de permanencia migratoria haciendo valer la Ley Org\u00e1nica de Movilidad Humana. El accionar se llevar\u00e1 a cabo en irrestricto cumplimiento de las normas constitucionales y los tratados internacionales en materia de Derechos Humanos. La Polic\u00eda Nacional del Ecuador ha dado seguimiento y se ha hecho presente durante los eventos que se han desarrollados en torno a la presencia de ciudadanos de nacionalidad venezolana en el cant\u00f3n Pelileo, con el objetivo de garantizar y proteger los derechos de las personas, sin importar su nacionalidad, tal como reza la Constituci\u00f3n de la Rep\u00fablica del Ecuador, en el Art\u00edculo 9. El Ministerio de Gobierno se encuentra articulando acciones inmediatas en territorio para garantizar la seguridad de todos los ciudadanos nacionales y extranjeros. que residen en la provincia. Los problemas suscitados en Pelileo se refieren a casos puntuales, el\u00a0Gobierno Nacional\u00a0reafirma su compromiso con la protecci\u00f3n de todas las personas sin distinci\u00f3n, sobre todo de aquellas con estatus de protecci\u00f3n internacional. \u201cNuestro compromiso de velar y proteger a las personas en situaci\u00f3n de movilidad humana est\u00e1 guiado por el estricto cumplimiento de la Constituci\u00f3n de la Rep\u00fablica y los tratados internacionales suscritos por\u00a0nuestro\u00a0pa\u00eds\u201d, concluye el documento. (I) Fuente: Ecuadorenvivo<\/p>\n","protected":false},"author":1,"featured_media":12656,"comment_status":"open","ping_status":"open","sticky":false,"template":"","format":"standard","meta":{"footnotes":""},"categories":[268],"tags":[],"class_list":["post-12655","post","type-post","status-publish","format-standard","has-post-thumbnail","hentry","category-nacionales"],"_links":{"self":[{"href":"https:\/\/www.elamazonico.com\/portal\/wp-json\/wp\/v2\/posts\/12655","targetHints":{"allow":["GET"]}}],"collection":[{"href":"https:\/\/www.elamazonico.com\/portal\/wp-json\/wp\/v2\/posts"}],"about":[{"href":"https:\/\/www.elamazonico.com\/portal\/wp-json\/wp\/v2\/types\/post"}],"author":[{"embeddable":true,"href":"https:\/\/www.elamazonico.com\/portal\/wp-json\/wp\/v2\/users\/1"}],"replies":[{"embeddable":true,"href":"https:\/\/www.elamazonico.com\/portal\/wp-json\/wp\/v2\/comments?post=12655"}],"version-history":[{"count":1,"href":"https:\/\/www.elamazonico.com\/portal\/wp-json\/wp\/v2\/posts\/12655\/revisions"}],"predecessor-version":[{"id":12657,"href":"https:\/\/www.elamazonico.com\/portal\/wp-json\/wp\/v2\/posts\/12655\/revisions\/12657"}],"wp:featuredmedia":[{"embeddable":true,"href":"https:\/\/www.elamazonico.com\/portal\/wp-json\/wp\/v2\/media\/12656"}],"wp:attachment":[{"href":"https:\/\/www.elamazonico.com\/portal\/wp-json\/wp\/v2\/media?parent=12655"}],"wp:term":[{"taxonomy":"category","embeddable":true,"href":"https:\/\/www.elamazonico.com\/portal\/wp-json\/wp\/v2\/categories?post=12655"},{"taxonomy":"post_tag","embeddable":true,"href":"https:\/\/www.elamazonico.com\/portal\/wp-json\/wp\/v2\/tags?post=12655"}],"curies":[{"name":"wp","href":"https:\/\/api.w.org\/{rel}","templated":true}]}}