{"id":12653,"date":"2023-12-11T08:35:27","date_gmt":"2023-12-11T13:35:27","guid":{"rendered":"https:\/\/www.elamazonico.com\/portal\/?p=12653"},"modified":"2023-12-11T08:35:27","modified_gmt":"2023-12-11T13:35:27","slug":"la-judicatura-es-el-centro-de-la-impunidad-en-ecuador","status":"publish","type":"post","link":"https:\/\/www.elamazonico.com\/portal\/la-judicatura-es-el-centro-de-la-impunidad-en-ecuador\/","title":{"rendered":"\u00bfLa Judicatura es el centro de la impunidad en Ecuador?"},"content":{"rendered":"<p>En un reciente debate en el programa \u00abPol\u00edticamente Correcto\u00bb, se discuti\u00f3 la transparencia del proceso de selecci\u00f3n de siete jueces de la Corte Nacional a cargo del Consejo de la Judicatura. Jorge Pe\u00f1afiel, asamble\u00edsta de Construye, expres\u00f3 sus preocupaciones y acusaciones, generando un intenso intercambio de opiniones.<\/p>\n<p>Pe\u00f1afiel afirm\u00f3 que Wilman Ter\u00e1n, presidente del Consejo de la Judicatura, deber\u00eda enfrentar un Juicio Pol\u00edtico junto a dos vocales m\u00e1s por presuntamente beneficiar a grupos pol\u00edticos en una agenda de impunidad. Critic\u00f3 la capacidad de la Judicatura para suspender a jueces nacionales investigados y cuestion\u00f3 la transparencia del proceso de evaluaci\u00f3n, se\u00f1alando diferencias notables en la puntuaci\u00f3n de los postulantes.<\/p>\n<p>En el debate, se mencion\u00f3 la participaci\u00f3n de la familia del expresidente del Cpccs, Dr. Alembert Vera, en la creaci\u00f3n del banco de preguntas para el concurso de jueces nacionales. Pe\u00f1afiel tambi\u00e9n abord\u00f3 la utilizaci\u00f3n de la figura jur\u00eddica del &#8216;habeas corpus&#8217; como una herramienta de impunidad y cuestion\u00f3 la prorroga en funciones del juez Luis Rivera, quien anul\u00f3 sentencias a favor de Jorge Glas.<\/p>\n<p>Wilman Ter\u00e1n respondi\u00f3 a las acusaciones invitando a Jorge Pe\u00f1afiel a crear mesas de trabajo conjuntas para \u00abrestablecer el orden y normativa judicial\u00bb. Tambi\u00e9n defendi\u00f3 la decisi\u00f3n de no repetir ni dar marcha atr\u00e1s en el concurso de jueces nacionales, a pesar de las denuncias y cr\u00edticas de la Misi\u00f3n Internacional de Observaci\u00f3n.<\/p>\n<p>El debate abord\u00f3 temas como la liberaci\u00f3n de delincuentes, la supuesta invalidaci\u00f3n de recomendaciones de la Misi\u00f3n Internacional de Observaci\u00f3n, y la solicitud de autorizaci\u00f3n a la Asamblea por parte del juez Luis Rivera para enjuiciar a Jorge Glas.<\/p>\n<p>El Consejo de la Judicatura, a trav\u00e9s de Wilman Ter\u00e1n, afirm\u00f3 no temer a un Juicio Pol\u00edtico y rechaz\u00f3 la posibilidad de modificar el proceso de selecci\u00f3n de jueces nacionales a pesar de las inconsistencias se\u00f1aladas por la Misi\u00f3n Internacional de Observaci\u00f3n. (I)<\/p>\n<p>Fuente: Ecuadorenvivo<\/p>\n","protected":false},"excerpt":{"rendered":"<p>En un reciente debate en el programa \u00abPol\u00edticamente Correcto\u00bb, se discuti\u00f3 la transparencia del proceso de selecci\u00f3n de siete jueces de la Corte Nacional a cargo del Consejo de la Judicatura. Jorge Pe\u00f1afiel, asamble\u00edsta de Construye, expres\u00f3 sus preocupaciones y acusaciones, generando un intenso intercambio de opiniones. Pe\u00f1afiel afirm\u00f3 que Wilman Ter\u00e1n, presidente del Consejo de la Judicatura, deber\u00eda enfrentar un Juicio Pol\u00edtico junto a dos vocales m\u00e1s por presuntamente beneficiar a grupos pol\u00edticos en una agenda de impunidad. Critic\u00f3 la capacidad de la Judicatura para suspender a jueces nacionales investigados y cuestion\u00f3 la transparencia del proceso de evaluaci\u00f3n, se\u00f1alando diferencias notables en la puntuaci\u00f3n de los postulantes. En el debate, se mencion\u00f3 la participaci\u00f3n de la familia del expresidente del Cpccs, Dr. Alembert Vera, en la creaci\u00f3n del banco de preguntas para el concurso de jueces nacionales. Pe\u00f1afiel tambi\u00e9n abord\u00f3 la utilizaci\u00f3n de la figura jur\u00eddica del &#8216;habeas corpus&#8217; como una herramienta de impunidad y cuestion\u00f3 la prorroga en funciones del juez Luis Rivera, quien anul\u00f3 sentencias a favor de Jorge Glas. Wilman Ter\u00e1n respondi\u00f3 a las acusaciones invitando a Jorge Pe\u00f1afiel a crear mesas de trabajo conjuntas para \u00abrestablecer el orden y normativa judicial\u00bb. Tambi\u00e9n defendi\u00f3 la decisi\u00f3n de no repetir ni dar marcha atr\u00e1s en el concurso de jueces nacionales, a pesar de las denuncias y cr\u00edticas de la Misi\u00f3n Internacional de Observaci\u00f3n. El debate abord\u00f3 temas como la liberaci\u00f3n de delincuentes, la supuesta invalidaci\u00f3n de recomendaciones de la Misi\u00f3n Internacional de Observaci\u00f3n, y la solicitud de autorizaci\u00f3n a la Asamblea por parte del juez Luis Rivera para enjuiciar a Jorge Glas. El Consejo de la Judicatura, a trav\u00e9s de Wilman Ter\u00e1n, afirm\u00f3 no temer a un Juicio Pol\u00edtico y rechaz\u00f3 la posibilidad de modificar el proceso de selecci\u00f3n de jueces nacionales a pesar de las inconsistencias se\u00f1aladas por la Misi\u00f3n Internacional de Observaci\u00f3n. (I) Fuente: Ecuadorenvivo<\/p>\n","protected":false},"author":1,"featured_media":12650,"comment_status":"open","ping_status":"open","sticky":false,"template":"","format":"standard","meta":{"footnotes":""},"categories":[268],"tags":[],"class_list":["post-12653","post","type-post","status-publish","format-standard","has-post-thumbnail","hentry","category-nacionales"],"_links":{"self":[{"href":"https:\/\/www.elamazonico.com\/portal\/wp-json\/wp\/v2\/posts\/12653","targetHints":{"allow":["GET"]}}],"collection":[{"href":"https:\/\/www.elamazonico.com\/portal\/wp-json\/wp\/v2\/posts"}],"about":[{"href":"https:\/\/www.elamazonico.com\/portal\/wp-json\/wp\/v2\/types\/post"}],"author":[{"embeddable":true,"href":"https:\/\/www.elamazonico.com\/portal\/wp-json\/wp\/v2\/users\/1"}],"replies":[{"embeddable":true,"href":"https:\/\/www.elamazonico.com\/portal\/wp-json\/wp\/v2\/comments?post=12653"}],"version-history":[{"count":1,"href":"https:\/\/www.elamazonico.com\/portal\/wp-json\/wp\/v2\/posts\/12653\/revisions"}],"predecessor-version":[{"id":12654,"href":"https:\/\/www.elamazonico.com\/portal\/wp-json\/wp\/v2\/posts\/12653\/revisions\/12654"}],"wp:featuredmedia":[{"embeddable":true,"href":"https:\/\/www.elamazonico.com\/portal\/wp-json\/wp\/v2\/media\/12650"}],"wp:attachment":[{"href":"https:\/\/www.elamazonico.com\/portal\/wp-json\/wp\/v2\/media?parent=12653"}],"wp:term":[{"taxonomy":"category","embeddable":true,"href":"https:\/\/www.elamazonico.com\/portal\/wp-json\/wp\/v2\/categories?post=12653"},{"taxonomy":"post_tag","embeddable":true,"href":"https:\/\/www.elamazonico.com\/portal\/wp-json\/wp\/v2\/tags?post=12653"}],"curies":[{"name":"wp","href":"https:\/\/api.w.org\/{rel}","templated":true}]}}