{"id":12649,"date":"2023-12-11T08:33:33","date_gmt":"2023-12-11T13:33:33","guid":{"rendered":"https:\/\/www.elamazonico.com\/portal\/?p=12649"},"modified":"2023-12-11T08:33:33","modified_gmt":"2023-12-11T13:33:33","slug":"siete-pedidos-de-juicio-politico-a-la-cola-antes-del-proceso-a-la-fiscal","status":"publish","type":"post","link":"https:\/\/www.elamazonico.com\/portal\/siete-pedidos-de-juicio-politico-a-la-cola-antes-del-proceso-a-la-fiscal\/","title":{"rendered":"Siete pedidos de juicio pol\u00edtico a la cola antes del proceso a la Fiscal"},"content":{"rendered":"<p>Al\u00a0<strong>juicio pol\u00edtico a la fiscal Diana Salazar<\/strong>\u00a0le espera un largo proceso. Los pedidos de interpelaci\u00f3n que dej\u00f3 la anterior legislatura (2021-2023) sumado a las solicitudes de la nueva\u00a0<strong>Asamblea<\/strong>, ubican al proceso impulsado por el corre\u00edsmo, al final de una larga fila de pendientes.<\/p>\n<p>El pasado 7 de diciembre, el\u00a0<strong>Consejo de Administraci\u00f3n Legislativa<\/strong>\u00a0(CAL) calific\u00f3 el pedio presentado por la corre\u00edsta\u00a0<strong>Gissela Garz\u00f3n<\/strong>. Despu\u00e9s de eso envi\u00f3 el proceso a la\u00a0<strong>Comisi\u00f3n de Fiscalizaci\u00f3n<\/strong>, como lo determina la Ley Org\u00e1nica de la\u00a0<strong>Funci\u00f3n Legislativa<\/strong>.<\/p>\n<p>Sin embargo, el presidente de la Asamblea,\u00a0<strong>Henry Kronfle<\/strong>, aclar\u00f3 que ese pedido deber\u00e1 ponerse a la cola de lo que ya tiene la mesa legislativa.<\/p>\n<p>Pero, \u00bfqu\u00e9 procesos de juicio pol\u00edtico est\u00e1n pendientes? Todos tienen que ver con funcionarios del\u00a0<strong>expresidente Guillermo Lasso<\/strong>.<\/p>\n<p>Kronfle se\u00f1al\u00f3 que est\u00e1 pendiente un pedido en contra de los vocales del\u00a0<strong>Consejo de la Judicatura<\/strong>. En la anterior Asamblea tambi\u00e9n se plante\u00f3 una interpelaci\u00f3n a los vocales del\u00a0<strong>Consejo Nacional Electoral<\/strong>\u00a0(CNE). Sobre este pedido a\u00fan resta resolver si ser\u00e1 en contra de todos los consejeros o algunos de ellos.<\/p>\n<p>Otros dos pedidos de juicio tienen que ver con el exministro de Transporte,\u00a0<strong>Dar\u00edo Herrera<\/strong>. El Presidente de la Asamblea se\u00f1al\u00f3 que ambos se podr\u00edan consolidar. Y, finalmente, hay uno en contra del exsecretario de Seguridad de Lasso,\u00a0<strong>Diego Ord\u00f3\u00f1ez<\/strong>.<\/p>\n<p>La nueva Asamblea ha planteado ya tres pedidos de\u00a0<strong>enjuiciamiento pol\u00edtico<\/strong>. El primero en contra del exministro de Energ\u00eda,\u00a0<strong>Fernando Santos Alvite<\/strong>. Est\u00e1 relacionado con la\u00a0<strong>crisis energ\u00e9tica<\/strong>\u00a0y lo plante\u00f3 la legisladora Nicole Saca.<\/p>\n<p>Otro exfuncionario de Lasso que enfrenta un proceso de interpelaci\u00f3n es\u00a0<strong>Juan Zapata<\/strong>, exprincipal del Interior. La solicitud fue presentada por el asamble\u00edsta\u00a0<strong>Carlos Vera<\/strong>.<\/p>\n<p>Despu\u00e9s de estos siete pedidos est\u00e1 el del corre\u00edsmo respecto a la fiscal Diana Salazar. El mismo Kronfle dijo que cada uno puede tomar, al menos, dos meses. Es decir, el\u00a0<strong>actual periodo\u00a0<\/strong>s\u00ed alcanzar\u00eda a tratar el tema antes de las\u00a0<strong>elecciones generales de 2025<\/strong>.<\/p>\n<p>En este momento todo depende de la mesa de Fiscalizaci\u00f3n en la cual no solo el corre\u00edsmo tiene\u00a0<strong>cuatro de nueve votos posibles<\/strong>, sino que tambi\u00e9n est\u00e1n otros integrantes del acuerdo como el\u00a0<strong>Partido Social Cristiano<\/strong>\u00a0(PSC) y el oficialista\u00a0<strong>ADN<\/strong>.<\/p>\n<p>El PSC ya ha anunciado que\u00a0<strong>no apoya el juicio\u00a0<\/strong>en contra de la Fiscal y, esta misma semana, el presidente de la Rep\u00fablica, Daniel Noboa, ratific\u00f3 que ADN\u00a0<strong>no votar\u00e1 a favor de esa iniciativa. (I)<\/strong><\/p>\n<p>Fuente: El Tel\u00e9grafo<\/p>\n","protected":false},"excerpt":{"rendered":"<p>Al\u00a0juicio pol\u00edtico a la fiscal Diana Salazar\u00a0le espera un largo proceso. Los pedidos de interpelaci\u00f3n que dej\u00f3 la anterior legislatura (2021-2023) sumado a las solicitudes de la nueva\u00a0Asamblea, ubican al proceso impulsado por el corre\u00edsmo, al final de una larga fila de pendientes. El pasado 7 de diciembre, el\u00a0Consejo de Administraci\u00f3n Legislativa\u00a0(CAL) calific\u00f3 el pedio presentado por la corre\u00edsta\u00a0Gissela Garz\u00f3n. Despu\u00e9s de eso envi\u00f3 el proceso a la\u00a0Comisi\u00f3n de Fiscalizaci\u00f3n, como lo determina la Ley Org\u00e1nica de la\u00a0Funci\u00f3n Legislativa. Sin embargo, el presidente de la Asamblea,\u00a0Henry Kronfle, aclar\u00f3 que ese pedido deber\u00e1 ponerse a la cola de lo que ya tiene la mesa legislativa. Pero, \u00bfqu\u00e9 procesos de juicio pol\u00edtico est\u00e1n pendientes? Todos tienen que ver con funcionarios del\u00a0expresidente Guillermo Lasso. Kronfle se\u00f1al\u00f3 que est\u00e1 pendiente un pedido en contra de los vocales del\u00a0Consejo de la Judicatura. En la anterior Asamblea tambi\u00e9n se plante\u00f3 una interpelaci\u00f3n a los vocales del\u00a0Consejo Nacional Electoral\u00a0(CNE). Sobre este pedido a\u00fan resta resolver si ser\u00e1 en contra de todos los consejeros o algunos de ellos. Otros dos pedidos de juicio tienen que ver con el exministro de Transporte,\u00a0Dar\u00edo Herrera. El Presidente de la Asamblea se\u00f1al\u00f3 que ambos se podr\u00edan consolidar. Y, finalmente, hay uno en contra del exsecretario de Seguridad de Lasso,\u00a0Diego Ord\u00f3\u00f1ez. La nueva Asamblea ha planteado ya tres pedidos de\u00a0enjuiciamiento pol\u00edtico. El primero en contra del exministro de Energ\u00eda,\u00a0Fernando Santos Alvite. Est\u00e1 relacionado con la\u00a0crisis energ\u00e9tica\u00a0y lo plante\u00f3 la legisladora Nicole Saca. Otro exfuncionario de Lasso que enfrenta un proceso de interpelaci\u00f3n es\u00a0Juan Zapata, exprincipal del Interior. La solicitud fue presentada por el asamble\u00edsta\u00a0Carlos Vera. Despu\u00e9s de estos siete pedidos est\u00e1 el del corre\u00edsmo respecto a la fiscal Diana Salazar. El mismo Kronfle dijo que cada uno puede tomar, al menos, dos meses. Es decir, el\u00a0actual periodo\u00a0s\u00ed alcanzar\u00eda a tratar el tema antes de las\u00a0elecciones generales de 2025. En este momento todo depende de la mesa de Fiscalizaci\u00f3n en la cual no solo el corre\u00edsmo tiene\u00a0cuatro de nueve votos posibles, sino que tambi\u00e9n est\u00e1n otros integrantes del acuerdo como el\u00a0Partido Social Cristiano\u00a0(PSC) y el oficialista\u00a0ADN. El PSC ya ha anunciado que\u00a0no apoya el juicio\u00a0en contra de la Fiscal y, esta misma semana, el presidente de la Rep\u00fablica, Daniel Noboa, ratific\u00f3 que ADN\u00a0no votar\u00e1 a favor de esa iniciativa. (I) Fuente: El Tel\u00e9grafo<\/p>\n","protected":false},"author":1,"featured_media":12651,"comment_status":"open","ping_status":"open","sticky":false,"template":"","format":"standard","meta":{"footnotes":""},"categories":[268],"tags":[],"class_list":["post-12649","post","type-post","status-publish","format-standard","has-post-thumbnail","hentry","category-nacionales"],"_links":{"self":[{"href":"https:\/\/www.elamazonico.com\/portal\/wp-json\/wp\/v2\/posts\/12649","targetHints":{"allow":["GET"]}}],"collection":[{"href":"https:\/\/www.elamazonico.com\/portal\/wp-json\/wp\/v2\/posts"}],"about":[{"href":"https:\/\/www.elamazonico.com\/portal\/wp-json\/wp\/v2\/types\/post"}],"author":[{"embeddable":true,"href":"https:\/\/www.elamazonico.com\/portal\/wp-json\/wp\/v2\/users\/1"}],"replies":[{"embeddable":true,"href":"https:\/\/www.elamazonico.com\/portal\/wp-json\/wp\/v2\/comments?post=12649"}],"version-history":[{"count":1,"href":"https:\/\/www.elamazonico.com\/portal\/wp-json\/wp\/v2\/posts\/12649\/revisions"}],"predecessor-version":[{"id":12652,"href":"https:\/\/www.elamazonico.com\/portal\/wp-json\/wp\/v2\/posts\/12649\/revisions\/12652"}],"wp:featuredmedia":[{"embeddable":true,"href":"https:\/\/www.elamazonico.com\/portal\/wp-json\/wp\/v2\/media\/12651"}],"wp:attachment":[{"href":"https:\/\/www.elamazonico.com\/portal\/wp-json\/wp\/v2\/media?parent=12649"}],"wp:term":[{"taxonomy":"category","embeddable":true,"href":"https:\/\/www.elamazonico.com\/portal\/wp-json\/wp\/v2\/categories?post=12649"},{"taxonomy":"post_tag","embeddable":true,"href":"https:\/\/www.elamazonico.com\/portal\/wp-json\/wp\/v2\/tags?post=12649"}],"curies":[{"name":"wp","href":"https:\/\/api.w.org\/{rel}","templated":true}]}}