{"id":12625,"date":"2023-12-07T09:09:26","date_gmt":"2023-12-07T14:09:26","guid":{"rendered":"https:\/\/www.elamazonico.comportal\/?p=12625"},"modified":"2023-12-07T09:09:26","modified_gmt":"2023-12-07T14:09:26","slug":"lasso-viajo-a-estados-unidos-por-asuntos-personales-y-familiares","status":"publish","type":"post","link":"https:\/\/www.elamazonico.com\/portal\/lasso-viajo-a-estados-unidos-por-asuntos-personales-y-familiares\/","title":{"rendered":"Lasso viaj\u00f3 a Estados Unidos por \u2018asuntos personales y familiares\u2019"},"content":{"rendered":"<p>El expresidente de la Rep\u00fablica, Guillermo Lasso, ha notificado a la Asamblea Nacional sobre su ausencia temporal del pa\u00eds, programada del 3 al 18 de diciembre, por asuntos de \u00edndole personal y familiar. El comunicado fue enviado al Parlamento el pasado 1 de diciembre y se hizo p\u00fablico el 6 de diciembre.<\/p>\n<p>La notificaci\u00f3n cumple con lo establecido en el art\u00edculo 144 de la Constituci\u00f3n, que se\u00f1ala que la presidenta o presidente de la Rep\u00fablica, durante su mandato y hasta un a\u00f1o despu\u00e9s de haber cesado en sus funciones, debe comunicar a la Asamblea Nacional, con antelaci\u00f3n a su salida, el periodo y las razones de su ausencia del pa\u00eds.<\/p>\n<p>El exministro de Gobierno, Henry Cucal\u00f3n, previamente indic\u00f3 que Guillermo Lasso no tiene la intenci\u00f3n de residir en otro pa\u00eds, pero que podr\u00eda realizar viajes eventuales por vacaciones o asuntos personales y de salud. (I)<\/p>\n<p>Ecuadorenvivo<\/p>\n","protected":false},"excerpt":{"rendered":"<p>El expresidente de la Rep\u00fablica, Guillermo Lasso, ha notificado a la Asamblea Nacional sobre su ausencia temporal del pa\u00eds, programada del 3 al 18 de diciembre, por asuntos de \u00edndole personal y familiar. El comunicado fue enviado al Parlamento el pasado 1 de diciembre y se hizo p\u00fablico el 6 de diciembre. La notificaci\u00f3n cumple con lo establecido en el art\u00edculo 144 de la Constituci\u00f3n, que se\u00f1ala que la presidenta o presidente de la Rep\u00fablica, durante su mandato y hasta un a\u00f1o despu\u00e9s de haber cesado en sus funciones, debe comunicar a la Asamblea Nacional, con antelaci\u00f3n a su salida, el periodo y las razones de su ausencia del pa\u00eds. El exministro de Gobierno, Henry Cucal\u00f3n, previamente indic\u00f3 que Guillermo Lasso no tiene la intenci\u00f3n de residir en otro pa\u00eds, pero que podr\u00eda realizar viajes eventuales por vacaciones o asuntos personales y de salud. (I) Ecuadorenvivo<\/p>\n","protected":false},"author":1,"featured_media":12626,"comment_status":"open","ping_status":"open","sticky":false,"template":"","format":"standard","meta":{"footnotes":""},"categories":[268],"tags":[],"class_list":["post-12625","post","type-post","status-publish","format-standard","has-post-thumbnail","hentry","category-nacionales"],"_links":{"self":[{"href":"https:\/\/www.elamazonico.com\/portal\/wp-json\/wp\/v2\/posts\/12625","targetHints":{"allow":["GET"]}}],"collection":[{"href":"https:\/\/www.elamazonico.com\/portal\/wp-json\/wp\/v2\/posts"}],"about":[{"href":"https:\/\/www.elamazonico.com\/portal\/wp-json\/wp\/v2\/types\/post"}],"author":[{"embeddable":true,"href":"https:\/\/www.elamazonico.com\/portal\/wp-json\/wp\/v2\/users\/1"}],"replies":[{"embeddable":true,"href":"https:\/\/www.elamazonico.com\/portal\/wp-json\/wp\/v2\/comments?post=12625"}],"version-history":[{"count":1,"href":"https:\/\/www.elamazonico.com\/portal\/wp-json\/wp\/v2\/posts\/12625\/revisions"}],"predecessor-version":[{"id":12627,"href":"https:\/\/www.elamazonico.com\/portal\/wp-json\/wp\/v2\/posts\/12625\/revisions\/12627"}],"wp:featuredmedia":[{"embeddable":true,"href":"https:\/\/www.elamazonico.com\/portal\/wp-json\/wp\/v2\/media\/12626"}],"wp:attachment":[{"href":"https:\/\/www.elamazonico.com\/portal\/wp-json\/wp\/v2\/media?parent=12625"}],"wp:term":[{"taxonomy":"category","embeddable":true,"href":"https:\/\/www.elamazonico.com\/portal\/wp-json\/wp\/v2\/categories?post=12625"},{"taxonomy":"post_tag","embeddable":true,"href":"https:\/\/www.elamazonico.com\/portal\/wp-json\/wp\/v2\/tags?post=12625"}],"curies":[{"name":"wp","href":"https:\/\/api.w.org\/{rel}","templated":true}]}}