{"id":1248,"date":"2021-10-01T10:50:55","date_gmt":"2021-10-01T15:50:55","guid":{"rendered":"https:\/\/www.elamazonico.com\/portal\/?p=1248"},"modified":"2021-10-01T10:50:58","modified_gmt":"2021-10-01T15:50:58","slug":"cada-1-de-octubre-se-celebra-el-dia-del-pasillo-ecuatoriano","status":"publish","type":"post","link":"https:\/\/www.elamazonico.com\/portal\/cada-1-de-octubre-se-celebra-el-dia-del-pasillo-ecuatoriano\/","title":{"rendered":"Cada 1 de octubre se celebra el D\u00eda del Pasillo ecuatoriano"},"content":{"rendered":"\n<p>Desde&nbsp;1993, por Decreto Ejecutivo en la presidencia de Sixto Duran Ball\u00e9n, se declar\u00f3 al 1 de octubre de cada a\u00f1o como D\u00eda del Pasillo Ecuatoriano, ya que el popular Julio Jaramillo o m\u00e1s conocido como el \u201cRuise\u00f1or de Am\u00e9rica\u201d, cantautor e int\u00e9rprete de varias melod\u00edas con este g\u00e9nero, naci\u00f3 en Guayaquil, el 1 de octubre de 1935.<\/p>\n\n\n\n<p>Estas son las actividades que se realizar\u00e1n en este d\u00eda especial:&nbsp;<\/p>\n\n\n\n<p>-La&nbsp;Orquesta Sinf\u00f3nica Nacional&nbsp;del&nbsp;Ecuador&nbsp;dar\u00e1 el&nbsp;concierto Pasillo Sinf\u00f3nico&nbsp;bajo la direcci\u00f3n de Yury Sobolev, con&nbsp;Margarita Laso&nbsp;y&nbsp;Gerardo Mor\u00e1n&nbsp;como solistas y el&nbsp;Tr\u00edo Alvarado,&nbsp;en la Casa de la M\u00fasica.<\/p>\n\n\n\n<p>-A las 19:00 en el Teatro Nacional Sucre de Quito, la Fundaci\u00f3n&nbsp;Teatro Nacional Sucre&nbsp;dar\u00e1 un&nbsp;concierto&nbsp;cantado e instrumental&nbsp;Pasillo: de la danza a la s\u00e1tira, dirigido por Luis Castro, con el ensamble de la Banda Sinf\u00f3nica Metropolitana de Quito junto a Chinatsu Maeda. La interpretaci\u00f3n lo har\u00e1n&nbsp;Karla&nbsp;Kanora, Israel&nbsp;Brito&nbsp;y Julio&nbsp;Andrade. Entre las piezas musicales est\u00e1n&nbsp;Sombras, El alma en los labios, Cantares del alma,&nbsp;Lamparilla, entre otros.<\/p>\n\n\n\n<p>-La\u00a0Presidencia\u00a0de la\u00a0Rep\u00fablica\u00a0del\u00a0Ecuador\u00a0y el\u00a0Museo Escuela\u00a0del\u00a0Pasillo\u00a0rinden homenaje al pasillo ecuatoriano con el lanzamiento del\u00a0\u00e1lbum digital\u00a0\u2018Pasillo eterno\u2019.\u00a0 (I)<\/p>\n\n\n\n<p>El Tel\u00e9grafo<\/p>\n","protected":false},"excerpt":{"rendered":"<p>Desde&nbsp;1993, por Decreto Ejecutivo en la presidencia de Sixto Duran Ball\u00e9n, se declar\u00f3 al 1 de octubre de cada a\u00f1o como D\u00eda del Pasillo Ecuatoriano, ya que el popular Julio Jaramillo o m\u00e1s conocido como el \u201cRuise\u00f1or de Am\u00e9rica\u201d, cantautor e int\u00e9rprete de varias melod\u00edas con este g\u00e9nero, naci\u00f3 en Guayaquil, el 1 de octubre de 1935. Estas son las actividades que se realizar\u00e1n en este d\u00eda especial:&nbsp; -La&nbsp;Orquesta Sinf\u00f3nica Nacional&nbsp;del&nbsp;Ecuador&nbsp;dar\u00e1 el&nbsp;concierto Pasillo Sinf\u00f3nico&nbsp;bajo la direcci\u00f3n de Yury Sobolev, con&nbsp;Margarita Laso&nbsp;y&nbsp;Gerardo Mor\u00e1n&nbsp;como solistas y el&nbsp;Tr\u00edo Alvarado,&nbsp;en la Casa de la M\u00fasica. -A las 19:00 en el Teatro Nacional Sucre de Quito, la Fundaci\u00f3n&nbsp;Teatro Nacional Sucre&nbsp;dar\u00e1 un&nbsp;concierto&nbsp;cantado e instrumental&nbsp;Pasillo: de la danza a la s\u00e1tira, dirigido por Luis Castro, con el ensamble de la Banda Sinf\u00f3nica Metropolitana de Quito junto a Chinatsu Maeda. La interpretaci\u00f3n lo har\u00e1n&nbsp;Karla&nbsp;Kanora, Israel&nbsp;Brito&nbsp;y Julio&nbsp;Andrade. Entre las piezas musicales est\u00e1n&nbsp;Sombras, El alma en los labios, Cantares del alma,&nbsp;Lamparilla, entre otros. -La\u00a0Presidencia\u00a0de la\u00a0Rep\u00fablica\u00a0del\u00a0Ecuador\u00a0y el\u00a0Museo Escuela\u00a0del\u00a0Pasillo\u00a0rinden homenaje al pasillo ecuatoriano con el lanzamiento del\u00a0\u00e1lbum digital\u00a0\u2018Pasillo eterno\u2019.\u00a0 (I) El Tel\u00e9grafo<\/p>\n","protected":false},"author":1,"featured_media":1249,"comment_status":"open","ping_status":"open","sticky":false,"template":"","format":"standard","meta":{"footnotes":""},"categories":[268],"tags":[],"class_list":["post-1248","post","type-post","status-publish","format-standard","has-post-thumbnail","hentry","category-nacionales"],"_links":{"self":[{"href":"https:\/\/www.elamazonico.com\/portal\/wp-json\/wp\/v2\/posts\/1248","targetHints":{"allow":["GET"]}}],"collection":[{"href":"https:\/\/www.elamazonico.com\/portal\/wp-json\/wp\/v2\/posts"}],"about":[{"href":"https:\/\/www.elamazonico.com\/portal\/wp-json\/wp\/v2\/types\/post"}],"author":[{"embeddable":true,"href":"https:\/\/www.elamazonico.com\/portal\/wp-json\/wp\/v2\/users\/1"}],"replies":[{"embeddable":true,"href":"https:\/\/www.elamazonico.com\/portal\/wp-json\/wp\/v2\/comments?post=1248"}],"version-history":[{"count":1,"href":"https:\/\/www.elamazonico.com\/portal\/wp-json\/wp\/v2\/posts\/1248\/revisions"}],"predecessor-version":[{"id":1250,"href":"https:\/\/www.elamazonico.com\/portal\/wp-json\/wp\/v2\/posts\/1248\/revisions\/1250"}],"wp:featuredmedia":[{"embeddable":true,"href":"https:\/\/www.elamazonico.com\/portal\/wp-json\/wp\/v2\/media\/1249"}],"wp:attachment":[{"href":"https:\/\/www.elamazonico.com\/portal\/wp-json\/wp\/v2\/media?parent=1248"}],"wp:term":[{"taxonomy":"category","embeddable":true,"href":"https:\/\/www.elamazonico.com\/portal\/wp-json\/wp\/v2\/categories?post=1248"},{"taxonomy":"post_tag","embeddable":true,"href":"https:\/\/www.elamazonico.com\/portal\/wp-json\/wp\/v2\/tags?post=1248"}],"curies":[{"name":"wp","href":"https:\/\/api.w.org\/{rel}","templated":true}]}}