{"id":12379,"date":"2023-11-21T08:16:30","date_gmt":"2023-11-21T13:16:30","guid":{"rendered":"https:\/\/www.elamazonico.com\/portal\/?p=12379"},"modified":"2023-11-21T08:16:30","modified_gmt":"2023-11-21T13:16:30","slug":"eliminatorias-las-posibles-alineaciones-de-ecuador-y-chile-para-el-duelo-en-el-rodrigo-paz-delgado","status":"publish","type":"post","link":"https:\/\/www.elamazonico.com\/portal\/eliminatorias-las-posibles-alineaciones-de-ecuador-y-chile-para-el-duelo-en-el-rodrigo-paz-delgado\/","title":{"rendered":"Eliminatorias: Las posibles alineaciones de Ecuador y Chile para el duelo en el Rodrigo Paz Delgado"},"content":{"rendered":"<p><strong>Ecuador<\/strong>\u00a0y Chile se enfrentar\u00e1n este martes 21 de noviembre de 2023 en el estadio Rodrigo Paz Delgado, desde las 18:30, por la sexta fecha de las Eliminatorias al Mundial 2026.<\/p>\n<p>Con cinco puntos, las dos selecciones est\u00e1n separadas en la tabla de posiciones solamente por el\u00a0<strong>gol diferencia<\/strong>\u00a0(1-3).<\/p>\n<p>Para este compromiso, el entrenador\u00a0<strong>F\u00e9lix S\u00e1nchez Bas<\/strong>\u00a0recupera al volante Carlos Gruezo. \u00c9l se perdi\u00f3 el duelo en Venezuela por acumulaci\u00f3n de tarjetas amarillas.<\/p>\n<p>En cambio, no tendr\u00e1 Piero Hincapi\u00e9, ni Jos\u00e9 Cifuentes. Ambos recibieron la segunda amarilla en la fecha anterior y est\u00e1n suspendidos.<\/p>\n<p>Estas bajas se suman a Enner Valencia, Jhoanner Ch\u00e1vez,<strong>\u00a0John Yeboah<\/strong>\u00a0y Pervis Estupi\u00f1\u00e1n, quienes est\u00e1n lesionados.<\/p>\n<p>S\u00e1nchez Bas anticip\u00f3 que har\u00eda\u00a0<strong>cambios<\/strong>\u00a0en la formaci\u00f3n. Una de las principales apuestas ser\u00eda el regreso a la l\u00ednea de tres, adem\u00e1s de variantes en la ofensiva.<\/p>\n<p><strong>Leonardo Campana<\/strong>\u00a0y Jordy Caicedo\u00a0seguir\u00e1n esperando en el banco de suplentes;\u00a0Kevin Rodr\u00edguez\u00a0ir\u00e1\u00a0por un costado\u00a0acompa\u00f1ado por Jhojan Julio.<\/p>\n<p>En la defensa estar\u00eda Leonel Qui\u00f1\u00f3nez o<strong>\u00a0An\u00edbal Chal\u00e1<\/strong>\u00a0en lugar de Hincapi\u00e9 y Carlos Gruezo por Jos\u00e9 Cifuentes.<\/p>\n<p>En Chile,\u00a0<strong>Nicol\u00e1s C\u00f3rdova<\/strong>\u00a0asumi\u00f3 por encargo la direcci\u00f3n t\u00e9cnica tras la renuncia de Eduardo Berizzo.<\/p>\n<p>Adem\u00e1s, no jugar\u00e1n\u00a0<strong>Gary Medel<\/strong>, ni V\u00edctor M\u00e9ndez, por suspensi\u00f3n. Mat\u00edas Fern\u00e1ndez fue desafectado por problemas legales.<\/p>\n<p><strong>LAS POSIBLES FORMACIONES:<\/strong><\/p>\n<p><strong>ECUADOR:<\/strong>\u00a0Dom\u00ednguez; Torres, Arboleda y Pacho; Preciado, Gruezo, M. Caicedo y Qui\u00f1\u00f3nez; P\u00e1ez, Rodr\u00edguez y Julio.<\/p>\n<p><strong>CHILE:<\/strong> Cort\u00e9s; Catal\u00e1n, Marip\u00e1n, D\u00edaz y Suazo; Echeverr\u00eda, Pulgar y N\u00fa\u00f1ez; D\u00e1vila, Brereton y S\u00e1nchez. <strong>Fuente: El Tel\u00e9grafo<\/strong><\/p>\n","protected":false},"excerpt":{"rendered":"<p>Ecuador\u00a0y Chile se enfrentar\u00e1n este martes 21 de noviembre de 2023 en el estadio Rodrigo Paz Delgado, desde las 18:30, por la sexta fecha de las Eliminatorias al Mundial 2026. Con cinco puntos, las dos selecciones est\u00e1n separadas en la tabla de posiciones solamente por el\u00a0gol diferencia\u00a0(1-3). Para este compromiso, el entrenador\u00a0F\u00e9lix S\u00e1nchez Bas\u00a0recupera al volante Carlos Gruezo. \u00c9l se perdi\u00f3 el duelo en Venezuela por acumulaci\u00f3n de tarjetas amarillas. En cambio, no tendr\u00e1 Piero Hincapi\u00e9, ni Jos\u00e9 Cifuentes. Ambos recibieron la segunda amarilla en la fecha anterior y est\u00e1n suspendidos. Estas bajas se suman a Enner Valencia, Jhoanner Ch\u00e1vez,\u00a0John Yeboah\u00a0y Pervis Estupi\u00f1\u00e1n, quienes est\u00e1n lesionados. S\u00e1nchez Bas anticip\u00f3 que har\u00eda\u00a0cambios\u00a0en la formaci\u00f3n. Una de las principales apuestas ser\u00eda el regreso a la l\u00ednea de tres, adem\u00e1s de variantes en la ofensiva. Leonardo Campana\u00a0y Jordy Caicedo\u00a0seguir\u00e1n esperando en el banco de suplentes;\u00a0Kevin Rodr\u00edguez\u00a0ir\u00e1\u00a0por un costado\u00a0acompa\u00f1ado por Jhojan Julio. En la defensa estar\u00eda Leonel Qui\u00f1\u00f3nez o\u00a0An\u00edbal Chal\u00e1\u00a0en lugar de Hincapi\u00e9 y Carlos Gruezo por Jos\u00e9 Cifuentes. En Chile,\u00a0Nicol\u00e1s C\u00f3rdova\u00a0asumi\u00f3 por encargo la direcci\u00f3n t\u00e9cnica tras la renuncia de Eduardo Berizzo. Adem\u00e1s, no jugar\u00e1n\u00a0Gary Medel, ni V\u00edctor M\u00e9ndez, por suspensi\u00f3n. Mat\u00edas Fern\u00e1ndez fue desafectado por problemas legales. LAS POSIBLES FORMACIONES: ECUADOR:\u00a0Dom\u00ednguez; Torres, Arboleda y Pacho; Preciado, Gruezo, M. Caicedo y Qui\u00f1\u00f3nez; P\u00e1ez, Rodr\u00edguez y Julio. CHILE: Cort\u00e9s; Catal\u00e1n, Marip\u00e1n, D\u00edaz y Suazo; Echeverr\u00eda, Pulgar y N\u00fa\u00f1ez; D\u00e1vila, Brereton y S\u00e1nchez. Fuente: El Tel\u00e9grafo<\/p>\n","protected":false},"author":1,"featured_media":12380,"comment_status":"open","ping_status":"open","sticky":false,"template":"","format":"standard","meta":{"footnotes":""},"categories":[6],"tags":[],"class_list":["post-12379","post","type-post","status-publish","format-standard","has-post-thumbnail","hentry","category-deportes"],"_links":{"self":[{"href":"https:\/\/www.elamazonico.com\/portal\/wp-json\/wp\/v2\/posts\/12379","targetHints":{"allow":["GET"]}}],"collection":[{"href":"https:\/\/www.elamazonico.com\/portal\/wp-json\/wp\/v2\/posts"}],"about":[{"href":"https:\/\/www.elamazonico.com\/portal\/wp-json\/wp\/v2\/types\/post"}],"author":[{"embeddable":true,"href":"https:\/\/www.elamazonico.com\/portal\/wp-json\/wp\/v2\/users\/1"}],"replies":[{"embeddable":true,"href":"https:\/\/www.elamazonico.com\/portal\/wp-json\/wp\/v2\/comments?post=12379"}],"version-history":[{"count":1,"href":"https:\/\/www.elamazonico.com\/portal\/wp-json\/wp\/v2\/posts\/12379\/revisions"}],"predecessor-version":[{"id":12381,"href":"https:\/\/www.elamazonico.com\/portal\/wp-json\/wp\/v2\/posts\/12379\/revisions\/12381"}],"wp:featuredmedia":[{"embeddable":true,"href":"https:\/\/www.elamazonico.com\/portal\/wp-json\/wp\/v2\/media\/12380"}],"wp:attachment":[{"href":"https:\/\/www.elamazonico.com\/portal\/wp-json\/wp\/v2\/media?parent=12379"}],"wp:term":[{"taxonomy":"category","embeddable":true,"href":"https:\/\/www.elamazonico.com\/portal\/wp-json\/wp\/v2\/categories?post=12379"},{"taxonomy":"post_tag","embeddable":true,"href":"https:\/\/www.elamazonico.com\/portal\/wp-json\/wp\/v2\/tags?post=12379"}],"curies":[{"name":"wp","href":"https:\/\/api.w.org\/{rel}","templated":true}]}}