{"id":12360,"date":"2023-11-21T06:54:19","date_gmt":"2023-11-21T11:54:19","guid":{"rendered":"https:\/\/www.elamazonico.com\/portal\/?p=12360"},"modified":"2023-11-21T06:55:20","modified_gmt":"2023-11-21T11:55:20","slug":"hoy-comienza-el-fin-de-la-decadencia-argentina-frases-de-milei-durante-primer-discurso","status":"publish","type":"post","link":"https:\/\/www.elamazonico.com\/portal\/hoy-comienza-el-fin-de-la-decadencia-argentina-frases-de-milei-durante-primer-discurso\/","title":{"rendered":"&#8216;Hoy comienza el fin de la decadencia argentina&#8217;: frases de Milei durante primer discurso"},"content":{"rendered":"<p>Ante una multitud visiblemente euf\u00f3rica que gritaba \u00ablibertad, libertad, libertad\u00bb, el economista libertario Javier Milei dio un discurso de 13 minutos como presidente electo del pa\u00eds en el que reiter\u00f3 su promesa de hacer que Argentina retome el camino para ser una potencia mundial.<\/p>\n<p>Su hermana, Karina Milei, estratega de la campa\u00f1a y a quien el presidente electo llama \u00abel jefe\u00bb (en masculino), fue la encargada de presentarlo como presidente electo tras su triunfo de este domingo ante el ministro de Econom\u00eda, Sergio Massa.<\/p>\n<p>Milei logr\u00f3 el triunfo al presentarse como un outsider antisistema y aprovechar el descontento por la crisis econ\u00f3mica del pa\u00eds, que sufre una elevada inflaci\u00f3n del 140%.<\/p>\n<p>Estas son las principales frases de su primer discurso tras el triunfo electoral, recogidas por BBC Mundo:<\/p>\n<ul>\n<li>\u00abHoy comienza la reconstrucci\u00f3n de Argentina\u00bb<\/li>\n<li>\u00abGracias al equipo que viene trabajando hace dos a\u00f1os para transformar la Argentina y para lograr el milagro de tener un presidente liberal libertario\u00bb.<\/li>\n<li>\u00abDesinteresadamente, en un acto de grandeza como no se ha visto nunca en la historia argentina, pusieron el cuerpo para defender el cambio que la Argentina necesita\u00bb, agradeci\u00f3 al expresidente Mauricio Macri y a la excandidata Patricia Bullrich, que lo respald\u00f3 tras quedar fuera del balotaje.<\/li>\n<li>\u00abTodos aquellos que quieran sumarse a la nueva Argentina est\u00e1n bienvenidos. Es m\u00e1s importante lo que nos une que lo que nos separa\u00bb.<\/li>\n<li>\u00abHoy se termina el modelo empobrecedor del estado omnipresente, que solo beneficia a algunos mientras la mayor\u00eda de los argentinos sufren\u00bb.<\/li>\n<li>\u00abHoy se termina la idea de que el estado es un bot\u00edn a repartirse entre los pol\u00edticos y sus amigos\u00bb, dijo en un mensaje consonante con su discurso a lo largo de la campa\u00f1a, en el que critic\u00f3 constantemente a la \u00abcasta\u00bb pol\u00edtica.<\/li>\n<li>\u00abHoy es una noche hist\u00f3rica, no por nosotros, sino porque se ha terminado una forma de hacer pol\u00edtica y comienza otra\u00bb.<\/li>\n<li>\u00abHoy volvemos a abrazar las ideas de la libertad, las ideas nuestros padres fundadores\u00bb, a\u00f1adi\u00f3. Las resumi\u00f3 como \u00abun gobierno limitado\u00bb, \u00abrespeto a la libertad privada y al comercio libre\u00bb.<\/li>\n<li>Al actual gobierno pidi\u00f3 \u00abque se hagan cargo de su responsabilidad hasta el final del mandato el 10 del 12 (diciembre)\u00bb. Se refer\u00eda al discurso de su contrincante Sergio Massa, quien afirm\u00f3 \u00abdesde ma\u00f1ana, la responsabilidad, la tarea de dar certezas es responsabilidad del nuevo presidente\u00bb.<\/li>\n<li>\u00abLa situaci\u00f3n de Argentina es cr\u00edtica. Los cambios que nuestro pa\u00eds necesita son dr\u00e1sticos. No hay lugar para gradualismo, no hay lugar para la tibieza, no hay lugar para medias tintas\u00bb.<\/li>\n<li>\u00abTenemos problemas monumentales por delante: la inflaci\u00f3n, el estancamiento, la falta de empleo genuino, la inseguridad, la pobreza y la indigencia\u00bb.<\/li>\n<li>\u00abA pesar de los problemas enormes, quiero decirles que Argentina tiene futuro, pero ese futuro existe si ese futuro es liberal\u00bb.<\/li>\n<li>Termin\u00f3 con su ic\u00f3nico grito de \u00abviva la libertad, carajo\u00bb y un \u00abDios bendiga a los argentinos\u00bb.<\/li>\n<\/ul>\n<p>Se prev\u00e9 que Javier Milei se asuma la Presidencia de Argentina el pr\u00f3ximo 10 de diciembre de 2023. <strong>Fuente: Ecuador en vivo<\/strong><\/p>\n","protected":false},"excerpt":{"rendered":"<p>Ante una multitud visiblemente euf\u00f3rica que gritaba \u00ablibertad, libertad, libertad\u00bb, el economista libertario Javier Milei dio un discurso de 13 minutos como presidente electo del pa\u00eds en el que reiter\u00f3 su promesa de hacer que Argentina retome el camino para ser una potencia mundial. Su hermana, Karina Milei, estratega de la campa\u00f1a y a quien el presidente electo llama \u00abel jefe\u00bb (en masculino), fue la encargada de presentarlo como presidente electo tras su triunfo de este domingo ante el ministro de Econom\u00eda, Sergio Massa. Milei logr\u00f3 el triunfo al presentarse como un outsider antisistema y aprovechar el descontento por la crisis econ\u00f3mica del pa\u00eds, que sufre una elevada inflaci\u00f3n del 140%. Estas son las principales frases de su primer discurso tras el triunfo electoral, recogidas por BBC Mundo: \u00abHoy comienza la reconstrucci\u00f3n de Argentina\u00bb \u00abGracias al equipo que viene trabajando hace dos a\u00f1os para transformar la Argentina y para lograr el milagro de tener un presidente liberal libertario\u00bb. \u00abDesinteresadamente, en un acto de grandeza como no se ha visto nunca en la historia argentina, pusieron el cuerpo para defender el cambio que la Argentina necesita\u00bb, agradeci\u00f3 al expresidente Mauricio Macri y a la excandidata Patricia Bullrich, que lo respald\u00f3 tras quedar fuera del balotaje. \u00abTodos aquellos que quieran sumarse a la nueva Argentina est\u00e1n bienvenidos. Es m\u00e1s importante lo que nos une que lo que nos separa\u00bb. \u00abHoy se termina el modelo empobrecedor del estado omnipresente, que solo beneficia a algunos mientras la mayor\u00eda de los argentinos sufren\u00bb. \u00abHoy se termina la idea de que el estado es un bot\u00edn a repartirse entre los pol\u00edticos y sus amigos\u00bb, dijo en un mensaje consonante con su discurso a lo largo de la campa\u00f1a, en el que critic\u00f3 constantemente a la \u00abcasta\u00bb pol\u00edtica. \u00abHoy es una noche hist\u00f3rica, no por nosotros, sino porque se ha terminado una forma de hacer pol\u00edtica y comienza otra\u00bb. \u00abHoy volvemos a abrazar las ideas de la libertad, las ideas nuestros padres fundadores\u00bb, a\u00f1adi\u00f3. Las resumi\u00f3 como \u00abun gobierno limitado\u00bb, \u00abrespeto a la libertad privada y al comercio libre\u00bb. Al actual gobierno pidi\u00f3 \u00abque se hagan cargo de su responsabilidad hasta el final del mandato el 10 del 12 (diciembre)\u00bb. Se refer\u00eda al discurso de su contrincante Sergio Massa, quien afirm\u00f3 \u00abdesde ma\u00f1ana, la responsabilidad, la tarea de dar certezas es responsabilidad del nuevo presidente\u00bb. \u00abLa situaci\u00f3n de Argentina es cr\u00edtica. Los cambios que nuestro pa\u00eds necesita son dr\u00e1sticos. No hay lugar para gradualismo, no hay lugar para la tibieza, no hay lugar para medias tintas\u00bb. \u00abTenemos problemas monumentales por delante: la inflaci\u00f3n, el estancamiento, la falta de empleo genuino, la inseguridad, la pobreza y la indigencia\u00bb. \u00abA pesar de los problemas enormes, quiero decirles que Argentina tiene futuro, pero ese futuro existe si ese futuro es liberal\u00bb. Termin\u00f3 con su ic\u00f3nico grito de \u00abviva la libertad, carajo\u00bb y un \u00abDios bendiga a los argentinos\u00bb. Se prev\u00e9 que Javier Milei se asuma la Presidencia de Argentina el pr\u00f3ximo 10 de diciembre de 2023. Fuente: Ecuador en vivo<\/p>\n","protected":false},"author":1,"featured_media":12361,"comment_status":"open","ping_status":"open","sticky":false,"template":"","format":"standard","meta":{"footnotes":""},"categories":[5],"tags":[],"class_list":["post-12360","post","type-post","status-publish","format-standard","has-post-thumbnail","hentry","category-internacionales"],"_links":{"self":[{"href":"https:\/\/www.elamazonico.com\/portal\/wp-json\/wp\/v2\/posts\/12360","targetHints":{"allow":["GET"]}}],"collection":[{"href":"https:\/\/www.elamazonico.com\/portal\/wp-json\/wp\/v2\/posts"}],"about":[{"href":"https:\/\/www.elamazonico.com\/portal\/wp-json\/wp\/v2\/types\/post"}],"author":[{"embeddable":true,"href":"https:\/\/www.elamazonico.com\/portal\/wp-json\/wp\/v2\/users\/1"}],"replies":[{"embeddable":true,"href":"https:\/\/www.elamazonico.com\/portal\/wp-json\/wp\/v2\/comments?post=12360"}],"version-history":[{"count":2,"href":"https:\/\/www.elamazonico.com\/portal\/wp-json\/wp\/v2\/posts\/12360\/revisions"}],"predecessor-version":[{"id":12363,"href":"https:\/\/www.elamazonico.com\/portal\/wp-json\/wp\/v2\/posts\/12360\/revisions\/12363"}],"wp:featuredmedia":[{"embeddable":true,"href":"https:\/\/www.elamazonico.com\/portal\/wp-json\/wp\/v2\/media\/12361"}],"wp:attachment":[{"href":"https:\/\/www.elamazonico.com\/portal\/wp-json\/wp\/v2\/media?parent=12360"}],"wp:term":[{"taxonomy":"category","embeddable":true,"href":"https:\/\/www.elamazonico.com\/portal\/wp-json\/wp\/v2\/categories?post=12360"},{"taxonomy":"post_tag","embeddable":true,"href":"https:\/\/www.elamazonico.com\/portal\/wp-json\/wp\/v2\/tags?post=12360"}],"curies":[{"name":"wp","href":"https:\/\/api.w.org\/{rel}","templated":true}]}}