{"id":12357,"date":"2023-11-21T06:51:44","date_gmt":"2023-11-21T11:51:44","guid":{"rendered":"https:\/\/www.elamazonico.com\/portal\/?p=12357"},"modified":"2023-11-21T06:52:34","modified_gmt":"2023-11-21T11:52:34","slug":"quien-es-milei-el-profeta-de-la-dolarizacion-esto-se-sabe-sobre-la-vida-de-el-peluca-y-sus-propuestas","status":"publish","type":"post","link":"https:\/\/www.elamazonico.com\/portal\/quien-es-milei-el-profeta-de-la-dolarizacion-esto-se-sabe-sobre-la-vida-de-el-peluca-y-sus-propuestas\/","title":{"rendered":"\u00bfQui\u00e9n es Milei, el profeta de la dolarizaci\u00f3n? Esto se sabe sobre la vida de \u00abel Peluca\u00bb y sus propuestas"},"content":{"rendered":"<p class=\"p_0\">Con declaraciones en contra de la \u00abcasta pol\u00edtica\u00a0<b>parasitaria<\/b>\u00a0y chorra [ladrona]\u00bb, el libertario Javier Milei convenci\u00f3 a m\u00e1s de la mitad de los argentinos de \u00ab<b>dinamitar<\/b>\u00bb el\u00a0<b>Banco Central<\/b>, reducir el tama\u00f1o del Estado y recortar el gasto p\u00fablico.<\/p>\n<p class=\"p_1\">Irascible, franco, espont\u00e1neo, el economista de ultraderecha se dio a conocer gracias a la vehemencia de sus diatribas econ\u00f3micas y rompi\u00f3 el molde del bipartidismo pol\u00edtico argentino hasta alcanzar la\u00a0<b>Presidencia\u00a0<\/b>este domingo con la promesa de la<b>\u00a0dolarizaci\u00f3n<\/b>.<\/p>\n<p class=\"p_2\">Argentina navega por una<b>\u00a0inflaci\u00f3n\u00a0<\/b>anual de tres d\u00edgitos y una\u00a0<b>pobreza\u00a0<\/b>que toca al 40% de su poblaci\u00f3n. Es en el contexto de estos pesares econ\u00f3micos que los votantes eligieron su disruptivo programa en lugar de la propuesta de su rival, el ministro de Econom\u00eda\u00a0<b>Sergio Massa<\/b>, un peronista de centro.<\/p>\n<p class=\"p_3\">Milei niega que exista una\u00a0<b>brecha salarial<\/b>\u00a0entre hombres y mujeres, considera el\u00a0<b>aborto<\/b>\u00a0un asesinato y estima que \u00ablas pol\u00edticas que culpan al ser humano del\u00a0<b>cambio clim\u00e1tico<\/b>\u00a0son falsas\u00bb.<\/p>\n<p class=\"p_4\">Tambi\u00e9n rechaza el consenso de<b>\u00a030.000 desaparecidos<\/b>\u00a0durante la \u00faltima\u00a0<b>dictadura<\/b>\u00a0(1976-1983) establecido por organizaciones de derechos humanos, al estimar en menos de la tercera parte esa cifra.<\/p>\n<p class=\"p_5\">Con propuestas como estas, que antes en Argentina \u00aberan marginales y ahora se volvieron centrales\u00bb, se convirti\u00f3 en un l\u00edder de \u00abuna relevancia p\u00fablica inusitada para la<b>\u00a0derecha m\u00e1s dura\u00a0<\/b>en Argentina\u00bb, dijo a la AFP Gabriel Vommaro, polit\u00f3logo de la Universidad de San Mart\u00edn.<\/p>\n<p class=\"p_6\"><b>\u00abHabla como yo\u00bb<\/b><\/p>\n<p class=\"p_7\">Milei canaliz\u00f3 la rabia de quienes est\u00e1n decepcionados del\u00a0<b>peronismo<\/b>, la corriente pol\u00edtica que ha marcado la historia de Argentina desde los a\u00f1os 1940 creada en torno de la figura del militar populista Juan\u00a0<b>Domingo Per\u00f3n<\/b>.<\/p>\n<p class=\"p_8\">\u00abLa gente empieza a escuchar a un se\u00f1or indignado que parece enajenado, y piensa &#8216;finalmente alguien habla como yo&#8217;, porque tiene la\u00a0<b>franqueza<\/b>\u00a0de decir las cosas\u00bb, se\u00f1al\u00f3 Bel\u00e9n Amadeo, polit\u00f3loga de la Universidad de Buenos Aires, a la AFP.<\/p>\n<p class=\"p_9\">Sin embargo, su estilo inicialmente muy\u00a0<b>confrontativo<\/b>\u00a0no sobrevivi\u00f3 m\u00e1s all\u00e1 de la primera vuelta electoral de octubre, en la que sac\u00f3 30% de los votos.<\/p>\n<p class=\"p_10\">Debi\u00f3 buscar acuerdos y, para eso, apagar sus incendiarias declaraciones. As\u00ed consigui\u00f3 el apoyo de la conservadora y anterior rival,\u00a0<b>Patricia Bullrich<\/b>, y el benepl\u00e1cito del expresidente liberal\u00a0<b>Mauricio Macri<\/b>\u00a0(2015-2019).<\/p>\n<p class=\"p_11\">Milei \u00abha venido a representar a muchos ciudadanos de pie que se cansaron\u00bb, dijo Macri en un di\u00e1logo con el centro de estudios Wilson Center de Washington.<\/p>\n<p class=\"p_12\">De cabellera abundante y alborotada por la cual es apodado \u00ab<b>el Peluca<\/b>\u00ab, el presidente electo de 53 a\u00f1os es con frecuencia tildado tambi\u00e9n de \u00ab<b>loco<\/b>\u00ab.<\/p>\n<p class=\"p_13\">A estos motes, \u00e9l respond\u00eda durante la campa\u00f1a: \u00ab\u00bfSabe cu\u00e1l es la diferencia entre un genio y un loco?<b>\u00a0El \u00e9xito<\/b>\u00ab.<\/p>\n<p class=\"p_14\"><b>Nacido en la TV<\/b><\/p>\n<p class=\"p_15\">Milei como &#8216;influencer&#8217; naci\u00f3 en la televisi\u00f3n en 2015, participando en furibundas tertulias econ\u00f3micas. Luego, sus comentarios alimentaron las redes sociales y alcanzaron a los j\u00f3venes, para muchos de los cuales su discurso fue novedoso y rebelde.<\/p>\n<p class=\"p_16\">Mat\u00edas Esoukourian, un estudiante de econom\u00eda de 19 a\u00f1os, coment\u00f3 que esta es la raz\u00f3n por la cual lo sigue. \u00abNo tiene experiencia y muchas veces eso se nota\u00bb, dijo el joven. \u00abPero cuando lo ves hablar del tema econ\u00f3mico se ve que detr\u00e1s de lo que dice hay pasi\u00f3n y conocimiento\u00bb.<\/p>\n<p class=\"p_17\">Milei trabaj\u00f3 en el\u00a0<b>sector privado<\/b>\u00a0hasta 2021, cuando fue elegido\u00a0<b>diputado<\/b>\u00a0del reci\u00e9n formado partido\u00a0<b>La Libertad Avanza<\/b>. Desde entonces, quebr\u00f3 el bipartidismo argentino y domin\u00f3 la agenda medi\u00e1tica.<\/p>\n<p class=\"p_18\">Nacido en<b>\u00a0Buenos Aires<\/b>\u00a0en 1970, de joven jugaba f\u00fatbol y cantaba en una banda que versionaba canciones de los\u00a0<b>Rolling Stones<\/b>.<\/p>\n<p class=\"p_19\">Seg\u00fan \u00abLoco\u00bb, la biograf\u00eda no autorizada del periodista Juan Luis Gonz\u00e1lez, Milei no reconoce la muerte de su\u00a0<b>perro Conan\u00a0<\/b>y se refiere a \u00e9l como uno de los \u00abcinco\u00bb perros\/hijo que lo acompa\u00f1an.<\/p>\n<p class=\"p_20\">Sus otros cuatro\u00a0<b>mastines ingleses<\/b>\u00a0son\u00a0<b>clones\u00a0<\/b>de Conan encargados por Milei en Estados Unidos. Se relaciona con ellos, los vivos y el muerto, gracias a las supuestas ense\u00f1anzas de una \u00ab<b>m\u00e9dium<\/b>\u00bb especializada en la \u00abcomunicaci\u00f3n interespecies\u00bb.<\/p>\n<p class=\"p_21\"><b>Soltero<\/b>, sin hijos y con pocos amigos, present\u00f3 recientemente a la actriz y humorista\u00a0<b>F\u00e1tima Fl\u00f3rez<\/b>\u00a0como su novia en un programa de televisi\u00f3n.<\/p>\n<p class=\"p_22\">Estudi\u00f3 Econom\u00eda en la\u00a0<b>Universidad de Belgrano<\/b> e hizo dos posgrados en instituciones locales. Ha publicado varios libros y tambi\u00e9n ha sido acusado de plagiar p\u00e1rrafos enteros. <strong>Fuente: Vistazo<\/strong><\/p>\n","protected":false},"excerpt":{"rendered":"<p>Con declaraciones en contra de la \u00abcasta pol\u00edtica\u00a0parasitaria\u00a0y chorra [ladrona]\u00bb, el libertario Javier Milei convenci\u00f3 a m\u00e1s de la mitad de los argentinos de \u00abdinamitar\u00bb el\u00a0Banco Central, reducir el tama\u00f1o del Estado y recortar el gasto p\u00fablico. Irascible, franco, espont\u00e1neo, el economista de ultraderecha se dio a conocer gracias a la vehemencia de sus diatribas econ\u00f3micas y rompi\u00f3 el molde del bipartidismo pol\u00edtico argentino hasta alcanzar la\u00a0Presidencia\u00a0este domingo con la promesa de la\u00a0dolarizaci\u00f3n. Argentina navega por una\u00a0inflaci\u00f3n\u00a0anual de tres d\u00edgitos y una\u00a0pobreza\u00a0que toca al 40% de su poblaci\u00f3n. Es en el contexto de estos pesares econ\u00f3micos que los votantes eligieron su disruptivo programa en lugar de la propuesta de su rival, el ministro de Econom\u00eda\u00a0Sergio Massa, un peronista de centro. Milei niega que exista una\u00a0brecha salarial\u00a0entre hombres y mujeres, considera el\u00a0aborto\u00a0un asesinato y estima que \u00ablas pol\u00edticas que culpan al ser humano del\u00a0cambio clim\u00e1tico\u00a0son falsas\u00bb. Tambi\u00e9n rechaza el consenso de\u00a030.000 desaparecidos\u00a0durante la \u00faltima\u00a0dictadura\u00a0(1976-1983) establecido por organizaciones de derechos humanos, al estimar en menos de la tercera parte esa cifra. Con propuestas como estas, que antes en Argentina \u00aberan marginales y ahora se volvieron centrales\u00bb, se convirti\u00f3 en un l\u00edder de \u00abuna relevancia p\u00fablica inusitada para la\u00a0derecha m\u00e1s dura\u00a0en Argentina\u00bb, dijo a la AFP Gabriel Vommaro, polit\u00f3logo de la Universidad de San Mart\u00edn. \u00abHabla como yo\u00bb Milei canaliz\u00f3 la rabia de quienes est\u00e1n decepcionados del\u00a0peronismo, la corriente pol\u00edtica que ha marcado la historia de Argentina desde los a\u00f1os 1940 creada en torno de la figura del militar populista Juan\u00a0Domingo Per\u00f3n. \u00abLa gente empieza a escuchar a un se\u00f1or indignado que parece enajenado, y piensa &#8216;finalmente alguien habla como yo&#8217;, porque tiene la\u00a0franqueza\u00a0de decir las cosas\u00bb, se\u00f1al\u00f3 Bel\u00e9n Amadeo, polit\u00f3loga de la Universidad de Buenos Aires, a la AFP. Sin embargo, su estilo inicialmente muy\u00a0confrontativo\u00a0no sobrevivi\u00f3 m\u00e1s all\u00e1 de la primera vuelta electoral de octubre, en la que sac\u00f3 30% de los votos. Debi\u00f3 buscar acuerdos y, para eso, apagar sus incendiarias declaraciones. As\u00ed consigui\u00f3 el apoyo de la conservadora y anterior rival,\u00a0Patricia Bullrich, y el benepl\u00e1cito del expresidente liberal\u00a0Mauricio Macri\u00a0(2015-2019). Milei \u00abha venido a representar a muchos ciudadanos de pie que se cansaron\u00bb, dijo Macri en un di\u00e1logo con el centro de estudios Wilson Center de Washington. De cabellera abundante y alborotada por la cual es apodado \u00abel Peluca\u00ab, el presidente electo de 53 a\u00f1os es con frecuencia tildado tambi\u00e9n de \u00abloco\u00ab. A estos motes, \u00e9l respond\u00eda durante la campa\u00f1a: \u00ab\u00bfSabe cu\u00e1l es la diferencia entre un genio y un loco?\u00a0El \u00e9xito\u00ab. Nacido en la TV Milei como &#8216;influencer&#8217; naci\u00f3 en la televisi\u00f3n en 2015, participando en furibundas tertulias econ\u00f3micas. Luego, sus comentarios alimentaron las redes sociales y alcanzaron a los j\u00f3venes, para muchos de los cuales su discurso fue novedoso y rebelde. Mat\u00edas Esoukourian, un estudiante de econom\u00eda de 19 a\u00f1os, coment\u00f3 que esta es la raz\u00f3n por la cual lo sigue. \u00abNo tiene experiencia y muchas veces eso se nota\u00bb, dijo el joven. \u00abPero cuando lo ves hablar del tema econ\u00f3mico se ve que detr\u00e1s de lo que dice hay pasi\u00f3n y conocimiento\u00bb. Milei trabaj\u00f3 en el\u00a0sector privado\u00a0hasta 2021, cuando fue elegido\u00a0diputado\u00a0del reci\u00e9n formado partido\u00a0La Libertad Avanza. Desde entonces, quebr\u00f3 el bipartidismo argentino y domin\u00f3 la agenda medi\u00e1tica. Nacido en\u00a0Buenos Aires\u00a0en 1970, de joven jugaba f\u00fatbol y cantaba en una banda que versionaba canciones de los\u00a0Rolling Stones. Seg\u00fan \u00abLoco\u00bb, la biograf\u00eda no autorizada del periodista Juan Luis Gonz\u00e1lez, Milei no reconoce la muerte de su\u00a0perro Conan\u00a0y se refiere a \u00e9l como uno de los \u00abcinco\u00bb perros\/hijo que lo acompa\u00f1an. Sus otros cuatro\u00a0mastines ingleses\u00a0son\u00a0clones\u00a0de Conan encargados por Milei en Estados Unidos. Se relaciona con ellos, los vivos y el muerto, gracias a las supuestas ense\u00f1anzas de una \u00abm\u00e9dium\u00bb especializada en la \u00abcomunicaci\u00f3n interespecies\u00bb. Soltero, sin hijos y con pocos amigos, present\u00f3 recientemente a la actriz y humorista\u00a0F\u00e1tima Fl\u00f3rez\u00a0como su novia en un programa de televisi\u00f3n. Estudi\u00f3 Econom\u00eda en la\u00a0Universidad de Belgrano e hizo dos posgrados en instituciones locales. Ha publicado varios libros y tambi\u00e9n ha sido acusado de plagiar p\u00e1rrafos enteros. Fuente: Vistazo<\/p>\n","protected":false},"author":1,"featured_media":12358,"comment_status":"open","ping_status":"open","sticky":false,"template":"","format":"standard","meta":{"footnotes":""},"categories":[5],"tags":[],"class_list":["post-12357","post","type-post","status-publish","format-standard","has-post-thumbnail","hentry","category-internacionales"],"_links":{"self":[{"href":"https:\/\/www.elamazonico.com\/portal\/wp-json\/wp\/v2\/posts\/12357","targetHints":{"allow":["GET"]}}],"collection":[{"href":"https:\/\/www.elamazonico.com\/portal\/wp-json\/wp\/v2\/posts"}],"about":[{"href":"https:\/\/www.elamazonico.com\/portal\/wp-json\/wp\/v2\/types\/post"}],"author":[{"embeddable":true,"href":"https:\/\/www.elamazonico.com\/portal\/wp-json\/wp\/v2\/users\/1"}],"replies":[{"embeddable":true,"href":"https:\/\/www.elamazonico.com\/portal\/wp-json\/wp\/v2\/comments?post=12357"}],"version-history":[{"count":1,"href":"https:\/\/www.elamazonico.com\/portal\/wp-json\/wp\/v2\/posts\/12357\/revisions"}],"predecessor-version":[{"id":12359,"href":"https:\/\/www.elamazonico.com\/portal\/wp-json\/wp\/v2\/posts\/12357\/revisions\/12359"}],"wp:featuredmedia":[{"embeddable":true,"href":"https:\/\/www.elamazonico.com\/portal\/wp-json\/wp\/v2\/media\/12358"}],"wp:attachment":[{"href":"https:\/\/www.elamazonico.com\/portal\/wp-json\/wp\/v2\/media?parent=12357"}],"wp:term":[{"taxonomy":"category","embeddable":true,"href":"https:\/\/www.elamazonico.com\/portal\/wp-json\/wp\/v2\/categories?post=12357"},{"taxonomy":"post_tag","embeddable":true,"href":"https:\/\/www.elamazonico.com\/portal\/wp-json\/wp\/v2\/tags?post=12357"}],"curies":[{"name":"wp","href":"https:\/\/api.w.org\/{rel}","templated":true}]}}