{"id":12156,"date":"2023-11-07T12:43:21","date_gmt":"2023-11-07T17:43:21","guid":{"rendered":"https:\/\/www.elamazonico.com\/portal\/?p=12156"},"modified":"2023-11-07T12:44:49","modified_gmt":"2023-11-07T17:44:49","slug":"la-historia-no-contada-de-jaime-ivan-kaviedes-no-creci-con-los-anos-creci-con-los-danos","status":"publish","type":"post","link":"https:\/\/www.elamazonico.com\/portal\/la-historia-no-contada-de-jaime-ivan-kaviedes-no-creci-con-los-anos-creci-con-los-danos\/","title":{"rendered":"La historia no contada de Jaime Iv\u00e1n Kaviedes: \u00abNo crec\u00ed con los a\u00f1os, crec\u00ed con los da\u00f1os\u00bb"},"content":{"rendered":"<div class=\"lead destacado\">El exfutbolista Jaime Iv\u00e1n Kaviedes se ha vuelto viral en redes sociales tras difundirse un video de su detenci\u00f3n en Tena, provincia de Napo. Aparentemente, el \u2018Nine\u2019 habr\u00eda agredido a polic\u00edas, por lo que fue sentenciado a cinco d\u00edas de prisi\u00f3n.<\/div>\n<div class=\"paragraph texto\">\n<p class=\"p_0\">El hecho genera cuestionamientos sobre el accionar de los uniformados, puesto que en las im\u00e1genes se observa a uno de los gendarmes golpe\u00e1ndolo con un tolete, mientras \u00e9l se desvanece en el piso.<\/p>\n<p class=\"p_1\">De hecho, el Comandante General de la Polic\u00eda Nacional,\u00a0<b>C\u00e9sar Augusto Zapata<\/b>, anunci\u00f3 que se iniciar\u00e1 una investigaci\u00f3n interna por presunto abuso de los agentes.<\/p>\n<p><iframe width=\"1\" height=\"1\" frameborder=\"0\" scrolling=\"no\" data-mce-fragment=\"1\"><\/iframe><\/p>\n<p class=\"p_2\">La instituci\u00f3n tambi\u00e9n manifest\u00f3 que personas que estaban en un local de comida r\u00e1pida, alertaron que\u00a0<b>se sent\u00edan agredidas por la presencia de Kaviedes<\/b>. Por lo que una unidad tom\u00f3 procedimiento, pero el exfutbolista habr\u00eda indicado que es amigo de autoridades, que pertenece a una\u00a0<b>organizaci\u00f3n delictiva<\/b>\u00a0y que posteriormente se ver\u00edan las retaliaciones al personal policial.<\/p>\n<p class=\"p_3\">Desde hace mucho tiempo,\u00a0<b>el \u2018Nine\u2019 ha sido una persona que pocos conocen y todos juzgan<\/b>. El goleador que nos llev\u00f3 a nuestro primer mundial es el secreto mejor guardado del pa\u00eds. Algunos dicen haberlo visto jugar con taxistas por unos cuantos d\u00f3lares, otros durmiendo en cementerios o peleando a pu\u00f1o pelado en los suburbios de Guayaquil.<\/p>\n<p class=\"p_4\">Sobre Kaviedes se ha dicho de todo y \u00e9l casi nunca ha aclarado algo. Sin embargo, en\u00a0<b>septiembre del 2020<\/b>, Vistazo tuvo la oportunidad de entrevistarlo en su casa de Paute (Azuay) para que \u00e9l mismo sea quien explique todas las pol\u00e9micas y mitos que lo rodean.<\/p>\n<p class=\"p_5\">Lo que nos cont\u00f3 fue realmente el guion de una historia de pel\u00edcula tan incre\u00edble como terror\u00edfica. Definitivamente, el \u2018Nine\u2019 es un sobreviviente.<\/p>\n<p class=\"p_7\"><b>Tan querido por los ecuatorianos y a la vez tan incomprendido&#8230;<\/b><\/p>\n<p class=\"p_8\">Mis padres eran incompatibles sangu\u00edneamente, primero naci\u00f3 mi hermano y muri\u00f3. Luego nac\u00ed yo y viv\u00ed luego otro muri\u00f3 en el vientre de mi madre. Creo que desde que nac\u00ed le llevo la contraria a la gente.<\/p>\n<p class=\"p_9\"><b>\u00bfSiempre ha sido solitario?<\/b><\/p>\n<p class=\"p_10\">Siempre fui reacio a hablar con la gente. No habl\u00e9 ni tom\u00e9 alcohol hasta los 30 a\u00f1os. Consum\u00ed coca\u00edna a los 32, pero nunca estuve drogado mientras jugaba. Tengo dos a\u00f1os limpio. Como no hablo con la prensa, de m\u00ed se ha dicho de todo. Lo m\u00edo siempre fue una historia mal contada.<\/p>\n<p class=\"p_11\"><b>\u00bfDescubri\u00f3 los vicios en Guayaquil?<\/b><\/p>\n<p class=\"p_12\">Viv\u00eda en un entorno de alcohol y droga en Guayaquil. Adem\u00e1s, yo no iba a discotecas para consumir, sino para ver chicas. Tengo 9 hijos de madres distintas y uno adoptado. Estaba en una continua b\u00fasqueda de felicidad. Tuve muchas relaciones por el encanto de conquistar y para tener la ilusi\u00f3n de ser feliz, pero c\u00f3mo pod\u00eda dar algo que no ten\u00eda.<\/p>\n<p class=\"p_13\"><b>\u00bfCu\u00e1l es su relaci\u00f3n con sus hijos?<\/b><\/p>\n<p class=\"p_14\">Fui muy irresponsable y reci\u00e9n intento conectar con ellos. No he sido pap\u00e1. Tengo 9 ni\u00f1os desde los 22 hasta los 4 a\u00f1os y soy abuelo ya. Nunca tuve relaci\u00f3n estable ni convivencia con ninguna mujer. Uno de mis hijos es adoptado, tiene 22 a\u00f1os y vive en Paraguay. \u00bfSu historia? Un d\u00eda estaba cenando con el equipo de Barcelona en la Riviera en la Victor Emilio Estrada y cinco negritos se acercaron para vendernos rosas. Les dije: Yo adoptar\u00e9 el primero que llegue al Monumental. Terminamos de comer, llegu\u00e9 al estadio donde compart\u00eda cuarto con Pancho Cevallos&#8230; el guardia toc\u00f3 la puerta y me dijo: Su hijo est\u00e1 abajo. Lo adopt\u00e9.<\/p>\n<p class=\"p_15\"><b>\u00bfUsted tuvo carencia afectiva?<\/b><\/p>\n<p class=\"p_16\">No, porque mis abuelos fueron padres mejorados. Mi vida pas\u00f3 muy r\u00e1pido. Era inmaduro, viv\u00ed la vida como vino. Antes no sab\u00eda ayudar, para m\u00ed lo m\u00e1s f\u00e1cil era regalar casa, carros&#8230; ahora s\u00e9 que lo material se va y no reemplaza nada.<\/p>\n<p class=\"p_17\"><b>\u00bfAhora est\u00e1 viviendo la vida que anhelaba?<\/b><\/p>\n<p class=\"p_18\">Vivo hace dos a\u00f1os en el campo frente a la monta\u00f1a, tengo una parcelita para sembrar. Me acompa\u00f1a mi novia, ya no quiero ser feliz, solo quiero estar tranquilo. Todos los d\u00edas voy a visitar a los chicos en la cl\u00ednica de rehabilitaci\u00f3n, me gusta ayudar a la gente. La cl\u00ednica me salv\u00f3, fueron 4 meses de reencontrarme con mi esencia.<\/p>\n<p class=\"p_19\"><b>\u00bfNo se arrepienta de nada?<\/b><\/p>\n<p class=\"p_20\">En mi vida privada me arrepiento de muchas cosas, pero del f\u00fatbol nada. A m\u00ed me gusta jugarlo pero no soy futbolero. Cuando sal\u00eda de las canchas me dedicaba a otra cosa y no me gustaba hablar de f\u00fatbol, jugadas. Nunca fue lo m\u00e1s importante.<\/p>\n<div class=\"html_text\">\n<h2>ENTRE ADICCIONES Y SOLEDAD<\/h2>\n<\/div>\n<div class=\"paragraph texto\">\n<p class=\"p_22\"><b>\u00bfVino a Paute para limpiar su organismo, de qu\u00e9?<\/b><\/p>\n<p class=\"p_23\">Del alcohol y las drogas, consum\u00ed coca\u00edna desde los 32 hasta los 39. Voy por el tercer a\u00f1o limpio. Ya me aburr\u00ed, no me quiero ir al infierno, algo bueno tengo que hacer ac\u00e1.<\/p>\n<p class=\"p_24\"><b>\u00bfPor qu\u00e9 se meti\u00f3 en las drogas?<\/b><\/p>\n<p class=\"p_25\">Era mi entorno desde muy joven, quer\u00eda comprender por qu\u00e9 los chicos no pod\u00edan salir adelante. Y empec\u00e9 a combinar amistades, tristeza, sufrimiento, vac\u00edos. Me refugi\u00e9 en el alcohol y las drogas. No soy una v\u00edctima. Uno siempre decide el entorno donde quiere estar. Uno no puede ir por la vida escogiendo a las personas. Nadie te quiere hacer da\u00f1o. Las personas solo hacen cosas, que nos afecten o no es cosa tuya. Soy fuerte y resisto el dolor, pero lleg\u00f3 un momento que no decir o expresarlo me afect\u00f3.<\/p>\n<p class=\"p_26\"><b>Estuvo cerca de la muerte&#8230; \u00bfQu\u00e9 rescata de su etapa de adicto?<\/b><\/p>\n<p class=\"p_27\">Conoc\u00ed gente de todas las condiciones. He dormido en parada de buses y cementerios, apu\u00f1alaron alguien al lado m\u00edo, amigos se murieron de sobredosis, pero no lo cambiar\u00eda para nada porque hay un final feliz. Ya no sigo en la calle, estoy tranquilo. Ahora ayudo a los chicos de la cl\u00ednica, cuento experiencias de vida&#8230; no doy consejos.<\/p>\n<p class=\"p_28\"><b>\u00bfSufri\u00f3 depresi\u00f3n?<\/b><\/p>\n<p class=\"p_29\">Estaba resentido con Dios porque me ayud\u00f3 a que logre mi vida con goles pero no llenando el vac\u00edo de mis padres. Mi abuelo era administrador de una hacienda y nunca me falt\u00f3 nada, pero desde peque\u00f1o sent\u00eda un vac\u00edo. No quer\u00eda vivir, pero tampoco quer\u00eda morir.<\/p>\n<div class=\"html_text\">\n<h2>DE F\u00daTBOL Y EXCESOS<\/h2>\n<\/div>\n<div class=\"paragraph texto\">\n<p class=\"p_30\"><b>\u00bfQu\u00e9 recuerda del futbol de barrio en Guayaquil?<\/b><\/p>\n<p class=\"p_31\">Los colegios daban becas, entonces fui a un complejo de un t\u00edo que se llamaba \u201cLa Cascada\u201d en Colinas Alborada, que eran invasiones en esa \u00e9poca. Viv\u00eda all\u00ed y participaba a torneos de barrio, tambi\u00e9n estuve en el Liceo Cristiano. Ten\u00eda mi objetivo claro: Jugar en la selecci\u00f3n (se r\u00ede)&#8230; sabes que como profesional no tengo ning\u00fan t\u00edtulo, pero tengo 300 en indor jugando en la calle y el campo.<\/p>\n<p class=\"p_32\"><b>\u00bfQu\u00e9 fue su fortaleza en el futbol?<\/b><\/p>\n<p class=\"p_33\">Yo no era el que mejor llevaba la pelota, dribleaba o cabeceaba. Yo era quien la met\u00eda. Soy muy pr\u00e1ctico, en el f\u00fatbol todo tiene un porqu\u00e9.<\/p>\n<p class=\"p_34\"><b>\u00bfCon qu\u00e9 director t\u00e9cnico se queda?<\/b><\/p>\n<p class=\"p_35\">Se dec\u00eda que en la selecci\u00f3n hab\u00eda tres grupos: El de El Chota, otro de Esmeraldas y yo. El Bolillo fue el \u00fanico que intent\u00f3 comprenderme. Con \u00e9l escuchaba m\u00fasica cl\u00e1sica. Recuerdo que antes del partido ante Brasil me fui al cine a ver \u201cEl Conde de Montecristo\u201d mientras todos estaba concentrado en el partido. \u00c9l dec\u00eda que algunos necesitan concentrarse, otros motivarse. Me dej\u00f3 ir al cine e hizo que todos los jugadores lo aceptaran.<\/p>\n<p class=\"p_36\"><b>\u00bfPor qu\u00e9 nunca pudo quedarse en un club?<\/b><\/p>\n<p class=\"p_37\">Nunca termin\u00e9 porque siempre quer\u00eda regresar a ver a mis abuelos. Mis padres se murieron cuando ten\u00eda seis a\u00f1os y me cri\u00e9 con mis abuelos. Del campo me fui a vivir a la ciudad a los 14 a\u00f1os pero en el campo siempre fui feliz. Fui profesional a los 16 a\u00f1os. Tuve contrato con el Inter De Mil\u00e1n, precontrato con el Real Madrid. En el futbol llegu\u00e9 hasta donde quise, no hasta donde pude. No me frustro, eso la gente lo hace por m\u00ed.<\/p>\n<p class=\"p_38\"><b>\u00bfPor qu\u00e9 jug\u00f3 f\u00fatbol?<\/b><\/p>\n<p class=\"p_39\">Mi abuela me inculc\u00f3 los valores y la lectura desde temprana edad. Regresaba de la escuela, hac\u00eda los deberes y sal\u00eda a patear una pelota contra la pared. Era mi desahogo, pero lo comprend\u00ed con la edad. Era un ni\u00f1o introvertido. Siempre mi abuelo me dec\u00eda que pod\u00eda interpretar mi estado de \u00e1nimo al ver el color de mis ojos. No crec\u00ed con los a\u00f1os, crec\u00ed con los da\u00f1os. No le ten\u00eda miedo a morir.<\/p>\n<p class=\"p_40\"><b>\u00bfQu\u00e9 disfrut\u00f3 del f\u00fatbol internacional?<\/b><\/p>\n<p class=\"p_41\">Me impact\u00f3 Italia porque mi abuelo ten\u00eda ascendencia italiana, all\u00e1 disfrut\u00e9 la comida, aprend\u00ed a pintar. Le\u00eda mucho. En Espa\u00f1a, Italia, Portugal, Qatar, M\u00e9xico, Argentina sigo teniendo grandes amigos. Recuerdo m\u00e1s a los amigos que los partidos.<\/p>\n<p class=\"p_42\"><b>\u00bfSigue jugando ahora?<\/b><\/p>\n<p class=\"p_43\">Yo soy socio del club Aviced y mi amigo me pregunt\u00f3 si quer\u00eda jugar. Lo hago para mantenerme en forma, pero ya no soy jugador. Hace poco habl\u00e9 con los chicos de la Boca del Pozo de Emelec y me dijeron que ya era imposible que vuelva a jugar. \u201cImposible, solo cuesta un poco m\u00e1s\u201d, dice Mujica as\u00ed que decid\u00ed entrenar seis meses y participar\u00e9 a la noche azul en enero. Meter\u00e9 mi \u00faltimo gol en el Capwell.<\/p>\n<div class=\"html_text\">\n<h2>NUEVA VIDA<\/h2>\n<\/div>\n<div class=\"paragraph texto\">\n<p class=\"p_44\"><b>\u00bfQui\u00e9nes han sido las personas importantes en su vida?<\/b><\/p>\n<p class=\"p_45\">Mis padres, mis t\u00edos, mis abuelos. Mi abuela me ense\u00f1\u00f3 a leer y ser sensible, mi abuelo a ser fuerte y no quejarme. En lo profesional me quedo con el Bolillo. Todo el mundo me habla de mi gol contra Uruguay, pero nadie recuerda que todos me quer\u00edan sacar antes porque no met\u00eda goles.<\/p>\n<p class=\"p_46\"><b>\u00bfQu\u00e9 hubiera hecho en la vida si no fuera futbolista?<\/b><\/p>\n<p class=\"p_47\">Veterinario o militar. Aunque no lo creas, yo sigo las reglas, pero siempre segu\u00ed m\u00e1s el coraz\u00f3n que la cabeza. Cuando estaba jugando en Oporto en Portugal, Mourihno era mi entrenador. Le detectan c\u00e1ncer a mi abuelita. Le ped\u00ed permiso al profe para dejar el equipo y jugar en Ecuador. Me dijo que no, fui a hablar con el Vicepresidente y me dijo: \u201c\u00bfY qu\u00e9 le va a curar?\u201d. Igual me vine ganando casi 4 millones al a\u00f1o.<\/p>\n<p class=\"p_48\"><b>\u00bfQuiere decir que guard\u00f3 algo entonces?<\/b><\/p>\n<p class=\"p_49\">As\u00ed dicen. Yo igual si me pongo a vender maduros con queso a la esquina yo triunfo. Si el sue\u00f1o lo pasas a metas y lo estructuras se te va a cumplir. Es esfuerzo, disciplina, orden y sacrificio. La gente piensa que no soy as\u00ed, pero se equivocan. Voy a triunfar como empresario. Me gusta el tema de bienes y ra\u00edces, construcci\u00f3n&#8230;<\/p>\n<p class=\"p_50\"><b>\u00bfQu\u00e9 le hace feliz ahora?<\/b><\/p>\n<p class=\"p_51\">Tener una familia. Vivo con mi novia Katty desde hace 5 a\u00f1os. Encontr\u00e9 la paz en una cl\u00ednica de rehabilitaci\u00f3n aislada de la ciudad. Fue una decisi\u00f3n propia, nadie me oblig\u00f3. Gracias al doctor de la cl\u00ednica comprend\u00ed que me hac\u00eda feliz transmitir mensajes y ayudar a la gente que hab\u00eda sufrido lo m\u00edo. Me quiero morir ayudando a alguien.<\/p>\n<p class=\"p_52\"><b>Si alguien toca su puerta ahora y le pregunta qui\u00e9n es, \u00bfqu\u00e9 le dir\u00eda?<\/b><\/p>\n<p class=\"p_53\">Soy Iv\u00e1n, un adicto en recuperaci\u00f3n, nieto de Benjam\u00edn Lorente y Francia M\u00e9ndez y vivo para honrar su memoria.<\/p>\n<p class=\"p_54\">Me despido de Iv\u00e1n despu\u00e9s de una ma\u00f1ana conversando. En un rato m\u00e1s visitar\u00e1 los chicos de la cl\u00ednica y luego entrenar\u00e1 con el objetivo de meter el \u00faltimo gol de su vida en el Capwell. Pens\u00e9 entrevistar a un futbolista, pero descubr\u00ed un ser humano seguro y culto que disfruta de la lectura y la m\u00fasica. De repente Iv\u00e1n toma su celular y me ense\u00f1a un video en YouTube. Escrib\u00ed esa canci\u00f3n, se llama \u201cTestigo de vida\u201d y la canta Jhonatan Luna. \u201cLa vida son metas creadas a diario\u201d, dice la canci\u00f3n. Hoy sent\u00ed que conoc\u00ed el verdadero Iv\u00e1n&#8230; <strong>Fuente: vistazo.com\u00a0<\/strong><\/p>\n<\/div>\n<\/div>\n<\/div>\n<\/div>\n","protected":false},"excerpt":{"rendered":"<p>El exfutbolista Jaime Iv\u00e1n Kaviedes se ha vuelto viral en redes sociales tras difundirse un video de su detenci\u00f3n en Tena, provincia de Napo. Aparentemente, el \u2018Nine\u2019 habr\u00eda agredido a polic\u00edas, por lo que fue sentenciado a cinco d\u00edas de prisi\u00f3n. El hecho genera cuestionamientos sobre el accionar de los uniformados, puesto que en las im\u00e1genes se observa a uno de los gendarmes golpe\u00e1ndolo con un tolete, mientras \u00e9l se desvanece en el piso. De hecho, el Comandante General de la Polic\u00eda Nacional,\u00a0C\u00e9sar Augusto Zapata, anunci\u00f3 que se iniciar\u00e1 una investigaci\u00f3n interna por presunto abuso de los agentes. La instituci\u00f3n tambi\u00e9n manifest\u00f3 que personas que estaban en un local de comida r\u00e1pida, alertaron que\u00a0se sent\u00edan agredidas por la presencia de Kaviedes. Por lo que una unidad tom\u00f3 procedimiento, pero el exfutbolista habr\u00eda indicado que es amigo de autoridades, que pertenece a una\u00a0organizaci\u00f3n delictiva\u00a0y que posteriormente se ver\u00edan las retaliaciones al personal policial. Desde hace mucho tiempo,\u00a0el \u2018Nine\u2019 ha sido una persona que pocos conocen y todos juzgan. El goleador que nos llev\u00f3 a nuestro primer mundial es el secreto mejor guardado del pa\u00eds. Algunos dicen haberlo visto jugar con taxistas por unos cuantos d\u00f3lares, otros durmiendo en cementerios o peleando a pu\u00f1o pelado en los suburbios de Guayaquil. Sobre Kaviedes se ha dicho de todo y \u00e9l casi nunca ha aclarado algo. Sin embargo, en\u00a0septiembre del 2020, Vistazo tuvo la oportunidad de entrevistarlo en su casa de Paute (Azuay) para que \u00e9l mismo sea quien explique todas las pol\u00e9micas y mitos que lo rodean. Lo que nos cont\u00f3 fue realmente el guion de una historia de pel\u00edcula tan incre\u00edble como terror\u00edfica. Definitivamente, el \u2018Nine\u2019 es un sobreviviente. Tan querido por los ecuatorianos y a la vez tan incomprendido&#8230; Mis padres eran incompatibles sangu\u00edneamente, primero naci\u00f3 mi hermano y muri\u00f3. Luego nac\u00ed yo y viv\u00ed luego otro muri\u00f3 en el vientre de mi madre. Creo que desde que nac\u00ed le llevo la contraria a la gente. \u00bfSiempre ha sido solitario? Siempre fui reacio a hablar con la gente. No habl\u00e9 ni tom\u00e9 alcohol hasta los 30 a\u00f1os. Consum\u00ed coca\u00edna a los 32, pero nunca estuve drogado mientras jugaba. Tengo dos a\u00f1os limpio. Como no hablo con la prensa, de m\u00ed se ha dicho de todo. Lo m\u00edo siempre fue una historia mal contada. \u00bfDescubri\u00f3 los vicios en Guayaquil? Viv\u00eda en un entorno de alcohol y droga en Guayaquil. Adem\u00e1s, yo no iba a discotecas para consumir, sino para ver chicas. Tengo 9 hijos de madres distintas y uno adoptado. Estaba en una continua b\u00fasqueda de felicidad. Tuve muchas relaciones por el encanto de conquistar y para tener la ilusi\u00f3n de ser feliz, pero c\u00f3mo pod\u00eda dar algo que no ten\u00eda. \u00bfCu\u00e1l es su relaci\u00f3n con sus hijos? Fui muy irresponsable y reci\u00e9n intento conectar con ellos. No he sido pap\u00e1. Tengo 9 ni\u00f1os desde los 22 hasta los 4 a\u00f1os y soy abuelo ya. Nunca tuve relaci\u00f3n estable ni convivencia con ninguna mujer. Uno de mis hijos es adoptado, tiene 22 a\u00f1os y vive en Paraguay. \u00bfSu historia? Un d\u00eda estaba cenando con el equipo de Barcelona en la Riviera en la Victor Emilio Estrada y cinco negritos se acercaron para vendernos rosas. Les dije: Yo adoptar\u00e9 el primero que llegue al Monumental. Terminamos de comer, llegu\u00e9 al estadio donde compart\u00eda cuarto con Pancho Cevallos&#8230; el guardia toc\u00f3 la puerta y me dijo: Su hijo est\u00e1 abajo. Lo adopt\u00e9. \u00bfUsted tuvo carencia afectiva? No, porque mis abuelos fueron padres mejorados. Mi vida pas\u00f3 muy r\u00e1pido. Era inmaduro, viv\u00ed la vida como vino. Antes no sab\u00eda ayudar, para m\u00ed lo m\u00e1s f\u00e1cil era regalar casa, carros&#8230; ahora s\u00e9 que lo material se va y no reemplaza nada. \u00bfAhora est\u00e1 viviendo la vida que anhelaba? Vivo hace dos a\u00f1os en el campo frente a la monta\u00f1a, tengo una parcelita para sembrar. Me acompa\u00f1a mi novia, ya no quiero ser feliz, solo quiero estar tranquilo. Todos los d\u00edas voy a visitar a los chicos en la cl\u00ednica de rehabilitaci\u00f3n, me gusta ayudar a la gente. La cl\u00ednica me salv\u00f3, fueron 4 meses de reencontrarme con mi esencia. \u00bfNo se arrepienta de nada? En mi vida privada me arrepiento de muchas cosas, pero del f\u00fatbol nada. A m\u00ed me gusta jugarlo pero no soy futbolero. Cuando sal\u00eda de las canchas me dedicaba a otra cosa y no me gustaba hablar de f\u00fatbol, jugadas. Nunca fue lo m\u00e1s importante. ENTRE ADICCIONES Y SOLEDAD \u00bfVino a Paute para limpiar su organismo, de qu\u00e9? Del alcohol y las drogas, consum\u00ed coca\u00edna desde los 32 hasta los 39. Voy por el tercer a\u00f1o limpio. Ya me aburr\u00ed, no me quiero ir al infierno, algo bueno tengo que hacer ac\u00e1. \u00bfPor qu\u00e9 se meti\u00f3 en las drogas? Era mi entorno desde muy joven, quer\u00eda comprender por qu\u00e9 los chicos no pod\u00edan salir adelante. Y empec\u00e9 a combinar amistades, tristeza, sufrimiento, vac\u00edos. Me refugi\u00e9 en el alcohol y las drogas. No soy una v\u00edctima. Uno siempre decide el entorno donde quiere estar. Uno no puede ir por la vida escogiendo a las personas. Nadie te quiere hacer da\u00f1o. Las personas solo hacen cosas, que nos afecten o no es cosa tuya. Soy fuerte y resisto el dolor, pero lleg\u00f3 un momento que no decir o expresarlo me afect\u00f3. Estuvo cerca de la muerte&#8230; \u00bfQu\u00e9 rescata de su etapa de adicto? Conoc\u00ed gente de todas las condiciones. He dormido en parada de buses y cementerios, apu\u00f1alaron alguien al lado m\u00edo, amigos se murieron de sobredosis, pero no lo cambiar\u00eda para nada porque hay un final feliz. Ya no sigo en la calle, estoy tranquilo. Ahora ayudo a los chicos de la cl\u00ednica, cuento experiencias de vida&#8230; no doy consejos. \u00bfSufri\u00f3 depresi\u00f3n? Estaba resentido con Dios porque me ayud\u00f3 a que logre mi vida con goles pero no llenando el vac\u00edo de mis padres. Mi abuelo era administrador de una hacienda y nunca me falt\u00f3 nada, pero desde peque\u00f1o sent\u00eda un vac\u00edo. No quer\u00eda vivir, pero tampoco quer\u00eda morir. DE F\u00daTBOL Y<\/p>\n","protected":false},"author":1,"featured_media":12157,"comment_status":"open","ping_status":"open","sticky":false,"template":"","format":"standard","meta":{"footnotes":""},"categories":[6,268],"tags":[],"class_list":["post-12156","post","type-post","status-publish","format-standard","has-post-thumbnail","hentry","category-deportes","category-nacionales"],"_links":{"self":[{"href":"https:\/\/www.elamazonico.com\/portal\/wp-json\/wp\/v2\/posts\/12156","targetHints":{"allow":["GET"]}}],"collection":[{"href":"https:\/\/www.elamazonico.com\/portal\/wp-json\/wp\/v2\/posts"}],"about":[{"href":"https:\/\/www.elamazonico.com\/portal\/wp-json\/wp\/v2\/types\/post"}],"author":[{"embeddable":true,"href":"https:\/\/www.elamazonico.com\/portal\/wp-json\/wp\/v2\/users\/1"}],"replies":[{"embeddable":true,"href":"https:\/\/www.elamazonico.com\/portal\/wp-json\/wp\/v2\/comments?post=12156"}],"version-history":[{"count":2,"href":"https:\/\/www.elamazonico.com\/portal\/wp-json\/wp\/v2\/posts\/12156\/revisions"}],"predecessor-version":[{"id":12159,"href":"https:\/\/www.elamazonico.com\/portal\/wp-json\/wp\/v2\/posts\/12156\/revisions\/12159"}],"wp:featuredmedia":[{"embeddable":true,"href":"https:\/\/www.elamazonico.com\/portal\/wp-json\/wp\/v2\/media\/12157"}],"wp:attachment":[{"href":"https:\/\/www.elamazonico.com\/portal\/wp-json\/wp\/v2\/media?parent=12156"}],"wp:term":[{"taxonomy":"category","embeddable":true,"href":"https:\/\/www.elamazonico.com\/portal\/wp-json\/wp\/v2\/categories?post=12156"},{"taxonomy":"post_tag","embeddable":true,"href":"https:\/\/www.elamazonico.com\/portal\/wp-json\/wp\/v2\/tags?post=12156"}],"curies":[{"name":"wp","href":"https:\/\/api.w.org\/{rel}","templated":true}]}}