{"id":12138,"date":"2023-11-06T10:47:37","date_gmt":"2023-11-06T15:47:37","guid":{"rendered":"https:\/\/www.elamazonico.com\/portal\/?p=12138"},"modified":"2023-11-06T10:47:37","modified_gmt":"2023-11-06T15:47:37","slug":"glenda-morejon-termina-el-ano-con-dos-medallas-y-ya-sueno-con-paris","status":"publish","type":"post","link":"https:\/\/www.elamazonico.com\/portal\/glenda-morejon-termina-el-ano-con-dos-medallas-y-ya-sueno-con-paris\/","title":{"rendered":"Glenda Morej\u00f3n termina el a\u00f1o con dos medallas y ya sue\u00f1o con Par\u00eds"},"content":{"rendered":"<p>La ibarre\u00f1a culmin\u00f3 la temporada subi\u00e9ndose al podio dos veces en los Juegos Panamericanos de Santiago de Chiles. Despu\u00e9s de unas semanas de descanso, la marchista pondr\u00e1 toda su atenci\u00f3n en los Juegos Ol\u00edmpicos.<\/p>\n<p>No hab\u00eda otra manera de cerrar este a\u00f1o. Ten\u00eda que ser cruzando la meta primera, subi\u00e9ndose al puesto m\u00e1s alto del podio y escuchando el himno nacional. As\u00ed fue la \u00faltima presentaci\u00f3n de Glenda Morej\u00f3n en 2023, consagr\u00e1ndose como la primera campeona de la historia de la marcha por relevos, junto a Daniel Pintado. En una emocionante ceremonia de premiaci\u00f3n, el encargado de colgarles esa preciada medalla de oro fue Jefferson P\u00e9rez.<\/p>\n<p>Como si de una met\u00e1fora se tratase, el campe\u00f3n ol\u00edmpico le entregaba la posta a la siguiente generaci\u00f3n. As\u00ed cerr\u00f3 Glenda una inolvidable participaci\u00f3n en los Juegos Panamericanos, marcada por dos preseas, una peleada y agridulce, y la otra imponente y merecida.<\/p>\n<p><strong>Medalla de plata en adversas condiciones <\/strong><\/p>\n<p>Luego de varias jornadas con una mezcla de calor y fr\u00edo, la lluvia se hizo presente por primera vez en los Juegos Panamericanos el domingo 29 de octubre, justamente en el debut de Glenda Morej\u00f3n.<\/p>\n<p>Eran las siete de la ma\u00f1ana, pero parec\u00eda de noche. El cielo estaba completamente cubierto de las nubes m\u00e1s oscuras. La lluvia no paraba y era acompa\u00f1ada por el viento. Poco p\u00fablico se anim\u00f3 a venir a esa fr\u00eda madrugada en el Parque O&#8217;Higgins, en Santiago.<\/p>\n<p>Un simple mortal, como cualquiera de los asistentes que estuvo en esa pista, usar\u00eda doble chompa, bufanda, guantes, gorra y un paraguas. Pero los atletas son superh\u00e9roes y Glenda tomo la partida con su uniforme de siempre, con el vientre y las piernas completamente descubiertas. Desde la partida, la ecuatoriana dej\u00f3 en claro que era una de las candidatas y que el t\u00edtulo se definir\u00eda entre ella y la peruana y campeona del mundo Kimberly Garc\u00eda.<\/p>\n<p>Su contrincante se adelant\u00f3 y comenz\u00f3 a sacar ventaja, casi medio minuto. Parec\u00eda que, en apenas las primeras vueltas, el oro se iba para Per\u00fa. Pero Glenda era paciente. Junto a su entrenador Julio Chuqui hab\u00edan dise\u00f1ado una estrategia. Lleg\u00f3 la mitad de la prueba y la ibarre\u00f1a empez\u00f3 a descontar segundos, unos dos o tres por vuelta. Pero, para desconcierto de ella, las vueltas pasaban m\u00e1s r\u00e1pido de lo normal. La tricolor ten\u00eda un tiempo en su mente, pero su reloj dec\u00eda completamente lo contrario.<\/p>\n<p>Afuera de la pista, los entrenadores y periodistas tambi\u00e9n se extra\u00f1aban, los tiempos eran mucho menores a los acostumbrados, algo raro estaba pasando.<\/p>\n<p>Momentos despu\u00e9s de terminada la competencia, la sospecha se convirti\u00f3 en realidad. El circuito hab\u00eda sido mal medido y las marchistas recorrieron aproximadamente 17,5 kil\u00f3metros, en lugar de los 20 kil\u00f3metros establecidos. Un error sin precedentes, que neg\u00f3 la oportunidad para que otras atletas busquen su clasificaci\u00f3n a Juegos Ol\u00edmpicos y que no permiti\u00f3 que Glenda ejecute la estrategia pensada. Kimberly Garc\u00eda fue inalcanzable y se qued\u00f3 con el oro, mientras que Glenda se llev\u00f3 la plata. Una medalla m\u00e1s a su palmar\u00e9s, pero que le dej\u00f3 un sabor agridulce.<\/p>\n<p>\u00abMi estrategia no era dejar que se aleje tanto, pero el circuito no estaba bien medido y tengo la seguridad que en 20 kil\u00f3metros si hubiera podido alcanzarla. Sin embargo, estoy contenta con esta medalla\u00bb, dijo\u00a0 luego de la carrera.<\/p>\n<p><small><\/small><strong>Los relevos mixtos, la revancha<\/strong><\/p>\n<p>Glenda Morej\u00f3n tuvo una semana para prepararse para su segundo reto en estos Panamericanos: la marat\u00f3n por relevos mixtos, junto a Daniel Pintado. Una prueba in\u00e9dita, se la disputaba por primera vez en la historia. Se trata de una carrera de 42 kil\u00f3metros, en la cual ambos marchistas disputan dos tramos de 10,5 kil\u00f3metros cada uno, altern\u00e1ndose entre ellos.<\/p>\n<p>Esta jornada ol\u00eda a revancha para Glenda, quien buscaba esta vez subirse a la cima del podio, y para Daniel, quien tuvo que retirarse la semana pasada por problemas gastrointestinales. El cuencano arranc\u00f3 la prueba y se mantuvo a la cabeza junto a los atletas de Brasil y Per\u00fa, los principales contrincantes del equipo tricolor.<\/p>\n<p>El ecuatoriano lleg\u00f3 junto al brasile\u00f1o Caio Bonfim al primer relevo y le entreg\u00f3 la posta a Glenda. Fue el momento de brillar de la ibarre\u00f1a, que desde la primera vuelta sac\u00f3 diferencias con sus rivales. Imparable, una de las mejores presentaciones de su carrera, y nuevamente ante condiciones adversas. La semana pasada era el fr\u00edo y la lluvia, esta vez era un sol incandescente.<\/p>\n<p>\u00abTal vez fue un mejor clima para los espectadores, pero cr\u00e9eme que los marchistas preferimos el fr\u00edo a este calor\u00bb, coment\u00f3 Jefferson P\u00e9rez, quien acudi\u00f3 a ver a sus compatriotas. Glenda sac\u00f3 un minuto y medio de diferencia y entreg\u00f3 la posta a Daniel. El cuencano nuevamente cumpli\u00f3, mantuvo esta ventaja y dej\u00f3 que la ibarre\u00f1a remate la prueba.<\/p>\n<p><strong>A descansar y pensar en Par\u00eds <\/strong><\/p>\n<p>Se acab\u00f3 una hist\u00f3rica temporada para Glenda Morej\u00f3n. La ibarre\u00f1a se coron\u00f3 bicampeona nacional, obtuvo su clasificaci\u00f3n a Juegos Ol\u00edmpicos y culmin\u00f3 sexta en el Mundial de Atletismo, su mejor ubicaci\u00f3n hist\u00f3rica en este evento.<\/p>\n<p>\u00abHa sido un a\u00f1o lleno de muchas alegr\u00edas, muchas l\u00e1grimas tambi\u00e9n, he pasado por procesos dif\u00edciles de entender en mi vida, pero Dios me ha dado la sabidur\u00eda y voluntad\u00bb. Glenda califica a esta temporada como \u00abexcelente\u00bb y ahora se tomar\u00e1 un descanso, antes de iniciar la temporada 2024, con el objetivo principal de ganar el oro en los Juegos Ol\u00edmpicos.<\/p>\n<p>La marchista tiene sed de revancha. Hace dos a\u00f1os, en Tokio 2021, la atleta tuvo que dejar la prueba a mitad del recorrido por problemas estomacales. Ahora, en Par\u00eds, quiere demostrar que puede pelear por una medalla. Por el momento, la ibarre\u00f1a tiene planificado competir el pr\u00f3ximo a\u00f1o en el Nacional de Marcha y en el Mundial de Marcha, que ser\u00e1 en Turqu\u00eda. Luego, todo el enfoque ser\u00e1 en los Juegos Ol\u00edmpicos.<\/p>\n<p>Glenda Morej\u00f3n, la marchista que se hizo conocida por competir con unos zapatitos rotos, ahora es una de las atletas m\u00e1s importantes del continente y llegar\u00e1 a Par\u00eds como una de las favoritas, con la ambici\u00f3n de subirse al podio m\u00e1s importante de su vida.<\/p>\n<p>Fuente: PRIMICIAS.<\/p>\n","protected":false},"excerpt":{"rendered":"<p>La ibarre\u00f1a culmin\u00f3 la temporada subi\u00e9ndose al podio dos veces en los Juegos Panamericanos de Santiago de Chiles. Despu\u00e9s de unas semanas de descanso, la marchista pondr\u00e1 toda su atenci\u00f3n en los Juegos Ol\u00edmpicos. No hab\u00eda otra manera de cerrar este a\u00f1o. Ten\u00eda que ser cruzando la meta primera, subi\u00e9ndose al puesto m\u00e1s alto del podio y escuchando el himno nacional. As\u00ed fue la \u00faltima presentaci\u00f3n de Glenda Morej\u00f3n en 2023, consagr\u00e1ndose como la primera campeona de la historia de la marcha por relevos, junto a Daniel Pintado. En una emocionante ceremonia de premiaci\u00f3n, el encargado de colgarles esa preciada medalla de oro fue Jefferson P\u00e9rez. Como si de una met\u00e1fora se tratase, el campe\u00f3n ol\u00edmpico le entregaba la posta a la siguiente generaci\u00f3n. As\u00ed cerr\u00f3 Glenda una inolvidable participaci\u00f3n en los Juegos Panamericanos, marcada por dos preseas, una peleada y agridulce, y la otra imponente y merecida. Medalla de plata en adversas condiciones Luego de varias jornadas con una mezcla de calor y fr\u00edo, la lluvia se hizo presente por primera vez en los Juegos Panamericanos el domingo 29 de octubre, justamente en el debut de Glenda Morej\u00f3n. Eran las siete de la ma\u00f1ana, pero parec\u00eda de noche. El cielo estaba completamente cubierto de las nubes m\u00e1s oscuras. La lluvia no paraba y era acompa\u00f1ada por el viento. Poco p\u00fablico se anim\u00f3 a venir a esa fr\u00eda madrugada en el Parque O&#8217;Higgins, en Santiago. Un simple mortal, como cualquiera de los asistentes que estuvo en esa pista, usar\u00eda doble chompa, bufanda, guantes, gorra y un paraguas. Pero los atletas son superh\u00e9roes y Glenda tomo la partida con su uniforme de siempre, con el vientre y las piernas completamente descubiertas. Desde la partida, la ecuatoriana dej\u00f3 en claro que era una de las candidatas y que el t\u00edtulo se definir\u00eda entre ella y la peruana y campeona del mundo Kimberly Garc\u00eda. Su contrincante se adelant\u00f3 y comenz\u00f3 a sacar ventaja, casi medio minuto. Parec\u00eda que, en apenas las primeras vueltas, el oro se iba para Per\u00fa. Pero Glenda era paciente. Junto a su entrenador Julio Chuqui hab\u00edan dise\u00f1ado una estrategia. Lleg\u00f3 la mitad de la prueba y la ibarre\u00f1a empez\u00f3 a descontar segundos, unos dos o tres por vuelta. Pero, para desconcierto de ella, las vueltas pasaban m\u00e1s r\u00e1pido de lo normal. La tricolor ten\u00eda un tiempo en su mente, pero su reloj dec\u00eda completamente lo contrario. Afuera de la pista, los entrenadores y periodistas tambi\u00e9n se extra\u00f1aban, los tiempos eran mucho menores a los acostumbrados, algo raro estaba pasando. Momentos despu\u00e9s de terminada la competencia, la sospecha se convirti\u00f3 en realidad. El circuito hab\u00eda sido mal medido y las marchistas recorrieron aproximadamente 17,5 kil\u00f3metros, en lugar de los 20 kil\u00f3metros establecidos. Un error sin precedentes, que neg\u00f3 la oportunidad para que otras atletas busquen su clasificaci\u00f3n a Juegos Ol\u00edmpicos y que no permiti\u00f3 que Glenda ejecute la estrategia pensada. Kimberly Garc\u00eda fue inalcanzable y se qued\u00f3 con el oro, mientras que Glenda se llev\u00f3 la plata. Una medalla m\u00e1s a su palmar\u00e9s, pero que le dej\u00f3 un sabor agridulce. \u00abMi estrategia no era dejar que se aleje tanto, pero el circuito no estaba bien medido y tengo la seguridad que en 20 kil\u00f3metros si hubiera podido alcanzarla. Sin embargo, estoy contenta con esta medalla\u00bb, dijo\u00a0 luego de la carrera. Los relevos mixtos, la revancha Glenda Morej\u00f3n tuvo una semana para prepararse para su segundo reto en estos Panamericanos: la marat\u00f3n por relevos mixtos, junto a Daniel Pintado. Una prueba in\u00e9dita, se la disputaba por primera vez en la historia. Se trata de una carrera de 42 kil\u00f3metros, en la cual ambos marchistas disputan dos tramos de 10,5 kil\u00f3metros cada uno, altern\u00e1ndose entre ellos. Esta jornada ol\u00eda a revancha para Glenda, quien buscaba esta vez subirse a la cima del podio, y para Daniel, quien tuvo que retirarse la semana pasada por problemas gastrointestinales. El cuencano arranc\u00f3 la prueba y se mantuvo a la cabeza junto a los atletas de Brasil y Per\u00fa, los principales contrincantes del equipo tricolor. El ecuatoriano lleg\u00f3 junto al brasile\u00f1o Caio Bonfim al primer relevo y le entreg\u00f3 la posta a Glenda. Fue el momento de brillar de la ibarre\u00f1a, que desde la primera vuelta sac\u00f3 diferencias con sus rivales. Imparable, una de las mejores presentaciones de su carrera, y nuevamente ante condiciones adversas. La semana pasada era el fr\u00edo y la lluvia, esta vez era un sol incandescente. \u00abTal vez fue un mejor clima para los espectadores, pero cr\u00e9eme que los marchistas preferimos el fr\u00edo a este calor\u00bb, coment\u00f3 Jefferson P\u00e9rez, quien acudi\u00f3 a ver a sus compatriotas. Glenda sac\u00f3 un minuto y medio de diferencia y entreg\u00f3 la posta a Daniel. El cuencano nuevamente cumpli\u00f3, mantuvo esta ventaja y dej\u00f3 que la ibarre\u00f1a remate la prueba. A descansar y pensar en Par\u00eds Se acab\u00f3 una hist\u00f3rica temporada para Glenda Morej\u00f3n. La ibarre\u00f1a se coron\u00f3 bicampeona nacional, obtuvo su clasificaci\u00f3n a Juegos Ol\u00edmpicos y culmin\u00f3 sexta en el Mundial de Atletismo, su mejor ubicaci\u00f3n hist\u00f3rica en este evento. \u00abHa sido un a\u00f1o lleno de muchas alegr\u00edas, muchas l\u00e1grimas tambi\u00e9n, he pasado por procesos dif\u00edciles de entender en mi vida, pero Dios me ha dado la sabidur\u00eda y voluntad\u00bb. Glenda califica a esta temporada como \u00abexcelente\u00bb y ahora se tomar\u00e1 un descanso, antes de iniciar la temporada 2024, con el objetivo principal de ganar el oro en los Juegos Ol\u00edmpicos. La marchista tiene sed de revancha. Hace dos a\u00f1os, en Tokio 2021, la atleta tuvo que dejar la prueba a mitad del recorrido por problemas estomacales. Ahora, en Par\u00eds, quiere demostrar que puede pelear por una medalla. Por el momento, la ibarre\u00f1a tiene planificado competir el pr\u00f3ximo a\u00f1o en el Nacional de Marcha y en el Mundial de Marcha, que ser\u00e1 en Turqu\u00eda. Luego, todo el enfoque ser\u00e1 en los Juegos Ol\u00edmpicos. Glenda Morej\u00f3n, la marchista que se hizo conocida por competir con unos zapatitos rotos, ahora es una de las atletas m\u00e1s importantes del continente y llegar\u00e1 a Par\u00eds como una de las<\/p>\n","protected":false},"author":1,"featured_media":12139,"comment_status":"open","ping_status":"open","sticky":false,"template":"","format":"standard","meta":{"footnotes":""},"categories":[268],"tags":[],"class_list":["post-12138","post","type-post","status-publish","format-standard","has-post-thumbnail","hentry","category-nacionales"],"_links":{"self":[{"href":"https:\/\/www.elamazonico.com\/portal\/wp-json\/wp\/v2\/posts\/12138","targetHints":{"allow":["GET"]}}],"collection":[{"href":"https:\/\/www.elamazonico.com\/portal\/wp-json\/wp\/v2\/posts"}],"about":[{"href":"https:\/\/www.elamazonico.com\/portal\/wp-json\/wp\/v2\/types\/post"}],"author":[{"embeddable":true,"href":"https:\/\/www.elamazonico.com\/portal\/wp-json\/wp\/v2\/users\/1"}],"replies":[{"embeddable":true,"href":"https:\/\/www.elamazonico.com\/portal\/wp-json\/wp\/v2\/comments?post=12138"}],"version-history":[{"count":1,"href":"https:\/\/www.elamazonico.com\/portal\/wp-json\/wp\/v2\/posts\/12138\/revisions"}],"predecessor-version":[{"id":12140,"href":"https:\/\/www.elamazonico.com\/portal\/wp-json\/wp\/v2\/posts\/12138\/revisions\/12140"}],"wp:featuredmedia":[{"embeddable":true,"href":"https:\/\/www.elamazonico.com\/portal\/wp-json\/wp\/v2\/media\/12139"}],"wp:attachment":[{"href":"https:\/\/www.elamazonico.com\/portal\/wp-json\/wp\/v2\/media?parent=12138"}],"wp:term":[{"taxonomy":"category","embeddable":true,"href":"https:\/\/www.elamazonico.com\/portal\/wp-json\/wp\/v2\/categories?post=12138"},{"taxonomy":"post_tag","embeddable":true,"href":"https:\/\/www.elamazonico.com\/portal\/wp-json\/wp\/v2\/tags?post=12138"}],"curies":[{"name":"wp","href":"https:\/\/api.w.org\/{rel}","templated":true}]}}