{"id":12113,"date":"2023-11-03T12:19:38","date_gmt":"2023-11-03T17:19:38","guid":{"rendered":"https:\/\/www.elamazonico.com\/portal\/?p=12113"},"modified":"2023-11-03T12:19:38","modified_gmt":"2023-11-03T17:19:38","slug":"noboa-habla-de-su-consulta-popular-en-encuentro-con-inversionistas-espanoles","status":"publish","type":"post","link":"https:\/\/www.elamazonico.com\/portal\/noboa-habla-de-su-consulta-popular-en-encuentro-con-inversionistas-espanoles\/","title":{"rendered":"Noboa habla de su consulta popular en encuentro con inversionistas espa\u00f1oles"},"content":{"rendered":"<p>El\u00a0presidente electo de Ecuador, Daniel Noboa,\u00a0ratific\u00f3 la intenci\u00f3n de realizar una\u00a0consulta popular frente a\u00a0inversionistas espa\u00f1oles, a quienes les present\u00f3 su plan de trabajo en lo referente a la\u00a0generaci\u00f3n de empleo.<\/p>\n<p>Noboa se reuni\u00f3 con la directiva y miembros del\u00a0Consejo Empresarial Alianza por Iberoam\u00e9rica\u00a0(CEAPI) en\u00a0Madrid. Esa entidad est\u00e1 formada por 250 presidentes de empresas iberoamericanas. Y, en la cita estuvieron representantes de \u00e1reas como\u00a0telecomunicaciones,\u00a0seguros, tecnolog\u00eda, construcci\u00f3n y tecnolog\u00eda.<\/p>\n<p>All\u00ed, Noboa aprovech\u00f3 la oportunidad para mencionar su propuesta de reformas mediante una consulta popular. En un comunicado enviado por su equipo este viernes, se se\u00f1ala: \u201ccoment\u00f3 su decisi\u00f3n de convocar a una consulta popular que tiene como prop\u00f3sito dar mayor seguridad, aumentar el atractivo del pa\u00eds hacia la inversi\u00f3n extranjera y fomentar la creaci\u00f3n de empleo\u201d.<\/p>\n<hr \/>\n<p class=\"ns2-title\"><strong><a href=\"https:\/\/www.ecuadorenvivo.com\/index.php\/politica\/item\/170639-veronica-abad-y-gabriela-sommerfeld-estaran-al-frente-de-la-politica-internacional\">Ver\u00f3nica Abad y Gabriela Sommerfeld estar\u00e1n al frente de la pol\u00edtica internacional<\/a><\/strong><\/p>\n<hr \/>\n<p>Sobre su programa para el empleo se\u00f1al\u00f3: \u201cEste proyecto fue una\u00a0respuesta a las necesidades que existen hoy\u00a0en d\u00eda. Parte de nuestro problema es la inseguridad que le estamos dando a la juventud. Por eso, reducir la violencia y la desocupaci\u00f3n y crear empleo est\u00e1 en nuestro programa\u201d.<\/p>\n<p>Por su parte, la presidenta de Ceapi,\u00a0N\u00faria Vilanova, dijo que Noboa transmiti\u00f3 en su discurso visi\u00f3n, esperanza, conocimiento y empat\u00eda.<\/p>\n<p>Durante la visita a Espa\u00f1a, Noboa tambi\u00e9n recibi\u00f3 la Medalla Internacional de la Comunidad de Madrid, la distinci\u00f3n de mayor relevancia y prestigio concedida por el Gobierno de esta regi\u00f3n espa\u00f1ola. Fuente: Ecuador en vivo<\/p>\n","protected":false},"excerpt":{"rendered":"<p>El\u00a0presidente electo de Ecuador, Daniel Noboa,\u00a0ratific\u00f3 la intenci\u00f3n de realizar una\u00a0consulta popular frente a\u00a0inversionistas espa\u00f1oles, a quienes les present\u00f3 su plan de trabajo en lo referente a la\u00a0generaci\u00f3n de empleo. Noboa se reuni\u00f3 con la directiva y miembros del\u00a0Consejo Empresarial Alianza por Iberoam\u00e9rica\u00a0(CEAPI) en\u00a0Madrid. Esa entidad est\u00e1 formada por 250 presidentes de empresas iberoamericanas. Y, en la cita estuvieron representantes de \u00e1reas como\u00a0telecomunicaciones,\u00a0seguros, tecnolog\u00eda, construcci\u00f3n y tecnolog\u00eda. All\u00ed, Noboa aprovech\u00f3 la oportunidad para mencionar su propuesta de reformas mediante una consulta popular. En un comunicado enviado por su equipo este viernes, se se\u00f1ala: \u201ccoment\u00f3 su decisi\u00f3n de convocar a una consulta popular que tiene como prop\u00f3sito dar mayor seguridad, aumentar el atractivo del pa\u00eds hacia la inversi\u00f3n extranjera y fomentar la creaci\u00f3n de empleo\u201d. Ver\u00f3nica Abad y Gabriela Sommerfeld estar\u00e1n al frente de la pol\u00edtica internacional Sobre su programa para el empleo se\u00f1al\u00f3: \u201cEste proyecto fue una\u00a0respuesta a las necesidades que existen hoy\u00a0en d\u00eda. Parte de nuestro problema es la inseguridad que le estamos dando a la juventud. Por eso, reducir la violencia y la desocupaci\u00f3n y crear empleo est\u00e1 en nuestro programa\u201d. Por su parte, la presidenta de Ceapi,\u00a0N\u00faria Vilanova, dijo que Noboa transmiti\u00f3 en su discurso visi\u00f3n, esperanza, conocimiento y empat\u00eda. Durante la visita a Espa\u00f1a, Noboa tambi\u00e9n recibi\u00f3 la Medalla Internacional de la Comunidad de Madrid, la distinci\u00f3n de mayor relevancia y prestigio concedida por el Gobierno de esta regi\u00f3n espa\u00f1ola. Fuente: Ecuador en vivo<\/p>\n","protected":false},"author":1,"featured_media":12114,"comment_status":"open","ping_status":"open","sticky":false,"template":"","format":"standard","meta":{"footnotes":""},"categories":[268],"tags":[],"class_list":["post-12113","post","type-post","status-publish","format-standard","has-post-thumbnail","hentry","category-nacionales"],"_links":{"self":[{"href":"https:\/\/www.elamazonico.com\/portal\/wp-json\/wp\/v2\/posts\/12113","targetHints":{"allow":["GET"]}}],"collection":[{"href":"https:\/\/www.elamazonico.com\/portal\/wp-json\/wp\/v2\/posts"}],"about":[{"href":"https:\/\/www.elamazonico.com\/portal\/wp-json\/wp\/v2\/types\/post"}],"author":[{"embeddable":true,"href":"https:\/\/www.elamazonico.com\/portal\/wp-json\/wp\/v2\/users\/1"}],"replies":[{"embeddable":true,"href":"https:\/\/www.elamazonico.com\/portal\/wp-json\/wp\/v2\/comments?post=12113"}],"version-history":[{"count":1,"href":"https:\/\/www.elamazonico.com\/portal\/wp-json\/wp\/v2\/posts\/12113\/revisions"}],"predecessor-version":[{"id":12115,"href":"https:\/\/www.elamazonico.com\/portal\/wp-json\/wp\/v2\/posts\/12113\/revisions\/12115"}],"wp:featuredmedia":[{"embeddable":true,"href":"https:\/\/www.elamazonico.com\/portal\/wp-json\/wp\/v2\/media\/12114"}],"wp:attachment":[{"href":"https:\/\/www.elamazonico.com\/portal\/wp-json\/wp\/v2\/media?parent=12113"}],"wp:term":[{"taxonomy":"category","embeddable":true,"href":"https:\/\/www.elamazonico.com\/portal\/wp-json\/wp\/v2\/categories?post=12113"},{"taxonomy":"post_tag","embeddable":true,"href":"https:\/\/www.elamazonico.com\/portal\/wp-json\/wp\/v2\/tags?post=12113"}],"curies":[{"name":"wp","href":"https:\/\/api.w.org\/{rel}","templated":true}]}}