{"id":12110,"date":"2023-11-03T12:13:05","date_gmt":"2023-11-03T17:13:05","guid":{"rendered":"https:\/\/www.elamazonico.com\/portal\/?p=12110"},"modified":"2023-11-03T12:13:05","modified_gmt":"2023-11-03T17:13:05","slug":"prefectura-de-pichincha-es-allana-por-presunto-peculado","status":"publish","type":"post","link":"https:\/\/www.elamazonico.com\/portal\/prefectura-de-pichincha-es-allana-por-presunto-peculado\/","title":{"rendered":"Prefectura de Pichincha es allana por presunto peculado"},"content":{"rendered":"<p>En el marco de una investigaci\u00f3n previa abierta por un presunto delito de peculado, la sede de la Prefectura de Pichincha fue allanada la tarde de este jueves 02 de noviembre de 2023.<\/p>\n<p>La Fiscal\u00eda inform\u00f3 que, en coordinaci\u00f3n con la Polic\u00eda Nacional, realiz\u00f3 esta acci\u00f3n tanto en Quito como en una vivienda en la provincia del Guayas, con el\u00a0objetivo de recabar indicios.<\/p>\n<p>\u00abEn el edificio sede de la Prefectura de Pichincha, los equipos de Fiscal\u00eda y Polic\u00eda levantan indicios de la oficina que habr\u00eda ocupado una de las personas investigadas. Tambi\u00e9n se interviene el \u00e1rea de tecnolog\u00edas de la misma instituci\u00f3n\u00bb, detallaron.<\/p>\n<hr \/>\n<p><strong><a class=\"moduleItemTitle1\" href=\"https:\/\/www.ecuadorenvivo.com\/index.php\/cronica-roja\/item\/170629-fiscalia-procesa-a-2-personas-por-presunta-estafa\">Fiscal\u00eda procesa a 2 personas por presunta estafa<\/a><\/strong><\/p>\n<hr \/>\n<p>Mientras que en el domicilio de un investigado se levantaron indicios electr\u00f3nicos y documentos que \u00abpermitir\u00e1n continuar con la investigaci\u00f3n\u00bb, agregan.<\/p>\n<p>Tras la acci\u00f3n, la\u00a0prefecta de Pichincha, Paola Pab\u00f3n, calific\u00f3 el acto como \u00abinaudito\u00bb y \u00abun burdo intento por polemizar y mediatizar un caso\u00bb.<\/p>\n<p>Y es que seg\u00fan indica, ya desde la instituci\u00f3n hab\u00edan se\u00f1alado casillero judicial para el proceso y entregado toda la informaci\u00f3n requerida, con sus respaldos, en 16 cajas \u00abdebidamente selladas\u00bb sobre el caso. Pero, pese a ello, la Fiscal\u00eda allan\u00f3 la Prefectura en feriado nacional, \u00abcuando nuestro personal est\u00e1 trabajando en las v\u00edas en el operativo Pichincha Segura\u00bb, reproch\u00f3 la prefecta. <strong>Fuente: Ecuador en vivo<\/strong><\/p>\n","protected":false},"excerpt":{"rendered":"<p>En el marco de una investigaci\u00f3n previa abierta por un presunto delito de peculado, la sede de la Prefectura de Pichincha fue allanada la tarde de este jueves 02 de noviembre de 2023. La Fiscal\u00eda inform\u00f3 que, en coordinaci\u00f3n con la Polic\u00eda Nacional, realiz\u00f3 esta acci\u00f3n tanto en Quito como en una vivienda en la provincia del Guayas, con el\u00a0objetivo de recabar indicios. \u00abEn el edificio sede de la Prefectura de Pichincha, los equipos de Fiscal\u00eda y Polic\u00eda levantan indicios de la oficina que habr\u00eda ocupado una de las personas investigadas. Tambi\u00e9n se interviene el \u00e1rea de tecnolog\u00edas de la misma instituci\u00f3n\u00bb, detallaron. Fiscal\u00eda procesa a 2 personas por presunta estafa Mientras que en el domicilio de un investigado se levantaron indicios electr\u00f3nicos y documentos que \u00abpermitir\u00e1n continuar con la investigaci\u00f3n\u00bb, agregan. Tras la acci\u00f3n, la\u00a0prefecta de Pichincha, Paola Pab\u00f3n, calific\u00f3 el acto como \u00abinaudito\u00bb y \u00abun burdo intento por polemizar y mediatizar un caso\u00bb. Y es que seg\u00fan indica, ya desde la instituci\u00f3n hab\u00edan se\u00f1alado casillero judicial para el proceso y entregado toda la informaci\u00f3n requerida, con sus respaldos, en 16 cajas \u00abdebidamente selladas\u00bb sobre el caso. Pero, pese a ello, la Fiscal\u00eda allan\u00f3 la Prefectura en feriado nacional, \u00abcuando nuestro personal est\u00e1 trabajando en las v\u00edas en el operativo Pichincha Segura\u00bb, reproch\u00f3 la prefecta. Fuente: Ecuador en vivo<\/p>\n","protected":false},"author":1,"featured_media":12111,"comment_status":"open","ping_status":"open","sticky":false,"template":"","format":"standard","meta":{"footnotes":""},"categories":[268],"tags":[],"class_list":["post-12110","post","type-post","status-publish","format-standard","has-post-thumbnail","hentry","category-nacionales"],"_links":{"self":[{"href":"https:\/\/www.elamazonico.com\/portal\/wp-json\/wp\/v2\/posts\/12110","targetHints":{"allow":["GET"]}}],"collection":[{"href":"https:\/\/www.elamazonico.com\/portal\/wp-json\/wp\/v2\/posts"}],"about":[{"href":"https:\/\/www.elamazonico.com\/portal\/wp-json\/wp\/v2\/types\/post"}],"author":[{"embeddable":true,"href":"https:\/\/www.elamazonico.com\/portal\/wp-json\/wp\/v2\/users\/1"}],"replies":[{"embeddable":true,"href":"https:\/\/www.elamazonico.com\/portal\/wp-json\/wp\/v2\/comments?post=12110"}],"version-history":[{"count":1,"href":"https:\/\/www.elamazonico.com\/portal\/wp-json\/wp\/v2\/posts\/12110\/revisions"}],"predecessor-version":[{"id":12112,"href":"https:\/\/www.elamazonico.com\/portal\/wp-json\/wp\/v2\/posts\/12110\/revisions\/12112"}],"wp:featuredmedia":[{"embeddable":true,"href":"https:\/\/www.elamazonico.com\/portal\/wp-json\/wp\/v2\/media\/12111"}],"wp:attachment":[{"href":"https:\/\/www.elamazonico.com\/portal\/wp-json\/wp\/v2\/media?parent=12110"}],"wp:term":[{"taxonomy":"category","embeddable":true,"href":"https:\/\/www.elamazonico.com\/portal\/wp-json\/wp\/v2\/categories?post=12110"},{"taxonomy":"post_tag","embeddable":true,"href":"https:\/\/www.elamazonico.com\/portal\/wp-json\/wp\/v2\/tags?post=12110"}],"curies":[{"name":"wp","href":"https:\/\/api.w.org\/{rel}","templated":true}]}}