{"id":12082,"date":"2023-10-31T06:09:08","date_gmt":"2023-10-31T11:09:08","guid":{"rendered":"https:\/\/www.elamazonico.com\/portal\/?p=12082"},"modified":"2023-10-31T06:09:08","modified_gmt":"2023-10-31T11:09:08","slug":"25-paises-estaran-presentes-en-la-octava-edicion-del-fiavl-2023","status":"publish","type":"post","link":"https:\/\/www.elamazonico.com\/portal\/25-paises-estaran-presentes-en-la-octava-edicion-del-fiavl-2023\/","title":{"rendered":"25 pa\u00edses estar\u00e1n presentes en la octava Edici\u00f3n del FIAVL 2023"},"content":{"rendered":"<p>Del 15 al 25 de noviembre la ciudad de Loja, capital de la provincia del mismo nombre, ser\u00e1 testigo de la realizaci\u00f3n de la octava edici\u00f3n del Festival Internacional de Artes Vivas 2023, organizado por el Municipio de Loja y e Ministerio de Cultura.<\/p>\n<p>El municipio de Loja tiene un sinn\u00famero de actividades y eventos en distintas manifestaciones art\u00edsticas: esc\u00e9nicas, pl\u00e1sticas, literarias, visuales, musicales durante 11. Existen m\u00e1s de 300 espect\u00e1culos de los cuales, 292 son de car\u00e1cter local, 36 nacionales y 10 a nivel internacional, 20 exposiciones permanentes, la activaci\u00f3n de 50 espacios culturales, teatros, plazas, calles, en barrios, parroquias, etc. Estar\u00e1n presentes alrededor de 25 pa\u00edses en esta edici\u00f3n, siendo M\u00e9xico es el \u2018pa\u00eds invitado de honor\u2019 que traer\u00e1 obras con su cultura para plasmarlas en el Ecuador.<\/p>\n<p>En este a\u00f1o se dar\u00e1 el desfile de Artes Vivas, pues anteriormente se unificaban con las fiestas por el 17 de noviembre (Independencia de Loja), pero ahora lo har\u00e1n por separado dos d\u00edas antes. \u00a0El 15 de noviembre se dar\u00e1 el desfile de artes de vivas, que servir\u00e1 como apertura a las 18h30, desde el Cabo Minacho por la Avenida Eduardo Kigman. En los siguientes d\u00edas empezar\u00e1n a colocar la log\u00edstica y decoraci\u00f3n de la ciudad con estas festividades.<\/p>\n<p>El desfile se ha denominado como \u2018Camino de luci\u00e9rnagas\u2019 porque como tem\u00e1tica, fusiona las distintas manifestaciones art\u00edsticas con la luz. Por lo que han tenido la inscripci\u00f3n de algunas empresas, instituciones educativas, culturales. En este mismo d\u00eda, se dar\u00e1 un concierto con la presentaci\u00f3n art\u00edstica de Yahuarz\u00f3nicos y Papaya Dada.<\/p>\n<p>Se descentralizar\u00e1 la calle Bol\u00edvar y las expresiones art\u00edsticas, tambi\u00e9n se podr\u00e1n plasmar y observar en algunas plazas c\u00e9ntricas de la ciudad de Loja. En los 11 d\u00edas de festividades existir\u00e1n conciertos todos los d\u00edas. Prev\u00e9n visitar las parroquias de El Cisne, San Lucas, Chuquiribamba y Vilcabamba, con caracter\u00edsticas y representaciones culturales y religiosas propias de cada una de ellas.<\/p>\n<p>\u201cLa clausura se realizar\u00e1 en la explanada del complejo ferial Sim\u00f3n Bol\u00edvar con la tem\u00e1tica lojana, ecuatoriana y mexicana\u201d, dijo Josselyn Llacxaguanga, coordinadora del Festival Internacional del Artes Vivas Loja-2023. LM<\/p>\n","protected":false},"excerpt":{"rendered":"<p>Del 15 al 25 de noviembre la ciudad de Loja, capital de la provincia del mismo nombre, ser\u00e1 testigo de la realizaci\u00f3n de la octava edici\u00f3n del Festival Internacional de Artes Vivas 2023, organizado por el Municipio de Loja y e Ministerio de Cultura. El municipio de Loja tiene un sinn\u00famero de actividades y eventos en distintas manifestaciones art\u00edsticas: esc\u00e9nicas, pl\u00e1sticas, literarias, visuales, musicales durante 11. Existen m\u00e1s de 300 espect\u00e1culos de los cuales, 292 son de car\u00e1cter local, 36 nacionales y 10 a nivel internacional, 20 exposiciones permanentes, la activaci\u00f3n de 50 espacios culturales, teatros, plazas, calles, en barrios, parroquias, etc. Estar\u00e1n presentes alrededor de 25 pa\u00edses en esta edici\u00f3n, siendo M\u00e9xico es el \u2018pa\u00eds invitado de honor\u2019 que traer\u00e1 obras con su cultura para plasmarlas en el Ecuador. En este a\u00f1o se dar\u00e1 el desfile de Artes Vivas, pues anteriormente se unificaban con las fiestas por el 17 de noviembre (Independencia de Loja), pero ahora lo har\u00e1n por separado dos d\u00edas antes. \u00a0El 15 de noviembre se dar\u00e1 el desfile de artes de vivas, que servir\u00e1 como apertura a las 18h30, desde el Cabo Minacho por la Avenida Eduardo Kigman. En los siguientes d\u00edas empezar\u00e1n a colocar la log\u00edstica y decoraci\u00f3n de la ciudad con estas festividades. El desfile se ha denominado como \u2018Camino de luci\u00e9rnagas\u2019 porque como tem\u00e1tica, fusiona las distintas manifestaciones art\u00edsticas con la luz. Por lo que han tenido la inscripci\u00f3n de algunas empresas, instituciones educativas, culturales. En este mismo d\u00eda, se dar\u00e1 un concierto con la presentaci\u00f3n art\u00edstica de Yahuarz\u00f3nicos y Papaya Dada. Se descentralizar\u00e1 la calle Bol\u00edvar y las expresiones art\u00edsticas, tambi\u00e9n se podr\u00e1n plasmar y observar en algunas plazas c\u00e9ntricas de la ciudad de Loja. En los 11 d\u00edas de festividades existir\u00e1n conciertos todos los d\u00edas. Prev\u00e9n visitar las parroquias de El Cisne, San Lucas, Chuquiribamba y Vilcabamba, con caracter\u00edsticas y representaciones culturales y religiosas propias de cada una de ellas. \u201cLa clausura se realizar\u00e1 en la explanada del complejo ferial Sim\u00f3n Bol\u00edvar con la tem\u00e1tica lojana, ecuatoriana y mexicana\u201d, dijo Josselyn Llacxaguanga, coordinadora del Festival Internacional del Artes Vivas Loja-2023. LM<\/p>\n","protected":false},"author":1,"featured_media":12083,"comment_status":"open","ping_status":"open","sticky":false,"template":"","format":"standard","meta":{"footnotes":""},"categories":[284,243],"tags":[],"class_list":["post-12082","post","type-post","status-publish","format-standard","has-post-thumbnail","hentry","category-noticias-loja","category-noticias-zamora"],"_links":{"self":[{"href":"https:\/\/www.elamazonico.com\/portal\/wp-json\/wp\/v2\/posts\/12082","targetHints":{"allow":["GET"]}}],"collection":[{"href":"https:\/\/www.elamazonico.com\/portal\/wp-json\/wp\/v2\/posts"}],"about":[{"href":"https:\/\/www.elamazonico.com\/portal\/wp-json\/wp\/v2\/types\/post"}],"author":[{"embeddable":true,"href":"https:\/\/www.elamazonico.com\/portal\/wp-json\/wp\/v2\/users\/1"}],"replies":[{"embeddable":true,"href":"https:\/\/www.elamazonico.com\/portal\/wp-json\/wp\/v2\/comments?post=12082"}],"version-history":[{"count":1,"href":"https:\/\/www.elamazonico.com\/portal\/wp-json\/wp\/v2\/posts\/12082\/revisions"}],"predecessor-version":[{"id":12084,"href":"https:\/\/www.elamazonico.com\/portal\/wp-json\/wp\/v2\/posts\/12082\/revisions\/12084"}],"wp:featuredmedia":[{"embeddable":true,"href":"https:\/\/www.elamazonico.com\/portal\/wp-json\/wp\/v2\/media\/12083"}],"wp:attachment":[{"href":"https:\/\/www.elamazonico.com\/portal\/wp-json\/wp\/v2\/media?parent=12082"}],"wp:term":[{"taxonomy":"category","embeddable":true,"href":"https:\/\/www.elamazonico.com\/portal\/wp-json\/wp\/v2\/categories?post=12082"},{"taxonomy":"post_tag","embeddable":true,"href":"https:\/\/www.elamazonico.com\/portal\/wp-json\/wp\/v2\/tags?post=12082"}],"curies":[{"name":"wp","href":"https:\/\/api.w.org\/{rel}","templated":true}]}}