{"id":12079,"date":"2023-10-30T11:12:07","date_gmt":"2023-10-30T16:12:07","guid":{"rendered":"https:\/\/www.elamazonico.com\/portal\/?p=12079"},"modified":"2023-10-30T11:12:07","modified_gmt":"2023-10-30T16:12:07","slug":"bracamoros-cofee-la-feria-que-reune-al-mejor-cafe-del-sur-del-pais","status":"publish","type":"post","link":"https:\/\/www.elamazonico.com\/portal\/bracamoros-cofee-la-feria-que-reune-al-mejor-cafe-del-sur-del-pais\/","title":{"rendered":"\u201cBracamoros Cofee\u201d la feria que re\u00fane al mejor caf\u00e9 del sur del pa\u00eds"},"content":{"rendered":"<p>Este ultimo s\u00e1bado, 28 de octubre en el Parque Central de Zumba, cabecera cantonal de Chinchipe, se realiz\u00f3 la feria \u201cBracamoros Coffee\u201d que re\u00fane a la mejor calidad de caf\u00e9 del sur del pa\u00eds. Esta actividad comercial y productiva se realiz\u00f3 gracias a la cooperaci\u00f3n interinstitucional entre la Prefectura de Zamora Chinchipe, el gad municipal de Chinchipe y organizaciones caficultoras.<\/p>\n<p>Despu\u00e9s de cinco a\u00f1os consecutivos, por eventualidades como la pandemia, se suspendi\u00f3, pero en este 2023, se reactiv\u00f3, siendo aclamada por la ciudadan\u00eda y esperada por los amantes del aroma y sabor del buen caf\u00e9. Los organizadores la catapultaron como \u2018exitosa\u2019, ya que se premi\u00f3 a los productores que trabajaron durante un largo periodo para obtener grandes resultados.<\/p>\n<p>El cant\u00f3n Palanda se alz\u00f3 con el primer lugar del \u2018Mejor caf\u00e9 de la \u201cBracamoros Coffe\u201d 2023\u2019, donde Jos\u00e9 Reyes, oriundo del barrio Las Juntas, obtuvo el mayor porcentaje con 88,86. En otras categor\u00edas premiadas se encontr\u00f3 a \u2018Mejor finca de caf\u00e9\u2019: Luis Luz\u00f3n, Palanda, Los Entierros; \u2018Mejor lote de caf\u00e9 2023\u2019: Jos\u00e9 Reyes Merino, Palanda, Las Juntas.<\/p>\n<p>Adem\u00e1s, se inscribieron 140 emprendimientos, evento donde la Prefectura DE Zamora Chinchipe invirti\u00f3 USD 25.000 por concepto de incentivo a los participantes y para la log\u00edstica. Cabe indicar que se realiz\u00f3 una subasta p\u00fablica; el primer lugar vendi\u00f3 su lote de caf\u00e9 de 5 quintales en un precio de USD 5.060 a la empresa Ecuatoriana de Guayaquil Suave Caf\u00e9.<\/p>\n<p>Hugo Zarate, representante de las organizaciones de caf\u00e9, dijo que: \u201cgracias al trabajo y al esfuerzo que cada uno de ellos le pone al cultivo de caf\u00e9, cacao y otros productos, cuya producci\u00f3n por su excelencia, sabores especiales se dan por nuestros microclimas (\u2026) por lo cual es requerido por los clientes m\u00e1s exigentes de los mercados internacionales como Francia, Alemania, Italia, Estados Unidos y Asia\u201d, expuso que el comercio nacional e internacional se da gracias a alianzas estrat\u00e9gicas.<\/p>\n<p>El evento tambi\u00e9n cont\u00f3 con la presencia de otros alcaldes de la provincia, los concejales, ciudadan\u00eda en general. Esta feria tambi\u00e9n convoca a la poblaci\u00f3n peruana fronteriza que a trav\u00e9s de expresiones art\u00edsticas comparten su cultura. \u201cEsta feria la organizamos en honor a nuestra patrona Virgen del Rosario, por 52 a\u00f1os, con car\u00e1cter de integraci\u00f3n binacional con nuestros hermanos peruanos. Cuando tomamos las riendas de la administraci\u00f3n, tuvimos la decisi\u00f3n firme de apoyo a nuestros productores y emprendedores, fue nuestro compromiso con la prefecta\u201d, expuso Henry Ord\u00f3\u00f1ez, alcalde de Chinchipe.<\/p>\n<p>Por su parte, la prefecta de la provincia, Karla Re\u00e1tegui, quien lidera el gobierno provincial y en alusi\u00f3n a una de las competencias de este ente; la producci\u00f3n, manifest\u00f3 lo siguiente: \u201cpara nosotros como \u00a0\u00a0\u00a0 Prefectura, Agropzachin nos enorgullece estar aqu\u00ed, despu\u00e9s de cinco a\u00f1os para compartir este espacio. Seguiremos trabajando y aunando esfuerzos para el sector productivo\u201d, dijo la autoridad provincial.<\/p>\n","protected":false},"excerpt":{"rendered":"<p>Este ultimo s\u00e1bado, 28 de octubre en el Parque Central de Zumba, cabecera cantonal de Chinchipe, se realiz\u00f3 la feria \u201cBracamoros Coffee\u201d que re\u00fane a la mejor calidad de caf\u00e9 del sur del pa\u00eds. Esta actividad comercial y productiva se realiz\u00f3 gracias a la cooperaci\u00f3n interinstitucional entre la Prefectura de Zamora Chinchipe, el gad municipal de Chinchipe y organizaciones caficultoras. Despu\u00e9s de cinco a\u00f1os consecutivos, por eventualidades como la pandemia, se suspendi\u00f3, pero en este 2023, se reactiv\u00f3, siendo aclamada por la ciudadan\u00eda y esperada por los amantes del aroma y sabor del buen caf\u00e9. Los organizadores la catapultaron como \u2018exitosa\u2019, ya que se premi\u00f3 a los productores que trabajaron durante un largo periodo para obtener grandes resultados. El cant\u00f3n Palanda se alz\u00f3 con el primer lugar del \u2018Mejor caf\u00e9 de la \u201cBracamoros Coffe\u201d 2023\u2019, donde Jos\u00e9 Reyes, oriundo del barrio Las Juntas, obtuvo el mayor porcentaje con 88,86. En otras categor\u00edas premiadas se encontr\u00f3 a \u2018Mejor finca de caf\u00e9\u2019: Luis Luz\u00f3n, Palanda, Los Entierros; \u2018Mejor lote de caf\u00e9 2023\u2019: Jos\u00e9 Reyes Merino, Palanda, Las Juntas. Adem\u00e1s, se inscribieron 140 emprendimientos, evento donde la Prefectura DE Zamora Chinchipe invirti\u00f3 USD 25.000 por concepto de incentivo a los participantes y para la log\u00edstica. Cabe indicar que se realiz\u00f3 una subasta p\u00fablica; el primer lugar vendi\u00f3 su lote de caf\u00e9 de 5 quintales en un precio de USD 5.060 a la empresa Ecuatoriana de Guayaquil Suave Caf\u00e9. Hugo Zarate, representante de las organizaciones de caf\u00e9, dijo que: \u201cgracias al trabajo y al esfuerzo que cada uno de ellos le pone al cultivo de caf\u00e9, cacao y otros productos, cuya producci\u00f3n por su excelencia, sabores especiales se dan por nuestros microclimas (\u2026) por lo cual es requerido por los clientes m\u00e1s exigentes de los mercados internacionales como Francia, Alemania, Italia, Estados Unidos y Asia\u201d, expuso que el comercio nacional e internacional se da gracias a alianzas estrat\u00e9gicas. El evento tambi\u00e9n cont\u00f3 con la presencia de otros alcaldes de la provincia, los concejales, ciudadan\u00eda en general. Esta feria tambi\u00e9n convoca a la poblaci\u00f3n peruana fronteriza que a trav\u00e9s de expresiones art\u00edsticas comparten su cultura. \u201cEsta feria la organizamos en honor a nuestra patrona Virgen del Rosario, por 52 a\u00f1os, con car\u00e1cter de integraci\u00f3n binacional con nuestros hermanos peruanos. Cuando tomamos las riendas de la administraci\u00f3n, tuvimos la decisi\u00f3n firme de apoyo a nuestros productores y emprendedores, fue nuestro compromiso con la prefecta\u201d, expuso Henry Ord\u00f3\u00f1ez, alcalde de Chinchipe. Por su parte, la prefecta de la provincia, Karla Re\u00e1tegui, quien lidera el gobierno provincial y en alusi\u00f3n a una de las competencias de este ente; la producci\u00f3n, manifest\u00f3 lo siguiente: \u201cpara nosotros como \u00a0\u00a0\u00a0 Prefectura, Agropzachin nos enorgullece estar aqu\u00ed, despu\u00e9s de cinco a\u00f1os para compartir este espacio. Seguiremos trabajando y aunando esfuerzos para el sector productivo\u201d, dijo la autoridad provincial.<\/p>\n","protected":false},"author":1,"featured_media":12080,"comment_status":"open","ping_status":"open","sticky":false,"template":"","format":"standard","meta":{"footnotes":""},"categories":[243],"tags":[],"class_list":["post-12079","post","type-post","status-publish","format-standard","has-post-thumbnail","hentry","category-noticias-zamora"],"_links":{"self":[{"href":"https:\/\/www.elamazonico.com\/portal\/wp-json\/wp\/v2\/posts\/12079","targetHints":{"allow":["GET"]}}],"collection":[{"href":"https:\/\/www.elamazonico.com\/portal\/wp-json\/wp\/v2\/posts"}],"about":[{"href":"https:\/\/www.elamazonico.com\/portal\/wp-json\/wp\/v2\/types\/post"}],"author":[{"embeddable":true,"href":"https:\/\/www.elamazonico.com\/portal\/wp-json\/wp\/v2\/users\/1"}],"replies":[{"embeddable":true,"href":"https:\/\/www.elamazonico.com\/portal\/wp-json\/wp\/v2\/comments?post=12079"}],"version-history":[{"count":1,"href":"https:\/\/www.elamazonico.com\/portal\/wp-json\/wp\/v2\/posts\/12079\/revisions"}],"predecessor-version":[{"id":12081,"href":"https:\/\/www.elamazonico.com\/portal\/wp-json\/wp\/v2\/posts\/12079\/revisions\/12081"}],"wp:featuredmedia":[{"embeddable":true,"href":"https:\/\/www.elamazonico.com\/portal\/wp-json\/wp\/v2\/media\/12080"}],"wp:attachment":[{"href":"https:\/\/www.elamazonico.com\/portal\/wp-json\/wp\/v2\/media?parent=12079"}],"wp:term":[{"taxonomy":"category","embeddable":true,"href":"https:\/\/www.elamazonico.com\/portal\/wp-json\/wp\/v2\/categories?post=12079"},{"taxonomy":"post_tag","embeddable":true,"href":"https:\/\/www.elamazonico.com\/portal\/wp-json\/wp\/v2\/tags?post=12079"}],"curies":[{"name":"wp","href":"https:\/\/api.w.org\/{rel}","templated":true}]}}