{"id":12076,"date":"2023-10-30T10:51:21","date_gmt":"2023-10-30T15:51:21","guid":{"rendered":"https:\/\/www.elamazonico.com\/portal\/?p=12076"},"modified":"2023-10-30T10:51:21","modified_gmt":"2023-10-30T15:51:21","slug":"ayudas-humanitarias-llegan-a-ciudadanos-con-discapacidad","status":"publish","type":"post","link":"https:\/\/www.elamazonico.com\/portal\/ayudas-humanitarias-llegan-a-ciudadanos-con-discapacidad\/","title":{"rendered":"Ayudas humanitarias llegan a ciudadanos con discapacidad."},"content":{"rendered":"<p style=\"font-weight: 400;\">Renato Jim\u00e9nez, es hijo \u00fanico de una familia de la parroquia Timbara, de escasos recursos econ\u00f3micos. Hoy tiene 9 a\u00f1os, y a sus cortos 4 meses de edad fue diagnosticado\u00a0con par\u00e1lisis cerebral al 100%.<\/p>\n<p style=\"font-weight: 400;\">Renato gracias las ayudas humanitarias gestionadas por el Gad Municipal del Cant\u00f3n Zamora cuenta con\u00a0una silla de ruedas postural, colch\u00f3n anti escaras, protectores de colch\u00f3n reusables, protectores de colch\u00f3n desechables y kits de ropa.<\/p>\n<p style=\"font-weight: 400;\">Mar\u00eda Jim\u00e9nez, madre de Renato, agradeci\u00f3 al cabildo municipal y a las distintas autoridades que han coordinado para que se pueda cumplir este sue\u00f1o. \u201cComo madre me siento muy feliz porque ahora podr\u00e9 movilizar sin ning\u00fan problema a Renato y ya no pasar\u00e1 solo acostado en la cama. Asimismo, invit\u00f3 a que contin\u00faen ayudando a las personas m\u00e1s desprotegidos del cant\u00f3n\u201d, dijo Mar\u00eda.<\/p>\n<p style=\"font-weight: 400;\">La donaci\u00f3n que\u00a0asciende a $3 mil 707 d\u00f3lares americanos, la realiz\u00f3\u00a0Manuel Gonz\u00e1lez, alcalde del cant\u00f3n Zamora y Wilmer Espinoza, concejal, a trav\u00e9s del Departamento de Gesti\u00f3n Social, en coordinaci\u00f3n con la Tenencia Pol\u00edtica de Timbara.<\/p>\n<p style=\"font-weight: 400;\">Sandro I\u00f1iguez, director de Gesti\u00f3n Social, manifest\u00f3 que se ha podido llegar con una ayuda t\u00e9cnica para un ni\u00f1o con discapacidad perteneciente a esta parroquia. \u201cEsta importante ayuda le permitir\u00e1 tener\u00a0espacios peque\u00f1os de movilidad, asimismo los insumos m\u00e9dicos, ser\u00e1n de vital ayuda para su evoluci\u00f3n, logrando de esta manera mejorar su calidad de vida\u201d, expres\u00f3 I\u00f1iguez.<\/p>\n<p style=\"font-weight: 400;\">Hasta el momento se han entregado 5 sillas de ruedas en el cant\u00f3n Zamora, que son parte de las ayudas humanitarias gestionadas ante Fundaci\u00f3n Charity Anywhere<\/p>\n","protected":false},"excerpt":{"rendered":"<p>Renato Jim\u00e9nez, es hijo \u00fanico de una familia de la parroquia Timbara, de escasos recursos econ\u00f3micos. Hoy tiene 9 a\u00f1os, y a sus cortos 4 meses de edad fue diagnosticado\u00a0con par\u00e1lisis cerebral al 100%. Renato gracias las ayudas humanitarias gestionadas por el Gad Municipal del Cant\u00f3n Zamora cuenta con\u00a0una silla de ruedas postural, colch\u00f3n anti escaras, protectores de colch\u00f3n reusables, protectores de colch\u00f3n desechables y kits de ropa. Mar\u00eda Jim\u00e9nez, madre de Renato, agradeci\u00f3 al cabildo municipal y a las distintas autoridades que han coordinado para que se pueda cumplir este sue\u00f1o. \u201cComo madre me siento muy feliz porque ahora podr\u00e9 movilizar sin ning\u00fan problema a Renato y ya no pasar\u00e1 solo acostado en la cama. Asimismo, invit\u00f3 a que contin\u00faen ayudando a las personas m\u00e1s desprotegidos del cant\u00f3n\u201d, dijo Mar\u00eda. La donaci\u00f3n que\u00a0asciende a $3 mil 707 d\u00f3lares americanos, la realiz\u00f3\u00a0Manuel Gonz\u00e1lez, alcalde del cant\u00f3n Zamora y Wilmer Espinoza, concejal, a trav\u00e9s del Departamento de Gesti\u00f3n Social, en coordinaci\u00f3n con la Tenencia Pol\u00edtica de Timbara. Sandro I\u00f1iguez, director de Gesti\u00f3n Social, manifest\u00f3 que se ha podido llegar con una ayuda t\u00e9cnica para un ni\u00f1o con discapacidad perteneciente a esta parroquia. \u201cEsta importante ayuda le permitir\u00e1 tener\u00a0espacios peque\u00f1os de movilidad, asimismo los insumos m\u00e9dicos, ser\u00e1n de vital ayuda para su evoluci\u00f3n, logrando de esta manera mejorar su calidad de vida\u201d, expres\u00f3 I\u00f1iguez. Hasta el momento se han entregado 5 sillas de ruedas en el cant\u00f3n Zamora, que son parte de las ayudas humanitarias gestionadas ante Fundaci\u00f3n Charity Anywhere<\/p>\n","protected":false},"author":1,"featured_media":12077,"comment_status":"open","ping_status":"open","sticky":false,"template":"","format":"standard","meta":{"footnotes":""},"categories":[243],"tags":[],"class_list":["post-12076","post","type-post","status-publish","format-standard","has-post-thumbnail","hentry","category-noticias-zamora"],"_links":{"self":[{"href":"https:\/\/www.elamazonico.com\/portal\/wp-json\/wp\/v2\/posts\/12076","targetHints":{"allow":["GET"]}}],"collection":[{"href":"https:\/\/www.elamazonico.com\/portal\/wp-json\/wp\/v2\/posts"}],"about":[{"href":"https:\/\/www.elamazonico.com\/portal\/wp-json\/wp\/v2\/types\/post"}],"author":[{"embeddable":true,"href":"https:\/\/www.elamazonico.com\/portal\/wp-json\/wp\/v2\/users\/1"}],"replies":[{"embeddable":true,"href":"https:\/\/www.elamazonico.com\/portal\/wp-json\/wp\/v2\/comments?post=12076"}],"version-history":[{"count":1,"href":"https:\/\/www.elamazonico.com\/portal\/wp-json\/wp\/v2\/posts\/12076\/revisions"}],"predecessor-version":[{"id":12078,"href":"https:\/\/www.elamazonico.com\/portal\/wp-json\/wp\/v2\/posts\/12076\/revisions\/12078"}],"wp:featuredmedia":[{"embeddable":true,"href":"https:\/\/www.elamazonico.com\/portal\/wp-json\/wp\/v2\/media\/12077"}],"wp:attachment":[{"href":"https:\/\/www.elamazonico.com\/portal\/wp-json\/wp\/v2\/media?parent=12076"}],"wp:term":[{"taxonomy":"category","embeddable":true,"href":"https:\/\/www.elamazonico.com\/portal\/wp-json\/wp\/v2\/categories?post=12076"},{"taxonomy":"post_tag","embeddable":true,"href":"https:\/\/www.elamazonico.com\/portal\/wp-json\/wp\/v2\/tags?post=12076"}],"curies":[{"name":"wp","href":"https:\/\/api.w.org\/{rel}","templated":true}]}}