{"id":12063,"date":"2023-10-30T06:08:31","date_gmt":"2023-10-30T11:08:31","guid":{"rendered":"https:\/\/www.elamazonico.com\/portal\/?p=12063"},"modified":"2023-10-30T06:08:31","modified_gmt":"2023-10-30T11:08:31","slug":"oferta-de-modalidad-a-distancia-virtual-se-amplia-en-loja","status":"publish","type":"post","link":"https:\/\/www.elamazonico.com\/portal\/oferta-de-modalidad-a-distancia-virtual-se-amplia-en-loja\/","title":{"rendered":"Oferta de modalidad a Distancia Virtual se ampl\u00eda en Loja"},"content":{"rendered":"<p style=\"text-align: center;\" align=\"center\"><i><span lang=\"ES-EC\" style=\"font-family: 'Arial',sans-serif;\">La educaci\u00f3n a distancia es una modalidad que fortalece el cumplimiento del derecho a la educaci\u00f3n de personas j\u00f3venes, adultas y adultas mayores en situaci\u00f3n de escolaridad inconclusa, mediante las tecnolog\u00edas de la informaci\u00f3n y comunicaci\u00f3n<\/span><\/i><\/p>\n<p style=\"text-align: justify;\"><span lang=\"ES-EC\" style=\"font-family: 'Arial',sans-serif;\">El Ministerio de Educaci\u00f3n implementa programas y proyectos dirigidos a la poblaci\u00f3n en situaci\u00f3n de analfabetismo y\/o escolaridad inconclusa. Una de estas ofertas es la Modalidad a Distancia Virtual, que tiene abierta las matr\u00edculas hasta el 17 de noviembre de 2023, para j\u00f3venes, adultos, adultos mayores y Personas Sordas, para que puedan continuar sus estudios de B\u00e1sica Superior y Bachillerato.<\/span><\/p>\n<p style=\"text-align: justify;\"><span lang=\"ES-EC\" style=\"font-family: 'Arial',sans-serif;\">Para inscribirse, los aspirantes residentes en Ecuador deben acudir al Distrito Educativo m\u00e1s cercano, portando los documentos solicitados como requisitos para acceder al proceso de matr\u00edcula; mientras que los ecuatorianos residentes en el exterior (Estados Unidos, Chile, Espa\u00f1a, Italia, Reino Unido, B\u00e9lgica y Hungr\u00eda), deben realizar su matr\u00edcula en l\u00ednea mediante la siguiente p\u00e1gina: https:\/\/adistancia.educacion.gob.ec opci\u00f3n Matr\u00edcula, formulario matr\u00edcula exterior.<\/span><\/p>\n<p style=\"text-align: justify;\"><span lang=\"ES-EC\" style=\"font-family: 'Arial',sans-serif;\">Camilo Espinosa, coordinador Zonal 7 de Educaci\u00f3n, se\u00f1al\u00f3 : \u201cEl programa es totalmente gratuito<b>, l<\/b>os textos de estudio y m\u00e1s materiales educativos son virtuales y estar\u00e1n a disposici\u00f3n de todos los estudiantes de esta modalidad a trav\u00e9s del aula virtual\u201d. <\/span><\/p>\n<p style=\"text-align: justify;\"><span lang=\"ES-EC\" style=\"font-family: 'Arial',sans-serif;\">\u201cEn esta convocatoria se ampl\u00eda la oferta en la Zona 7, espec\u00edficamente en el Colegio de Bachillerato PCEI \u00abTeniente Hugo Ortiz\u00bb ubicado en la ciudad de Loja, el cual cuenta con una planta de 19 docentes especializados para el trabajo en la plataforma virtual\u201d agreg\u00f3 el coordinador. <\/span><\/p>\n<p style=\"text-align: justify;\"><span lang=\"ES-EC\" style=\"font-family: 'Arial',sans-serif;\">El proceso educativo tiene una duraci\u00f3n de cinco meses por cada grado o curso, m\u00e1s dos semanas de formaci\u00f3n proped\u00e9utica. El horario es flexible, ya que esta modalidad emplea un proceso aut\u00f3nomo de aprendizaje basado en medios tecnol\u00f3gicos, con el acompa\u00f1amiento de un tutor o gu\u00eda.<\/span><\/p>\n<p style=\"text-align: justify;\"><span lang=\"ES-EC\" style=\"font-family: 'Arial',sans-serif;\">Esta cartera de Estado garantiza el derecho a la educaci\u00f3n con servicios educativos destinados a la inserci\u00f3n y reinserci\u00f3n de personas con escolaridad inconclusa y rezago educativo.<\/span><\/p>\n","protected":false},"excerpt":{"rendered":"<p>La educaci\u00f3n a distancia es una modalidad que fortalece el cumplimiento del derecho a la educaci\u00f3n de personas j\u00f3venes, adultas y adultas mayores en situaci\u00f3n de escolaridad inconclusa, mediante las tecnolog\u00edas de la informaci\u00f3n y comunicaci\u00f3n El Ministerio de Educaci\u00f3n implementa programas y proyectos dirigidos a la poblaci\u00f3n en situaci\u00f3n de analfabetismo y\/o escolaridad inconclusa. Una de estas ofertas es la Modalidad a Distancia Virtual, que tiene abierta las matr\u00edculas hasta el 17 de noviembre de 2023, para j\u00f3venes, adultos, adultos mayores y Personas Sordas, para que puedan continuar sus estudios de B\u00e1sica Superior y Bachillerato. Para inscribirse, los aspirantes residentes en Ecuador deben acudir al Distrito Educativo m\u00e1s cercano, portando los documentos solicitados como requisitos para acceder al proceso de matr\u00edcula; mientras que los ecuatorianos residentes en el exterior (Estados Unidos, Chile, Espa\u00f1a, Italia, Reino Unido, B\u00e9lgica y Hungr\u00eda), deben realizar su matr\u00edcula en l\u00ednea mediante la siguiente p\u00e1gina: https:\/\/adistancia.educacion.gob.ec opci\u00f3n Matr\u00edcula, formulario matr\u00edcula exterior. Camilo Espinosa, coordinador Zonal 7 de Educaci\u00f3n, se\u00f1al\u00f3 : \u201cEl programa es totalmente gratuito, los textos de estudio y m\u00e1s materiales educativos son virtuales y estar\u00e1n a disposici\u00f3n de todos los estudiantes de esta modalidad a trav\u00e9s del aula virtual\u201d. \u201cEn esta convocatoria se ampl\u00eda la oferta en la Zona 7, espec\u00edficamente en el Colegio de Bachillerato PCEI \u00abTeniente Hugo Ortiz\u00bb ubicado en la ciudad de Loja, el cual cuenta con una planta de 19 docentes especializados para el trabajo en la plataforma virtual\u201d agreg\u00f3 el coordinador. El proceso educativo tiene una duraci\u00f3n de cinco meses por cada grado o curso, m\u00e1s dos semanas de formaci\u00f3n proped\u00e9utica. El horario es flexible, ya que esta modalidad emplea un proceso aut\u00f3nomo de aprendizaje basado en medios tecnol\u00f3gicos, con el acompa\u00f1amiento de un tutor o gu\u00eda. Esta cartera de Estado garantiza el derecho a la educaci\u00f3n con servicios educativos destinados a la inserci\u00f3n y reinserci\u00f3n de personas con escolaridad inconclusa y rezago educativo.<\/p>\n","protected":false},"author":1,"featured_media":12064,"comment_status":"open","ping_status":"open","sticky":false,"template":"","format":"standard","meta":{"footnotes":""},"categories":[284],"tags":[],"class_list":["post-12063","post","type-post","status-publish","format-standard","has-post-thumbnail","hentry","category-noticias-loja"],"_links":{"self":[{"href":"https:\/\/www.elamazonico.com\/portal\/wp-json\/wp\/v2\/posts\/12063","targetHints":{"allow":["GET"]}}],"collection":[{"href":"https:\/\/www.elamazonico.com\/portal\/wp-json\/wp\/v2\/posts"}],"about":[{"href":"https:\/\/www.elamazonico.com\/portal\/wp-json\/wp\/v2\/types\/post"}],"author":[{"embeddable":true,"href":"https:\/\/www.elamazonico.com\/portal\/wp-json\/wp\/v2\/users\/1"}],"replies":[{"embeddable":true,"href":"https:\/\/www.elamazonico.com\/portal\/wp-json\/wp\/v2\/comments?post=12063"}],"version-history":[{"count":1,"href":"https:\/\/www.elamazonico.com\/portal\/wp-json\/wp\/v2\/posts\/12063\/revisions"}],"predecessor-version":[{"id":12065,"href":"https:\/\/www.elamazonico.com\/portal\/wp-json\/wp\/v2\/posts\/12063\/revisions\/12065"}],"wp:featuredmedia":[{"embeddable":true,"href":"https:\/\/www.elamazonico.com\/portal\/wp-json\/wp\/v2\/media\/12064"}],"wp:attachment":[{"href":"https:\/\/www.elamazonico.com\/portal\/wp-json\/wp\/v2\/media?parent=12063"}],"wp:term":[{"taxonomy":"category","embeddable":true,"href":"https:\/\/www.elamazonico.com\/portal\/wp-json\/wp\/v2\/categories?post=12063"},{"taxonomy":"post_tag","embeddable":true,"href":"https:\/\/www.elamazonico.com\/portal\/wp-json\/wp\/v2\/tags?post=12063"}],"curies":[{"name":"wp","href":"https:\/\/api.w.org\/{rel}","templated":true}]}}