{"id":12055,"date":"2023-10-26T11:18:28","date_gmt":"2023-10-26T16:18:28","guid":{"rendered":"https:\/\/www.elamazonico.com\/portal\/?p=12055"},"modified":"2023-10-26T11:18:28","modified_gmt":"2023-10-26T16:18:28","slug":"economista-recomienda-focalizar-el-gasto-publico-y-no-aplicar-una-reduccion-generalizada","status":"publish","type":"post","link":"https:\/\/www.elamazonico.com\/portal\/economista-recomienda-focalizar-el-gasto-publico-y-no-aplicar-una-reduccion-generalizada\/","title":{"rendered":"Economista recomienda focalizar el gasto p\u00fablico y no aplicar una reducci\u00f3n generalizada"},"content":{"rendered":"<p>El economista, Alberto Acosta Burneo, habl\u00f3 sobre las medidas financieras del Ministerio de Econom\u00eda para optimizar el gasto en el sector p\u00fablico. Las directrices plantean suspender contrataciones y no pagar horas extras a los trabajadores durante el \u00faltimo trimestre de este 2023.<\/p>\n<p>Al respecto, el analista ratific\u00f3 la necesidad de un\u00a0trabajo de fondo que vaya al origen del problema que es: un gasto corriente imparable.\u00a0Considera urgente\u00a0un trabajo que priorice los gastos en salud, educaci\u00f3n y seguridad. A su criterio, no se debe aplicar\u00a0una medida que reduzca el gasto en todo, porque eso compromete la calidad de los servicios p\u00fablicos.<\/p>\n<hr \/>\n<p class=\"ns2-title\"><strong><a href=\"https:\/\/www.ecuadorenvivo.com\/index.php\/politica\/item\/170298-ecuador-y-peru-amplian-compromiso-con-el-desarrollo-transfronterizo\">Ecuador y Per\u00fa ratifican compromiso con el desarrollo transfronterizo<\/a><\/strong><\/p>\n<hr \/>\n<p>\u00abLo que hay que hacer es focalizar los gastos hacia lo importante y reducir en todo lo dem\u00e1s. Se debe trabajar en la calidad del gasto y en m\u00e1s transparencia, lo que cual se traducir\u00e1 en menos corrupci\u00f3n\u00bb, enfatiz\u00f3.<\/p>\n<p>Hizo hincapi\u00e9 en la importancia de que el Gobierno tenga claridad de qu\u00e9 es lo que la cambia la vida al ciudadano (salud, educaci\u00f3n y seguridad), para as\u00ed destinar m\u00e1s recursos en ese \u00e1mbito y quitar a aquellas \u00e1reas que no agregan ning\u00fan valor al ciudadano, pero que consumen recursos. Urge una revisi\u00f3n de la calidad del gasto. <strong>Fuente: Ecuador en vivo<\/strong><\/p>\n","protected":false},"excerpt":{"rendered":"<p>El economista, Alberto Acosta Burneo, habl\u00f3 sobre las medidas financieras del Ministerio de Econom\u00eda para optimizar el gasto en el sector p\u00fablico. Las directrices plantean suspender contrataciones y no pagar horas extras a los trabajadores durante el \u00faltimo trimestre de este 2023. Al respecto, el analista ratific\u00f3 la necesidad de un\u00a0trabajo de fondo que vaya al origen del problema que es: un gasto corriente imparable.\u00a0Considera urgente\u00a0un trabajo que priorice los gastos en salud, educaci\u00f3n y seguridad. A su criterio, no se debe aplicar\u00a0una medida que reduzca el gasto en todo, porque eso compromete la calidad de los servicios p\u00fablicos. Ecuador y Per\u00fa ratifican compromiso con el desarrollo transfronterizo \u00abLo que hay que hacer es focalizar los gastos hacia lo importante y reducir en todo lo dem\u00e1s. Se debe trabajar en la calidad del gasto y en m\u00e1s transparencia, lo que cual se traducir\u00e1 en menos corrupci\u00f3n\u00bb, enfatiz\u00f3. Hizo hincapi\u00e9 en la importancia de que el Gobierno tenga claridad de qu\u00e9 es lo que la cambia la vida al ciudadano (salud, educaci\u00f3n y seguridad), para as\u00ed destinar m\u00e1s recursos en ese \u00e1mbito y quitar a aquellas \u00e1reas que no agregan ning\u00fan valor al ciudadano, pero que consumen recursos. Urge una revisi\u00f3n de la calidad del gasto. Fuente: Ecuador en vivo<\/p>\n","protected":false},"author":1,"featured_media":12056,"comment_status":"open","ping_status":"open","sticky":false,"template":"","format":"standard","meta":{"footnotes":""},"categories":[268],"tags":[],"class_list":["post-12055","post","type-post","status-publish","format-standard","has-post-thumbnail","hentry","category-nacionales"],"_links":{"self":[{"href":"https:\/\/www.elamazonico.com\/portal\/wp-json\/wp\/v2\/posts\/12055","targetHints":{"allow":["GET"]}}],"collection":[{"href":"https:\/\/www.elamazonico.com\/portal\/wp-json\/wp\/v2\/posts"}],"about":[{"href":"https:\/\/www.elamazonico.com\/portal\/wp-json\/wp\/v2\/types\/post"}],"author":[{"embeddable":true,"href":"https:\/\/www.elamazonico.com\/portal\/wp-json\/wp\/v2\/users\/1"}],"replies":[{"embeddable":true,"href":"https:\/\/www.elamazonico.com\/portal\/wp-json\/wp\/v2\/comments?post=12055"}],"version-history":[{"count":1,"href":"https:\/\/www.elamazonico.com\/portal\/wp-json\/wp\/v2\/posts\/12055\/revisions"}],"predecessor-version":[{"id":12057,"href":"https:\/\/www.elamazonico.com\/portal\/wp-json\/wp\/v2\/posts\/12055\/revisions\/12057"}],"wp:featuredmedia":[{"embeddable":true,"href":"https:\/\/www.elamazonico.com\/portal\/wp-json\/wp\/v2\/media\/12056"}],"wp:attachment":[{"href":"https:\/\/www.elamazonico.com\/portal\/wp-json\/wp\/v2\/media?parent=12055"}],"wp:term":[{"taxonomy":"category","embeddable":true,"href":"https:\/\/www.elamazonico.com\/portal\/wp-json\/wp\/v2\/categories?post=12055"},{"taxonomy":"post_tag","embeddable":true,"href":"https:\/\/www.elamazonico.com\/portal\/wp-json\/wp\/v2\/tags?post=12055"}],"curies":[{"name":"wp","href":"https:\/\/api.w.org\/{rel}","templated":true}]}}