{"id":12052,"date":"2023-10-26T10:57:10","date_gmt":"2023-10-26T15:57:10","guid":{"rendered":"https:\/\/www.elamazonico.com\/portal\/?p=12052"},"modified":"2023-10-26T10:57:10","modified_gmt":"2023-10-26T15:57:10","slug":"los-desafios-que-enfrentara-el-gobierno-de-daniel-noboa-seran-principalmente-politicos","status":"publish","type":"post","link":"https:\/\/www.elamazonico.com\/portal\/los-desafios-que-enfrentara-el-gobierno-de-daniel-noboa-seran-principalmente-politicos\/","title":{"rendered":"Los desaf\u00edos que enfrentar\u00e1 el Gobierno de Daniel Noboa ser\u00e1n principalmente pol\u00edticos"},"content":{"rendered":"<p>Gabriel Hidalgo, analista pol\u00edtico y catedr\u00e1tico,\u00a0se pronunci\u00f3 sobre\u00a0la relaci\u00f3n que se deber\u00e1 fomentar entre el Ejecutivo y la Asamblea Nacional.<\/p>\n<p>A su criterio, los desaf\u00edos que enfrentar\u00e1 el Gobierno de Daniel Noboa ser\u00e1n principalmente pol\u00edticos y con la decisi\u00f3n correcta de maniobras que permitan incluir a todos los sectores, incluso los moderados, ser\u00e1 posible destrabar la relaci\u00f3n Ejecutivo-Legislativo para dar viabilidad a decisiones generadoras de pol\u00edticas p\u00fablicas en favor del pa\u00eds.<\/p>\n<hr \/>\n<p><strong><a class=\"moduleItemTitle1\" href=\"https:\/\/www.ecuadorenvivo.com\/index.php\/politica\/item\/170232-psc-mocionara-a-henry-kronfle-para-la-presidencia-de-la-asamblea-nacional\">PSC mocionar\u00e1 a Henry Kronfle para la Presidencia de la Asamblea Nacional<\/a><\/strong><\/p>\n<hr \/>\n<p>\u00abSin este entendimiento de la necesidad de la interpretaci\u00f3n de la pol\u00edtica como f\u00f3rmula de soluci\u00f3n de las complejidades y de los conflictos, va a ser imposible que el presidente Noboa arranque con \u00e9xito e incluso podr\u00eda prolongar la mala suerte que tuvo el presidente Guillermo Lasso por su falta de olfato pol\u00edtico\u00bb.<\/p>\n<p>Es fundamental que los presidentes, en un sistema como el ecuatoriano, tengan un buen di\u00e1logo, negociaci\u00f3n y acercamiento con la Asamblea Nacional. Y es que \u00ablas posibilidades de la administraci\u00f3n de los recursos y la gesti\u00f3n del aparato pol\u00edtico del Estado depende de la buena relaci\u00f3n con el Legislativo\u00bb, enfatiz\u00f3. <strong>Fuente: Ecuador en vivo<\/strong><\/p>\n<p>&nbsp;<\/p>\n","protected":false},"excerpt":{"rendered":"<p>Gabriel Hidalgo, analista pol\u00edtico y catedr\u00e1tico,\u00a0se pronunci\u00f3 sobre\u00a0la relaci\u00f3n que se deber\u00e1 fomentar entre el Ejecutivo y la Asamblea Nacional. A su criterio, los desaf\u00edos que enfrentar\u00e1 el Gobierno de Daniel Noboa ser\u00e1n principalmente pol\u00edticos y con la decisi\u00f3n correcta de maniobras que permitan incluir a todos los sectores, incluso los moderados, ser\u00e1 posible destrabar la relaci\u00f3n Ejecutivo-Legislativo para dar viabilidad a decisiones generadoras de pol\u00edticas p\u00fablicas en favor del pa\u00eds. PSC mocionar\u00e1 a Henry Kronfle para la Presidencia de la Asamblea Nacional \u00abSin este entendimiento de la necesidad de la interpretaci\u00f3n de la pol\u00edtica como f\u00f3rmula de soluci\u00f3n de las complejidades y de los conflictos, va a ser imposible que el presidente Noboa arranque con \u00e9xito e incluso podr\u00eda prolongar la mala suerte que tuvo el presidente Guillermo Lasso por su falta de olfato pol\u00edtico\u00bb. Es fundamental que los presidentes, en un sistema como el ecuatoriano, tengan un buen di\u00e1logo, negociaci\u00f3n y acercamiento con la Asamblea Nacional. Y es que \u00ablas posibilidades de la administraci\u00f3n de los recursos y la gesti\u00f3n del aparato pol\u00edtico del Estado depende de la buena relaci\u00f3n con el Legislativo\u00bb, enfatiz\u00f3. Fuente: Ecuador en vivo &nbsp;<\/p>\n","protected":false},"author":1,"featured_media":12053,"comment_status":"open","ping_status":"open","sticky":false,"template":"","format":"standard","meta":{"footnotes":""},"categories":[268],"tags":[],"class_list":["post-12052","post","type-post","status-publish","format-standard","has-post-thumbnail","hentry","category-nacionales"],"_links":{"self":[{"href":"https:\/\/www.elamazonico.com\/portal\/wp-json\/wp\/v2\/posts\/12052","targetHints":{"allow":["GET"]}}],"collection":[{"href":"https:\/\/www.elamazonico.com\/portal\/wp-json\/wp\/v2\/posts"}],"about":[{"href":"https:\/\/www.elamazonico.com\/portal\/wp-json\/wp\/v2\/types\/post"}],"author":[{"embeddable":true,"href":"https:\/\/www.elamazonico.com\/portal\/wp-json\/wp\/v2\/users\/1"}],"replies":[{"embeddable":true,"href":"https:\/\/www.elamazonico.com\/portal\/wp-json\/wp\/v2\/comments?post=12052"}],"version-history":[{"count":1,"href":"https:\/\/www.elamazonico.com\/portal\/wp-json\/wp\/v2\/posts\/12052\/revisions"}],"predecessor-version":[{"id":12054,"href":"https:\/\/www.elamazonico.com\/portal\/wp-json\/wp\/v2\/posts\/12052\/revisions\/12054"}],"wp:featuredmedia":[{"embeddable":true,"href":"https:\/\/www.elamazonico.com\/portal\/wp-json\/wp\/v2\/media\/12053"}],"wp:attachment":[{"href":"https:\/\/www.elamazonico.com\/portal\/wp-json\/wp\/v2\/media?parent=12052"}],"wp:term":[{"taxonomy":"category","embeddable":true,"href":"https:\/\/www.elamazonico.com\/portal\/wp-json\/wp\/v2\/categories?post=12052"},{"taxonomy":"post_tag","embeddable":true,"href":"https:\/\/www.elamazonico.com\/portal\/wp-json\/wp\/v2\/tags?post=12052"}],"curies":[{"name":"wp","href":"https:\/\/api.w.org\/{rel}","templated":true}]}}