{"id":12033,"date":"2023-10-25T12:41:27","date_gmt":"2023-10-25T17:41:27","guid":{"rendered":"https:\/\/www.elamazonico.com\/portal\/?p=12033"},"modified":"2023-10-25T12:41:27","modified_gmt":"2023-10-25T17:41:27","slug":"proyectos-de-servicio-a-la-comunidad-obtienen-honores-en-la-ii-bienal-de-vinculacion","status":"publish","type":"post","link":"https:\/\/www.elamazonico.com\/portal\/proyectos-de-servicio-a-la-comunidad-obtienen-honores-en-la-ii-bienal-de-vinculacion\/","title":{"rendered":"Proyectos de servicio a la comunidad obtienen honores en la II Bienal de Vinculaci\u00f3n"},"content":{"rendered":"<p>\u00ab\u00a1Innovaci\u00f3n y Compromiso! Proyectos de Servicio a la Comunidad en la II Bienal de Vinculaci\u00f3n de la Universidad de Cuenca se Alzan con los Honores\u00bb<\/p>\n<p>En un evento lleno de emoci\u00f3n y dedicaci\u00f3n, la Universidad de Cuenca ha celebrado la premiaci\u00f3n de los proyectos destacados de la II Bienal de Vinculaci\u00f3n. Despu\u00e9s de una exitosa Feria de Proyectos, el jurado calificador ha anunciado a los ganadores en diversas categor\u00edas, demostrando el impacto positivo en la comunidad y el compromiso de la universidad con la sociedad.<\/p>\n<p>Los proyectos galardonados abarcan una amplia gama de disciplinas, desde la educaci\u00f3n y las ciencias sociales hasta la ingenier\u00eda y la salud humana. Entre los destacados se encuentran iniciativas como la \u00abEscuela de Cronistas del Azuay\u00bb, que promueve la cultura y el periodismo local, y el proyecto \u00abUso de las Tecnolog\u00edas de Informaci\u00f3n y Comunicaci\u00f3n para la disminuci\u00f3n de la contaminaci\u00f3n ac\u00fastica\u00bb, que aborda preocupaciones ambientales en el Cant\u00f3n Cuenca.<\/p>\n<p>La premiaci\u00f3n se llevo a cabo el viernes 20 de octubre de 2023 en el Aula Magna Mario Vintimilla, un evento que prometi\u00f3 ser una celebraci\u00f3n de la innovaci\u00f3n y el servicio a la comunidad. La Universidad de Cuenca reafirma su compromiso con la sociedad al reconocer y premiar estos proyectos ejemplares.<\/p>\n<p>Este es un testimonio de c\u00f3mo la educaci\u00f3n superior puede marcar la diferencia en las comunidades locales y m\u00e1s all\u00e1, y c\u00f3mo la Universidad de Cuenca est\u00e1 liderando el camino en la promoci\u00f3n de proyectos de vinculaci\u00f3n con un impacto positivo. \u00a1Felicidades a todos los participantes !<\/p>\n<p>&nbsp;<\/p>\n<p>&nbsp;<\/p>\n<p>&nbsp;<\/p>\n","protected":false},"excerpt":{"rendered":"<p>\u00ab\u00a1Innovaci\u00f3n y Compromiso! Proyectos de Servicio a la Comunidad en la II Bienal de Vinculaci\u00f3n de la Universidad de Cuenca se Alzan con los Honores\u00bb En un evento lleno de emoci\u00f3n y dedicaci\u00f3n, la Universidad de Cuenca ha celebrado la premiaci\u00f3n de los proyectos destacados de la II Bienal de Vinculaci\u00f3n. Despu\u00e9s de una exitosa Feria de Proyectos, el jurado calificador ha anunciado a los ganadores en diversas categor\u00edas, demostrando el impacto positivo en la comunidad y el compromiso de la universidad con la sociedad. Los proyectos galardonados abarcan una amplia gama de disciplinas, desde la educaci\u00f3n y las ciencias sociales hasta la ingenier\u00eda y la salud humana. Entre los destacados se encuentran iniciativas como la \u00abEscuela de Cronistas del Azuay\u00bb, que promueve la cultura y el periodismo local, y el proyecto \u00abUso de las Tecnolog\u00edas de Informaci\u00f3n y Comunicaci\u00f3n para la disminuci\u00f3n de la contaminaci\u00f3n ac\u00fastica\u00bb, que aborda preocupaciones ambientales en el Cant\u00f3n Cuenca. La premiaci\u00f3n se llevo a cabo el viernes 20 de octubre de 2023 en el Aula Magna Mario Vintimilla, un evento que prometi\u00f3 ser una celebraci\u00f3n de la innovaci\u00f3n y el servicio a la comunidad. La Universidad de Cuenca reafirma su compromiso con la sociedad al reconocer y premiar estos proyectos ejemplares. Este es un testimonio de c\u00f3mo la educaci\u00f3n superior puede marcar la diferencia en las comunidades locales y m\u00e1s all\u00e1, y c\u00f3mo la Universidad de Cuenca est\u00e1 liderando el camino en la promoci\u00f3n de proyectos de vinculaci\u00f3n con un impacto positivo. \u00a1Felicidades a todos los participantes ! &nbsp; &nbsp; &nbsp;<\/p>\n","protected":false},"author":1,"featured_media":12034,"comment_status":"open","ping_status":"open","sticky":false,"template":"","format":"standard","meta":{"footnotes":""},"categories":[268],"tags":[],"class_list":["post-12033","post","type-post","status-publish","format-standard","has-post-thumbnail","hentry","category-nacionales"],"_links":{"self":[{"href":"https:\/\/www.elamazonico.com\/portal\/wp-json\/wp\/v2\/posts\/12033","targetHints":{"allow":["GET"]}}],"collection":[{"href":"https:\/\/www.elamazonico.com\/portal\/wp-json\/wp\/v2\/posts"}],"about":[{"href":"https:\/\/www.elamazonico.com\/portal\/wp-json\/wp\/v2\/types\/post"}],"author":[{"embeddable":true,"href":"https:\/\/www.elamazonico.com\/portal\/wp-json\/wp\/v2\/users\/1"}],"replies":[{"embeddable":true,"href":"https:\/\/www.elamazonico.com\/portal\/wp-json\/wp\/v2\/comments?post=12033"}],"version-history":[{"count":2,"href":"https:\/\/www.elamazonico.com\/portal\/wp-json\/wp\/v2\/posts\/12033\/revisions"}],"predecessor-version":[{"id":12036,"href":"https:\/\/www.elamazonico.com\/portal\/wp-json\/wp\/v2\/posts\/12033\/revisions\/12036"}],"wp:featuredmedia":[{"embeddable":true,"href":"https:\/\/www.elamazonico.com\/portal\/wp-json\/wp\/v2\/media\/12034"}],"wp:attachment":[{"href":"https:\/\/www.elamazonico.com\/portal\/wp-json\/wp\/v2\/media?parent=12033"}],"wp:term":[{"taxonomy":"category","embeddable":true,"href":"https:\/\/www.elamazonico.com\/portal\/wp-json\/wp\/v2\/categories?post=12033"},{"taxonomy":"post_tag","embeddable":true,"href":"https:\/\/www.elamazonico.com\/portal\/wp-json\/wp\/v2\/tags?post=12033"}],"curies":[{"name":"wp","href":"https:\/\/api.w.org\/{rel}","templated":true}]}}