{"id":12030,"date":"2023-10-25T07:32:23","date_gmt":"2023-10-25T12:32:23","guid":{"rendered":"https:\/\/www.elamazonico.com\/portal\/?p=12030"},"modified":"2023-10-25T07:32:23","modified_gmt":"2023-10-25T12:32:23","slug":"los-tres-bandos-que-dividirian-a-la-revolucion-ciudadana","status":"publish","type":"post","link":"https:\/\/www.elamazonico.com\/portal\/los-tres-bandos-que-dividirian-a-la-revolucion-ciudadana\/","title":{"rendered":"Los tres bandos que dividir\u00edan a la Revoluci\u00f3n Ciudadana"},"content":{"rendered":"<p>Las divisiones dentro del\u00a0<b><a href=\"https:\/\/www.ecuavisa.com\/noticias\/politica\/revolucion-ciudadana-elegira-directiva-convencion-nacional-XX6189189\" target=\"_blank\" rel=\"noopener noreferrer\">Movimiento Revoluci\u00f3n Ciudadana<\/a>\u00a0no son recientes, surgieron hace varios a\u00f1os<\/b>. El motivo principal, seg\u00fan fuentes internas, son las diferencias que hay en torno al liderazgo que ejerce Rafael Correa.<\/p>\n<p>Sin embargo, la situaci\u00f3n\u00a0<b>se agrav\u00f3 en el manejo de la campa\u00f1a pol\u00edtica de su candidata a la presidencia<\/b>, Luisa Gonz\u00e1lez, y con las rencillas personales que se han conocido entre militantes.<\/p>\n<p>A la fecha, se dibujan ya varios bandos. El primero es el m\u00e1s af\u00edn al expresidente, pues este grupo est\u00e1 compuesta en su totalidad\u00a0<b>por exfuncionarios de su gobierno<\/b>, que est\u00e1n asilados en M\u00e9xico, como: Ricardo Pati\u00f1o, Gabriela Rivadeneira, Galo Mora y Carlos Viteri; o que viven en Venezuela, como los hermanos Vinicio y Fernando Alvarado, y Alexis Mera.<\/p>\n<p>Le puede interesar:\u00a0<b><a href=\"https:\/\/www.ecuavisa.com\/noticias\/politica\/pierina-correa-critica-revolucion-ciudadana-segunda-derrota-presidencial-EN6179987\" target=\"_blank\" rel=\"noopener noreferrer\">Pierina Correa critica procesos de la Revoluci\u00f3n Ciudadana luego de la segunda derrota presidencial<\/a><\/b><\/p>\n<p>Con ellos, Correa toma las decisiones importantes,\u00a0<b>como la selecci\u00f3n de candidatos presidenciales<\/b>. A ese grupo dej\u00f3 de pertenecer Jorge Glas, a quien incluso en las grabaciones viralizadas se escucha llamar enemigo a Alexis Mera, y<b>\u00a0considerar como adversario dentro de la organizaci\u00f3n pol\u00edtica, a Vinicio Alvarado<\/b>.<\/p>\n<p>Glas, \u00faltimamente,\u00a0<b>ha mantenido cercan\u00eda solo con dirigentes territoriales y con asamble\u00edstas electas<\/b>, como Sof\u00eda Esp\u00edn y Paola cabezas. Aparece con ellas en la fotograf\u00eda captada el pasado domingo, durante la reuni\u00f3n presencial<b>\u00a0que tuvieron en Guayaquil los legisladores del corre\u00edsmo<\/b>.<\/p>\n<h2 class=\"h2-componente\">El segundo bloque, liderado por Pierina Correa<\/h2>\n<div class=\"paragraph\">\n<div id=\"center1\" class=\"my-4\" align=\"center\" data-ads=\"center1\" data-ad=\"top-generico\"><\/div>\n<p>Aunque del bloque de 51 asamble\u00edstas que quedaron tras la renuncia de Ferdinan \u00c1lvarez, solo asistieron 35. Entre los legisladores tambi\u00e9n hay fraccionamientos<b>\u00a0que evidencia un segundo bando de un grupo de asamble\u00edstas apoya en todo<\/b>, incluso en sus aspiraciones de asumir la presidencia de la Asamblea,\u00a0<b>a Pierina Correa.<\/b>\u00a0Esta partici\u00f3n est\u00e1 encabezada por Roberto Cuero y Alexandra Arce, ambos reelectos por Guayas.<\/p>\n<p>Lea tambi\u00e9n:\u00a0<b><a href=\"https:\/\/www.ecuavisa.com\/noticias\/politica\/revolucion-ciudadana-elegira-directiva-convencion-nacional-XX6189189\" target=\"_blank\" rel=\"noopener noreferrer\">El movimiento Revoluci\u00f3n Ciudadana elegir\u00e1 nueva directiva en noviembre con una convenci\u00f3n nacional<\/a><\/b><\/p>\n<p>Otros est\u00e1n a favor de Viviana Veloz,\u00a0<b>quien fue nombrada jefa de bloque en reemplazo de Ferdinan \u00c1lvarez<\/b>, y adem\u00e1s,\u00a0<b>no comparten las cr\u00edticas que hizo Pierina Correa a Marcela Agui\u00f1aga<\/b>, por la derrota de Gonz\u00e1lez, lo que deriv\u00f3 en su renuncia a la jefatura nacional del movimiento.<\/p>\n<\/div>\n<h2 class=\"h2-componente\">El bando de las autoridades electas en febrero<\/h2>\n<div class=\"paragraph\">\n<p>Un tercer grupo<b>\u00a0ser\u00eda el de las autoridades electas que s\u00ed participaron activamente en la campa\u00f1a de Gonz\u00e1lez<\/b>. Como Agui\u00f1aga, prefecta del guayas, Paola Pab\u00f3n, prefecta de Pichincha, y el alcalde de Quito, Pabel Mu\u00f1oz.<\/p>\n<p>Quien se mantiene al margen es el alcalde de Guayaquil, Aquiles \u00c1lvarez. \u00c9l junto al exconcejal Egis Caicedo\u00a0<b>hace obra social en territorio con una agrupaci\u00f3n denominada Guayaquil representada<\/b>.<\/p>\n<p>Todo esto ocurre mientras en redes sociales el movimiento intenta demostrar unidad con publicaciones. Fuente: Ecuavisa<\/p>\n<p>&nbsp;<\/p>\n<\/div>\n","protected":false},"excerpt":{"rendered":"<p>Las divisiones dentro del\u00a0Movimiento Revoluci\u00f3n Ciudadana\u00a0no son recientes, surgieron hace varios a\u00f1os. El motivo principal, seg\u00fan fuentes internas, son las diferencias que hay en torno al liderazgo que ejerce Rafael Correa. Sin embargo, la situaci\u00f3n\u00a0se agrav\u00f3 en el manejo de la campa\u00f1a pol\u00edtica de su candidata a la presidencia, Luisa Gonz\u00e1lez, y con las rencillas personales que se han conocido entre militantes. A la fecha, se dibujan ya varios bandos. El primero es el m\u00e1s af\u00edn al expresidente, pues este grupo est\u00e1 compuesta en su totalidad\u00a0por exfuncionarios de su gobierno, que est\u00e1n asilados en M\u00e9xico, como: Ricardo Pati\u00f1o, Gabriela Rivadeneira, Galo Mora y Carlos Viteri; o que viven en Venezuela, como los hermanos Vinicio y Fernando Alvarado, y Alexis Mera. Le puede interesar:\u00a0Pierina Correa critica procesos de la Revoluci\u00f3n Ciudadana luego de la segunda derrota presidencial Con ellos, Correa toma las decisiones importantes,\u00a0como la selecci\u00f3n de candidatos presidenciales. A ese grupo dej\u00f3 de pertenecer Jorge Glas, a quien incluso en las grabaciones viralizadas se escucha llamar enemigo a Alexis Mera, y\u00a0considerar como adversario dentro de la organizaci\u00f3n pol\u00edtica, a Vinicio Alvarado. Glas, \u00faltimamente,\u00a0ha mantenido cercan\u00eda solo con dirigentes territoriales y con asamble\u00edstas electas, como Sof\u00eda Esp\u00edn y Paola cabezas. Aparece con ellas en la fotograf\u00eda captada el pasado domingo, durante la reuni\u00f3n presencial\u00a0que tuvieron en Guayaquil los legisladores del corre\u00edsmo. El segundo bloque, liderado por Pierina Correa Aunque del bloque de 51 asamble\u00edstas que quedaron tras la renuncia de Ferdinan \u00c1lvarez, solo asistieron 35. Entre los legisladores tambi\u00e9n hay fraccionamientos\u00a0que evidencia un segundo bando de un grupo de asamble\u00edstas apoya en todo, incluso en sus aspiraciones de asumir la presidencia de la Asamblea,\u00a0a Pierina Correa.\u00a0Esta partici\u00f3n est\u00e1 encabezada por Roberto Cuero y Alexandra Arce, ambos reelectos por Guayas. Lea tambi\u00e9n:\u00a0El movimiento Revoluci\u00f3n Ciudadana elegir\u00e1 nueva directiva en noviembre con una convenci\u00f3n nacional Otros est\u00e1n a favor de Viviana Veloz,\u00a0quien fue nombrada jefa de bloque en reemplazo de Ferdinan \u00c1lvarez, y adem\u00e1s,\u00a0no comparten las cr\u00edticas que hizo Pierina Correa a Marcela Agui\u00f1aga, por la derrota de Gonz\u00e1lez, lo que deriv\u00f3 en su renuncia a la jefatura nacional del movimiento. El bando de las autoridades electas en febrero Un tercer grupo\u00a0ser\u00eda el de las autoridades electas que s\u00ed participaron activamente en la campa\u00f1a de Gonz\u00e1lez. Como Agui\u00f1aga, prefecta del guayas, Paola Pab\u00f3n, prefecta de Pichincha, y el alcalde de Quito, Pabel Mu\u00f1oz. Quien se mantiene al margen es el alcalde de Guayaquil, Aquiles \u00c1lvarez. \u00c9l junto al exconcejal Egis Caicedo\u00a0hace obra social en territorio con una agrupaci\u00f3n denominada Guayaquil representada. Todo esto ocurre mientras en redes sociales el movimiento intenta demostrar unidad con publicaciones. Fuente: Ecuavisa &nbsp;<\/p>\n","protected":false},"author":1,"featured_media":12031,"comment_status":"open","ping_status":"open","sticky":false,"template":"","format":"standard","meta":{"footnotes":""},"categories":[268],"tags":[],"class_list":["post-12030","post","type-post","status-publish","format-standard","has-post-thumbnail","hentry","category-nacionales"],"_links":{"self":[{"href":"https:\/\/www.elamazonico.com\/portal\/wp-json\/wp\/v2\/posts\/12030","targetHints":{"allow":["GET"]}}],"collection":[{"href":"https:\/\/www.elamazonico.com\/portal\/wp-json\/wp\/v2\/posts"}],"about":[{"href":"https:\/\/www.elamazonico.com\/portal\/wp-json\/wp\/v2\/types\/post"}],"author":[{"embeddable":true,"href":"https:\/\/www.elamazonico.com\/portal\/wp-json\/wp\/v2\/users\/1"}],"replies":[{"embeddable":true,"href":"https:\/\/www.elamazonico.com\/portal\/wp-json\/wp\/v2\/comments?post=12030"}],"version-history":[{"count":1,"href":"https:\/\/www.elamazonico.com\/portal\/wp-json\/wp\/v2\/posts\/12030\/revisions"}],"predecessor-version":[{"id":12032,"href":"https:\/\/www.elamazonico.com\/portal\/wp-json\/wp\/v2\/posts\/12030\/revisions\/12032"}],"wp:featuredmedia":[{"embeddable":true,"href":"https:\/\/www.elamazonico.com\/portal\/wp-json\/wp\/v2\/media\/12031"}],"wp:attachment":[{"href":"https:\/\/www.elamazonico.com\/portal\/wp-json\/wp\/v2\/media?parent=12030"}],"wp:term":[{"taxonomy":"category","embeddable":true,"href":"https:\/\/www.elamazonico.com\/portal\/wp-json\/wp\/v2\/categories?post=12030"},{"taxonomy":"post_tag","embeddable":true,"href":"https:\/\/www.elamazonico.com\/portal\/wp-json\/wp\/v2\/tags?post=12030"}],"curies":[{"name":"wp","href":"https:\/\/api.w.org\/{rel}","templated":true}]}}