{"id":11998,"date":"2023-10-23T09:56:25","date_gmt":"2023-10-23T14:56:25","guid":{"rendered":"https:\/\/www.elamazonico.com\/portal\/?p=11998"},"modified":"2023-10-23T09:56:25","modified_gmt":"2023-10-23T14:56:25","slug":"estudiante-utpl-obtuvo-medalla-de-plata-en-concurso-interuniversitario-de-oratoria","status":"publish","type":"post","link":"https:\/\/www.elamazonico.com\/portal\/estudiante-utpl-obtuvo-medalla-de-plata-en-concurso-interuniversitario-de-oratoria\/","title":{"rendered":"Estudiante UTPL obtuvo medalla de plata en Concurso Interuniversitario de Oratoria"},"content":{"rendered":"<p><em>Camilo Castro, estudiante de la carrera de Derecho en la UTPL, logr\u00f3 una destacada participaci\u00f3n tras alcanzar el segundo lugar en un concurso de oratoria al que asistieron estudiantes de todo el pa\u00eds.<\/em><\/p>\n<p>La Universidad T\u00e9cnica Particular de Loja (UTPL), representada por el estudiante de la carrera de Derecho, Camilo Castro, tuvo una destacada participaci\u00f3n en el <strong>Concurso Interuniversitario de Oratoria<\/strong>, que convoc\u00f3 a personas de todo el pa\u00eds. Castro alcanz\u00f3 la medalla de plata y dej\u00f3 en alto a la UTPL, como una de las instituciones l\u00edderes en materia de expresi\u00f3n oral y el arte declamatorio.<\/p>\n<p>El certamen fue organizado por la Federaci\u00f3n de Estudiantes Universitarios Particulares del Ecuador (FEUPE) y cont\u00f3 con la participaci\u00f3n de representantes de 20 universidades de diferentes provincias. El concurso se desarroll\u00f3 en modalidad h\u00edbrida y const\u00f3 de 2 fases.<\/p>\n<p>En un primer momento, los participantes realizaron un ejercicio de oratoria a trav\u00e9s de zoom, abordando como tem\u00e1tica central de su intervenci\u00f3n \u201c<strong>los<\/strong> <strong>desaf\u00edos que enfrenta Ecuador<\/strong>\u201d. Tras esta etapa, se eligieron a los 5 finalistas, que compitieron de forma presencial.<\/p>\n<p>En la fase final, los estudiantes desarrollaron una intervenci\u00f3n abordando una de tres tem\u00e1ticas de inter\u00e9s: <strong>Crisis delictiva, Educaci\u00f3n superior, y Econom\u00eda<\/strong><\/p>\n<p>Entre los aspectos evaluados, los jurados calificaron aspectos como: expresi\u00f3n oral, m\u00edmica, durabilidad y contexto. En la ronda final, se produjo un empate t\u00e9cnico. Como resultado del desempate, el estudiante de la UTPL obtuvo el segundo lugar.<\/p>\n<p>Para su participaci\u00f3n en este certamen, Camilo Castro cont\u00f3 con el respaldo de docentes de la carrera de Derecho. Adem\u00e1s, la universidad le brind\u00f3 apoyo para cubrir sus gastos de movilizaci\u00f3n hasta la ciudad de Quito, donde tuvo lugar el evento.<\/p>\n<p>Castro destaca que \u201c<strong>esta experiencia fue muy gratificante y enriquecedora para su formaci\u00f3n acad\u00e9mica y persona<\/strong>l\u201d. As\u00ed mismo, comenta que esto le inspir\u00f3 a \u201ccontinuar super\u00e1ndose\u201d y ahora se siente motivado por formar parte del <strong>Club de Debate y Oratoria de la UTPL<\/strong>.<\/p>\n<p><strong>Nota <\/strong><\/p>\n<p>Actualmente, la carrera de Derecho de la UTPL es la \u00fanica en Ecuador en tener Acreditaci\u00f3n Internacional tras recibir el Sello de Calidad Kalos Virtual Iberoam\u00e9rica, y es una de las tres acreditadas nacionalmente.<\/p>\n","protected":false},"excerpt":{"rendered":"<p>Camilo Castro, estudiante de la carrera de Derecho en la UTPL, logr\u00f3 una destacada participaci\u00f3n tras alcanzar el segundo lugar en un concurso de oratoria al que asistieron estudiantes de todo el pa\u00eds. La Universidad T\u00e9cnica Particular de Loja (UTPL), representada por el estudiante de la carrera de Derecho, Camilo Castro, tuvo una destacada participaci\u00f3n en el Concurso Interuniversitario de Oratoria, que convoc\u00f3 a personas de todo el pa\u00eds. Castro alcanz\u00f3 la medalla de plata y dej\u00f3 en alto a la UTPL, como una de las instituciones l\u00edderes en materia de expresi\u00f3n oral y el arte declamatorio. El certamen fue organizado por la Federaci\u00f3n de Estudiantes Universitarios Particulares del Ecuador (FEUPE) y cont\u00f3 con la participaci\u00f3n de representantes de 20 universidades de diferentes provincias. El concurso se desarroll\u00f3 en modalidad h\u00edbrida y const\u00f3 de 2 fases. En un primer momento, los participantes realizaron un ejercicio de oratoria a trav\u00e9s de zoom, abordando como tem\u00e1tica central de su intervenci\u00f3n \u201clos desaf\u00edos que enfrenta Ecuador\u201d. Tras esta etapa, se eligieron a los 5 finalistas, que compitieron de forma presencial. En la fase final, los estudiantes desarrollaron una intervenci\u00f3n abordando una de tres tem\u00e1ticas de inter\u00e9s: Crisis delictiva, Educaci\u00f3n superior, y Econom\u00eda Entre los aspectos evaluados, los jurados calificaron aspectos como: expresi\u00f3n oral, m\u00edmica, durabilidad y contexto. En la ronda final, se produjo un empate t\u00e9cnico. Como resultado del desempate, el estudiante de la UTPL obtuvo el segundo lugar. Para su participaci\u00f3n en este certamen, Camilo Castro cont\u00f3 con el respaldo de docentes de la carrera de Derecho. Adem\u00e1s, la universidad le brind\u00f3 apoyo para cubrir sus gastos de movilizaci\u00f3n hasta la ciudad de Quito, donde tuvo lugar el evento. Castro destaca que \u201cesta experiencia fue muy gratificante y enriquecedora para su formaci\u00f3n acad\u00e9mica y personal\u201d. As\u00ed mismo, comenta que esto le inspir\u00f3 a \u201ccontinuar super\u00e1ndose\u201d y ahora se siente motivado por formar parte del Club de Debate y Oratoria de la UTPL. Nota Actualmente, la carrera de Derecho de la UTPL es la \u00fanica en Ecuador en tener Acreditaci\u00f3n Internacional tras recibir el Sello de Calidad Kalos Virtual Iberoam\u00e9rica, y es una de las tres acreditadas nacionalmente.<\/p>\n","protected":false},"author":1,"featured_media":11999,"comment_status":"open","ping_status":"open","sticky":false,"template":"","format":"standard","meta":{"footnotes":""},"categories":[284],"tags":[],"class_list":["post-11998","post","type-post","status-publish","format-standard","has-post-thumbnail","hentry","category-noticias-loja"],"_links":{"self":[{"href":"https:\/\/www.elamazonico.com\/portal\/wp-json\/wp\/v2\/posts\/11998","targetHints":{"allow":["GET"]}}],"collection":[{"href":"https:\/\/www.elamazonico.com\/portal\/wp-json\/wp\/v2\/posts"}],"about":[{"href":"https:\/\/www.elamazonico.com\/portal\/wp-json\/wp\/v2\/types\/post"}],"author":[{"embeddable":true,"href":"https:\/\/www.elamazonico.com\/portal\/wp-json\/wp\/v2\/users\/1"}],"replies":[{"embeddable":true,"href":"https:\/\/www.elamazonico.com\/portal\/wp-json\/wp\/v2\/comments?post=11998"}],"version-history":[{"count":1,"href":"https:\/\/www.elamazonico.com\/portal\/wp-json\/wp\/v2\/posts\/11998\/revisions"}],"predecessor-version":[{"id":12000,"href":"https:\/\/www.elamazonico.com\/portal\/wp-json\/wp\/v2\/posts\/11998\/revisions\/12000"}],"wp:featuredmedia":[{"embeddable":true,"href":"https:\/\/www.elamazonico.com\/portal\/wp-json\/wp\/v2\/media\/11999"}],"wp:attachment":[{"href":"https:\/\/www.elamazonico.com\/portal\/wp-json\/wp\/v2\/media?parent=11998"}],"wp:term":[{"taxonomy":"category","embeddable":true,"href":"https:\/\/www.elamazonico.com\/portal\/wp-json\/wp\/v2\/categories?post=11998"},{"taxonomy":"post_tag","embeddable":true,"href":"https:\/\/www.elamazonico.com\/portal\/wp-json\/wp\/v2\/tags?post=11998"}],"curies":[{"name":"wp","href":"https:\/\/api.w.org\/{rel}","templated":true}]}}