{"id":11985,"date":"2023-10-22T20:03:55","date_gmt":"2023-10-23T01:03:55","guid":{"rendered":"https:\/\/www.elamazonico.com\/portal\/?p=11985"},"modified":"2023-10-22T20:18:25","modified_gmt":"2023-10-23T01:18:25","slug":"asambleista-jorge-chamba-se-reunio-con-profesionales-de-la-salud-en-guayaquil","status":"publish","type":"post","link":"https:\/\/www.elamazonico.com\/portal\/asambleista-jorge-chamba-se-reunio-con-profesionales-de-la-salud-en-guayaquil\/","title":{"rendered":"Asamble\u00edsta Jorge Chamba se reuni\u00f3 con profesionales de la salud en Guayaquil"},"content":{"rendered":"<p>En el importante \u0301 junto al Asamble\u00edsta electo Jorge Chamba, nos reunimos con representantes de los gremios y organizaciones de la Salud, los Colegios de \u0301 , Santo Domingo, Chimborazo y Pichincha, \u0301 \u0301 y .<\/p>\n<p>&nbsp;<\/p>\n<p>En este di\u00e1logo, se presentaron una serie de propuestas destinadas a mejorar la calidad de los servicios de salud en todo el pa\u00eds. Algunas de estas propuestas incluyen solicitar una tregua pol\u00edtica para avanzar y construir una salud de calidad, implementar un sistema integral de salud, garantizar medicamentos para todos, , destrabar la adquisici\u00f3n de f\u00e1rmacos, insumos y dispositivos, y luchar contra la corrupci\u00f3n en el sistema de salud.<\/p>\n<p>&nbsp;<\/p>\n<p>En la sede del Colegio de M\u00e9dicos del Guayas, representado por el Dr. Jorge Bucaram, tambi\u00e9n se destac\u00f3 la importancia de \u0301 sin comprometer sus recursos, \u0301 y , incluyendo la reforma transitoria und\u00e9cima.<\/p>\n<p>&nbsp;<\/p>\n<p>Estas propuestas reflejan un esfuerzo concertado para abordar las deficiencias en el sistema de salud de Ecuador y garantizar que se brinde una atenci\u00f3n de calidad a toda la poblaci\u00f3n a trav\u00e9s de la implementaci\u00f3n oportuna del C\u00f3digo Org\u00e1nico Integral de Salud. Juntos, trabajaremos incansablemente para hacerlas realidad y construir un Ecuador m\u00e1s saludable.<\/p>\n","protected":false},"excerpt":{"rendered":"<p>En el importante \u0301 junto al Asamble\u00edsta electo Jorge Chamba, nos reunimos con representantes de los gremios y organizaciones de la Salud, los Colegios de \u0301 , Santo Domingo, Chimborazo y Pichincha, \u0301 \u0301 y . &nbsp; En este di\u00e1logo, se presentaron una serie de propuestas destinadas a mejorar la calidad de los servicios de salud en todo el pa\u00eds. Algunas de estas propuestas incluyen solicitar una tregua pol\u00edtica para avanzar y construir una salud de calidad, implementar un sistema integral de salud, garantizar medicamentos para todos, , destrabar la adquisici\u00f3n de f\u00e1rmacos, insumos y dispositivos, y luchar contra la corrupci\u00f3n en el sistema de salud. &nbsp; En la sede del Colegio de M\u00e9dicos del Guayas, representado por el Dr. Jorge Bucaram, tambi\u00e9n se destac\u00f3 la importancia de \u0301 sin comprometer sus recursos, \u0301 y , incluyendo la reforma transitoria und\u00e9cima. &nbsp; Estas propuestas reflejan un esfuerzo concertado para abordar las deficiencias en el sistema de salud de Ecuador y garantizar que se brinde una atenci\u00f3n de calidad a toda la poblaci\u00f3n a trav\u00e9s de la implementaci\u00f3n oportuna del C\u00f3digo Org\u00e1nico Integral de Salud. Juntos, trabajaremos incansablemente para hacerlas realidad y construir un Ecuador m\u00e1s saludable.<\/p>\n","protected":false},"author":1,"featured_media":11978,"comment_status":"open","ping_status":"open","sticky":false,"template":"","format":"standard","meta":{"footnotes":""},"categories":[1],"tags":[],"class_list":["post-11985","post","type-post","status-publish","format-standard","has-post-thumbnail","hentry","category-uncategorized"],"_links":{"self":[{"href":"https:\/\/www.elamazonico.com\/portal\/wp-json\/wp\/v2\/posts\/11985","targetHints":{"allow":["GET"]}}],"collection":[{"href":"https:\/\/www.elamazonico.com\/portal\/wp-json\/wp\/v2\/posts"}],"about":[{"href":"https:\/\/www.elamazonico.com\/portal\/wp-json\/wp\/v2\/types\/post"}],"author":[{"embeddable":true,"href":"https:\/\/www.elamazonico.com\/portal\/wp-json\/wp\/v2\/users\/1"}],"replies":[{"embeddable":true,"href":"https:\/\/www.elamazonico.com\/portal\/wp-json\/wp\/v2\/comments?post=11985"}],"version-history":[{"count":2,"href":"https:\/\/www.elamazonico.com\/portal\/wp-json\/wp\/v2\/posts\/11985\/revisions"}],"predecessor-version":[{"id":11987,"href":"https:\/\/www.elamazonico.com\/portal\/wp-json\/wp\/v2\/posts\/11985\/revisions\/11987"}],"wp:featuredmedia":[{"embeddable":true,"href":"https:\/\/www.elamazonico.com\/portal\/wp-json\/wp\/v2\/media\/11978"}],"wp:attachment":[{"href":"https:\/\/www.elamazonico.com\/portal\/wp-json\/wp\/v2\/media?parent=11985"}],"wp:term":[{"taxonomy":"category","embeddable":true,"href":"https:\/\/www.elamazonico.com\/portal\/wp-json\/wp\/v2\/categories?post=11985"},{"taxonomy":"post_tag","embeddable":true,"href":"https:\/\/www.elamazonico.com\/portal\/wp-json\/wp\/v2\/tags?post=11985"}],"curies":[{"name":"wp","href":"https:\/\/api.w.org\/{rel}","templated":true}]}}