{"id":11973,"date":"2023-10-22T18:55:42","date_gmt":"2023-10-22T23:55:42","guid":{"rendered":"https:\/\/www.elamazonico.com\/portal\/?p=11973"},"modified":"2023-10-22T19:21:39","modified_gmt":"2023-10-23T00:21:39","slug":"asambleistas-amazonicos-exigen-los-recursos-del-fondo-amazonico-a-traves-de-accion-de-proteccion","status":"publish","type":"post","link":"https:\/\/www.elamazonico.com\/portal\/asambleistas-amazonicos-exigen-los-recursos-del-fondo-amazonico-a-traves-de-accion-de-proteccion\/","title":{"rendered":"Asamble\u00edstas amaz\u00f3nicos exigen los recursos del Fondo Amaz\u00f3nico a trav\u00e9s de acci\u00f3n de protecci\u00f3n"},"content":{"rendered":"<div class=\"x11i5rnm xat24cr x1mh8g0r x1vvkbs xtlvy1s x126k92a\">\n<h4 dir=\"auto\">Los asamble\u00edstas electos de Napo, Morona Santiago, Pastaza, Orellana, Zamora Chinchipe y Sucumb\u00edos reunidos en la ciudad de Macas, se han comprometido a unir sus esfuerzos y coordinar acciones en defensa de la poblaci\u00f3n amaz\u00f3nica y para enfrentar y resolver los problemas que vive esa regi\u00f3n del pa\u00eds.<\/h4>\n<h4 dir=\"auto\">Durante el encuentro se tomaron algunas decisiones:<\/h4>\n<h4 dir=\"auto\">\u2022 Se constituir\u00e1 el Grupo Parlamentario Amaz\u00f3nico con el objetivo de colaborar en el fomento del desarrollo sostenible de la Amazon\u00eda.<\/h4>\n<h4 dir=\"auto\">\u2022 Se interpuso acci\u00f3n de protecci\u00f3n en contra de la se\u00f1ora Guadalupe Llori y el se\u00f1or Pablo Arosemena por la transferencia ilegal de 75 millones de d\u00f3lares del Fondo Com\u00fan Amaz\u00f3nico al Ministerio de Finanzas. La audiencia se dar\u00e1 este lunes 23 de octubre a las 16h00 en la Corte Provincial de Pastaza.<\/h4>\n<\/div>\n<h4 dir=\"auto\">\u2022 La asamble\u00edsta <a class=\"x1i10hfl xjbqb8w x6umtig x1b1mbwd xaqea5y xav7gou x9f619 x1ypdohk xt0psk2 xe8uvvx xdj266r x11i5rnm xat24cr x1mh8g0r xexx8yu x4uap5 x18d9i69 xkhd6sd x16tdsg8 x1hl2dhg xggy1nq x1a2a7pz xt0b8zv x1qq9wsj xo1l8bm\" tabindex=\"0\" role=\"link\" href=\"https:\/\/www.facebook.com\/profile.php?id=100063570129484&amp;__cft__[0]=AZW-FCqp8NblskiH1POZzZXXJggbTwzBcAEbN8rJHuqh1lrM5iuMBQB13YqFmsHEn1iMLcrWOsqRWI329yh8EghVrvMbGE8FCMCMXIHPaclZfiFLHCEtQLg0Ihl1xGZmrepNRnrUn6DA7LBXuLlzX57C&amp;__tn__=-]K-R\"><span class=\"xt0psk2\">Sandra Rueda<\/span><\/a>, electa por la provincia de Napo fue designada como Procuradora Com\u00fan para representar al Grupo Parlamentario en esta acci\u00f3n de protecci\u00f3n. Este encargo se basa en su experiencia como abogada en la defensa de las causas amaz\u00f3nicas.<\/h4>\n<div class=\"x11i5rnm xat24cr x1mh8g0r x1vvkbs xtlvy1s x126k92a\">\n<h4 dir=\"auto\">La pr\u00f3xima reuni\u00f3n del Grupo Parlamentario Amaz\u00f3nico est\u00e1 programada para el 23 de octubre en la provincia de Pastaza.<\/h4>\n<\/div>\n","protected":false},"excerpt":{"rendered":"<p>Los asamble\u00edstas electos de Napo, Morona Santiago, Pastaza, Orellana, Zamora Chinchipe y Sucumb\u00edos reunidos en la ciudad de Macas, se han comprometido a unir sus esfuerzos y coordinar acciones en defensa de la poblaci\u00f3n amaz\u00f3nica y para enfrentar y resolver los problemas que vive esa regi\u00f3n del pa\u00eds. Durante el encuentro se tomaron algunas decisiones: \u2022 Se constituir\u00e1 el Grupo Parlamentario Amaz\u00f3nico con el objetivo de colaborar en el fomento del desarrollo sostenible de la Amazon\u00eda. \u2022 Se interpuso acci\u00f3n de protecci\u00f3n en contra de la se\u00f1ora Guadalupe Llori y el se\u00f1or Pablo Arosemena por la transferencia ilegal de 75 millones de d\u00f3lares del Fondo Com\u00fan Amaz\u00f3nico al Ministerio de Finanzas. La audiencia se dar\u00e1 este lunes 23 de octubre a las 16h00 en la Corte Provincial de Pastaza. \u2022 La asamble\u00edsta Sandra Rueda, electa por la provincia de Napo fue designada como Procuradora Com\u00fan para representar al Grupo Parlamentario en esta acci\u00f3n de protecci\u00f3n. Este encargo se basa en su experiencia como abogada en la defensa de las causas amaz\u00f3nicas. La pr\u00f3xima reuni\u00f3n del Grupo Parlamentario Amaz\u00f3nico est\u00e1 programada para el 23 de octubre en la provincia de Pastaza.<\/p>\n","protected":false},"author":1,"featured_media":11974,"comment_status":"open","ping_status":"open","sticky":false,"template":"","format":"standard","meta":{"footnotes":""},"categories":[285,243],"tags":[],"class_list":["post-11973","post","type-post","status-publish","format-standard","has-post-thumbnail","hentry","category-noticias-amazonia","category-noticias-zamora"],"_links":{"self":[{"href":"https:\/\/www.elamazonico.com\/portal\/wp-json\/wp\/v2\/posts\/11973","targetHints":{"allow":["GET"]}}],"collection":[{"href":"https:\/\/www.elamazonico.com\/portal\/wp-json\/wp\/v2\/posts"}],"about":[{"href":"https:\/\/www.elamazonico.com\/portal\/wp-json\/wp\/v2\/types\/post"}],"author":[{"embeddable":true,"href":"https:\/\/www.elamazonico.com\/portal\/wp-json\/wp\/v2\/users\/1"}],"replies":[{"embeddable":true,"href":"https:\/\/www.elamazonico.com\/portal\/wp-json\/wp\/v2\/comments?post=11973"}],"version-history":[{"count":2,"href":"https:\/\/www.elamazonico.com\/portal\/wp-json\/wp\/v2\/posts\/11973\/revisions"}],"predecessor-version":[{"id":11976,"href":"https:\/\/www.elamazonico.com\/portal\/wp-json\/wp\/v2\/posts\/11973\/revisions\/11976"}],"wp:featuredmedia":[{"embeddable":true,"href":"https:\/\/www.elamazonico.com\/portal\/wp-json\/wp\/v2\/media\/11974"}],"wp:attachment":[{"href":"https:\/\/www.elamazonico.com\/portal\/wp-json\/wp\/v2\/media?parent=11973"}],"wp:term":[{"taxonomy":"category","embeddable":true,"href":"https:\/\/www.elamazonico.com\/portal\/wp-json\/wp\/v2\/categories?post=11973"},{"taxonomy":"post_tag","embeddable":true,"href":"https:\/\/www.elamazonico.com\/portal\/wp-json\/wp\/v2\/tags?post=11973"}],"curies":[{"name":"wp","href":"https:\/\/api.w.org\/{rel}","templated":true}]}}