{"id":11963,"date":"2023-10-20T15:50:14","date_gmt":"2023-10-20T20:50:14","guid":{"rendered":"https:\/\/www.elamazonico.com\/portal\/?p=11963"},"modified":"2023-10-20T15:50:14","modified_gmt":"2023-10-20T20:50:14","slug":"fallece-periodista-lojano-tras-una-dura-lucha-contra-el-cancer","status":"publish","type":"post","link":"https:\/\/www.elamazonico.com\/portal\/fallece-periodista-lojano-tras-una-dura-lucha-contra-el-cancer\/","title":{"rendered":"Fallece periodista lojano tras una dura lucha contra el c\u00e1ncer"},"content":{"rendered":"<p>Carlos Andrade, periodista Lojano, falleci\u00f3 hoy viernes 20 de octubre del presente a\u00f1os, tras una dura lucha contra un c\u00e1ncer que le quit\u00f3 la batalla.<\/p>\n<p>El profesional de periodismo y con una amplia trayectoria trabaj\u00f3 como corresponsal para medios nacionales como; Ecuavisa y TC Televisi\u00f3n, en los medios locales, UV Televisi\u00f3n, radio La Hechicera\u00a0 y ten\u00eda su propio canal digital Tele 7.\u00a0 Era un periodista cr\u00edtico cuando ve\u00eda que una autoridad no actuaba bien. Ten\u00eda su propio estilo y era muy apasionado por la comunicaci\u00f3n.<\/p>\n","protected":false},"excerpt":{"rendered":"<p>Carlos Andrade, periodista Lojano, falleci\u00f3 hoy viernes 20 de octubre del presente a\u00f1os, tras una dura lucha contra un c\u00e1ncer que le quit\u00f3 la batalla. El profesional de periodismo y con una amplia trayectoria trabaj\u00f3 como corresponsal para medios nacionales como; Ecuavisa y TC Televisi\u00f3n, en los medios locales, UV Televisi\u00f3n, radio La Hechicera\u00a0 y ten\u00eda su propio canal digital Tele 7.\u00a0 Era un periodista cr\u00edtico cuando ve\u00eda que una autoridad no actuaba bien. Ten\u00eda su propio estilo y era muy apasionado por la comunicaci\u00f3n.<\/p>\n","protected":false},"author":1,"featured_media":11964,"comment_status":"open","ping_status":"open","sticky":false,"template":"","format":"standard","meta":{"footnotes":""},"categories":[284],"tags":[],"class_list":["post-11963","post","type-post","status-publish","format-standard","has-post-thumbnail","hentry","category-noticias-loja"],"_links":{"self":[{"href":"https:\/\/www.elamazonico.com\/portal\/wp-json\/wp\/v2\/posts\/11963","targetHints":{"allow":["GET"]}}],"collection":[{"href":"https:\/\/www.elamazonico.com\/portal\/wp-json\/wp\/v2\/posts"}],"about":[{"href":"https:\/\/www.elamazonico.com\/portal\/wp-json\/wp\/v2\/types\/post"}],"author":[{"embeddable":true,"href":"https:\/\/www.elamazonico.com\/portal\/wp-json\/wp\/v2\/users\/1"}],"replies":[{"embeddable":true,"href":"https:\/\/www.elamazonico.com\/portal\/wp-json\/wp\/v2\/comments?post=11963"}],"version-history":[{"count":1,"href":"https:\/\/www.elamazonico.com\/portal\/wp-json\/wp\/v2\/posts\/11963\/revisions"}],"predecessor-version":[{"id":11965,"href":"https:\/\/www.elamazonico.com\/portal\/wp-json\/wp\/v2\/posts\/11963\/revisions\/11965"}],"wp:featuredmedia":[{"embeddable":true,"href":"https:\/\/www.elamazonico.com\/portal\/wp-json\/wp\/v2\/media\/11964"}],"wp:attachment":[{"href":"https:\/\/www.elamazonico.com\/portal\/wp-json\/wp\/v2\/media?parent=11963"}],"wp:term":[{"taxonomy":"category","embeddable":true,"href":"https:\/\/www.elamazonico.com\/portal\/wp-json\/wp\/v2\/categories?post=11963"},{"taxonomy":"post_tag","embeddable":true,"href":"https:\/\/www.elamazonico.com\/portal\/wp-json\/wp\/v2\/tags?post=11963"}],"curies":[{"name":"wp","href":"https:\/\/api.w.org\/{rel}","templated":true}]}}