{"id":11854,"date":"2023-10-12T10:00:55","date_gmt":"2023-10-12T15:00:55","guid":{"rendered":"https:\/\/www.elamazonico.comportal\/?p=11854"},"modified":"2023-10-12T10:00:55","modified_gmt":"2023-10-12T15:00:55","slug":"utpl-inaugura-un-nuevo-ciclo-academico-con-la-incorporacion-de-12-nuevos-doctores-al-claustro","status":"publish","type":"post","link":"https:\/\/www.elamazonico.com\/portal\/utpl-inaugura-un-nuevo-ciclo-academico-con-la-incorporacion-de-12-nuevos-doctores-al-claustro\/","title":{"rendered":"UTPL inaugura un nuevo ciclo acad\u00e9mico con la incorporaci\u00f3n de 12 nuevos doctores al Claustro"},"content":{"rendered":"<p>La Universidad T\u00e9cnica Particular de Loja (UTPL) realiz\u00f3, este martes 10 de octubre, el acto de inauguraci\u00f3n del nuevo a\u00f1o acad\u00e9mico 2023 \u20132024 y la incorporaci\u00f3n de 12 nuevos doctores al Claustro de docentes.<\/p>\n<p>Como parte de los actos de inauguraci\u00f3n, la universidad llev\u00f3 a cabo una sesi\u00f3n solemne y una eucarist\u00eda en las que participaron diversas autoridades locales, representantes de instituciones, docentes y funcionarios administrativos. Durante el evento solemne, la UTPL incorpor\u00f3 a 12 nuevos doctores a su Claustro de docentes, el cual cuenta con m\u00e1s de 200 profesionales que han alcanzado el grado de Doctores en diferentes \u00e1reas y universidades del mundo.<\/p>\n<p>Gabriel Garc\u00eda Torres, secretario general de la UTPL, destac\u00f3 que este a\u00f1o la universidad contar\u00e1 con 768 docentes (421 mujeres y 347 hombres) y 721 funcionarios (459 mujeres y 262 hombres). Asimismo, anunci\u00f3 que la UTPL inici\u00f3 la construcci\u00f3n del proyecto ubicado en la calle Santiago de las Monta\u00f1as, una edificaci\u00f3n que abarcar\u00e1 m\u00e1s de 20 mil metros cuadrados y tomar\u00e1 2 a\u00f1os en completarse la obra.<\/p>\n<p>\u201cEsta infraestructura albergar\u00e1 un nuevo Centro de Convenciones, que incluir\u00e1 dos auditorios con capacidad para mil personas cada uno, salas para grado y aulas. Con esto, prevemos que las necesidades educativas est\u00e9n cubiertas durante la siguiente d\u00e9cada\u201d, explic\u00f3.<\/p>\n<p>Garc\u00eda tambi\u00e9n mencion\u00f3 que la UTPL retomar\u00e1 el proyecto de construcci\u00f3n del edificio ubicado en la calle 10 de Agosto (centro de la ciudad de Loja), como una estrategia para acercar la universidad a la ciudadan\u00eda. Esta edificaci\u00f3n, con alrededor de 5 000 m2 de construcci\u00f3n, permitir\u00e1 desarrollar actividades de car\u00e1cter urbano, cultural, servicios y educativo.<\/p>\n<p>Por otra parte, Santiago Acosta Aide, rector de la UTPL, manifest\u00f3 que, desde su origen, la universidad siempre ha estado a la vanguardia. \u201cComo UTPL, tenemos trayectoria y tradici\u00f3n, pero nos tenemos que enfocar en nuestra tercera l\u00ednea: la innovaci\u00f3n y el emprendimiento. No cabe concebir hoy una universidad que no impulse el emprendimiento en sus estudiantes y en la sociedad, y que no genere innovaci\u00f3n\u201d, precis\u00f3 Acosta.<\/p>\n<p>Tras su intervenci\u00f3n, el rector declar\u00f3 inaugurado el nuevo a\u00f1o acad\u00e9mico en la UTPL. Las clases iniciar\u00e1n el mi\u00e9rcoles 11 de octubre de 2023, para la mayor\u00eda de las carreras, con excepci\u00f3n de Medicina, que inici\u00f3 clases el pasado 2 de octubre para cumplir con su calendario interno.<\/p>\n<p>Paola Andrade, coordinadora acad\u00e9mica de la UTPL, resalt\u00f3 los esfuerzos de la instituci\u00f3n para optimizar no solo su infraestructura, sino tambi\u00e9n su modelo educativo, ajust\u00e1ndolo a las nuevas tendencias tecnol\u00f3gicas y acad\u00e9micas. En este nuevo per\u00edodo, la UTPL acoger\u00e1 a m\u00e1s de 39 000 estudiantes en las modalidades presencial y a distancia, en grado, tecnolog\u00edas y posgrado.<\/p>\n<p>&nbsp;<\/p>\n","protected":false},"excerpt":{"rendered":"<p>La Universidad T\u00e9cnica Particular de Loja (UTPL) realiz\u00f3, este martes 10 de octubre, el acto de inauguraci\u00f3n del nuevo a\u00f1o acad\u00e9mico 2023 \u20132024 y la incorporaci\u00f3n de 12 nuevos doctores al Claustro de docentes. Como parte de los actos de inauguraci\u00f3n, la universidad llev\u00f3 a cabo una sesi\u00f3n solemne y una eucarist\u00eda en las que participaron diversas autoridades locales, representantes de instituciones, docentes y funcionarios administrativos. Durante el evento solemne, la UTPL incorpor\u00f3 a 12 nuevos doctores a su Claustro de docentes, el cual cuenta con m\u00e1s de 200 profesionales que han alcanzado el grado de Doctores en diferentes \u00e1reas y universidades del mundo. Gabriel Garc\u00eda Torres, secretario general de la UTPL, destac\u00f3 que este a\u00f1o la universidad contar\u00e1 con 768 docentes (421 mujeres y 347 hombres) y 721 funcionarios (459 mujeres y 262 hombres). Asimismo, anunci\u00f3 que la UTPL inici\u00f3 la construcci\u00f3n del proyecto ubicado en la calle Santiago de las Monta\u00f1as, una edificaci\u00f3n que abarcar\u00e1 m\u00e1s de 20 mil metros cuadrados y tomar\u00e1 2 a\u00f1os en completarse la obra. \u201cEsta infraestructura albergar\u00e1 un nuevo Centro de Convenciones, que incluir\u00e1 dos auditorios con capacidad para mil personas cada uno, salas para grado y aulas. Con esto, prevemos que las necesidades educativas est\u00e9n cubiertas durante la siguiente d\u00e9cada\u201d, explic\u00f3. Garc\u00eda tambi\u00e9n mencion\u00f3 que la UTPL retomar\u00e1 el proyecto de construcci\u00f3n del edificio ubicado en la calle 10 de Agosto (centro de la ciudad de Loja), como una estrategia para acercar la universidad a la ciudadan\u00eda. Esta edificaci\u00f3n, con alrededor de 5 000 m2 de construcci\u00f3n, permitir\u00e1 desarrollar actividades de car\u00e1cter urbano, cultural, servicios y educativo. Por otra parte, Santiago Acosta Aide, rector de la UTPL, manifest\u00f3 que, desde su origen, la universidad siempre ha estado a la vanguardia. \u201cComo UTPL, tenemos trayectoria y tradici\u00f3n, pero nos tenemos que enfocar en nuestra tercera l\u00ednea: la innovaci\u00f3n y el emprendimiento. No cabe concebir hoy una universidad que no impulse el emprendimiento en sus estudiantes y en la sociedad, y que no genere innovaci\u00f3n\u201d, precis\u00f3 Acosta. Tras su intervenci\u00f3n, el rector declar\u00f3 inaugurado el nuevo a\u00f1o acad\u00e9mico en la UTPL. Las clases iniciar\u00e1n el mi\u00e9rcoles 11 de octubre de 2023, para la mayor\u00eda de las carreras, con excepci\u00f3n de Medicina, que inici\u00f3 clases el pasado 2 de octubre para cumplir con su calendario interno. Paola Andrade, coordinadora acad\u00e9mica de la UTPL, resalt\u00f3 los esfuerzos de la instituci\u00f3n para optimizar no solo su infraestructura, sino tambi\u00e9n su modelo educativo, ajust\u00e1ndolo a las nuevas tendencias tecnol\u00f3gicas y acad\u00e9micas. En este nuevo per\u00edodo, la UTPL acoger\u00e1 a m\u00e1s de 39 000 estudiantes en las modalidades presencial y a distancia, en grado, tecnolog\u00edas y posgrado. &nbsp;<\/p>\n","protected":false},"author":1,"featured_media":11855,"comment_status":"open","ping_status":"open","sticky":false,"template":"","format":"standard","meta":{"footnotes":""},"categories":[284],"tags":[],"class_list":["post-11854","post","type-post","status-publish","format-standard","has-post-thumbnail","hentry","category-noticias-loja"],"_links":{"self":[{"href":"https:\/\/www.elamazonico.com\/portal\/wp-json\/wp\/v2\/posts\/11854","targetHints":{"allow":["GET"]}}],"collection":[{"href":"https:\/\/www.elamazonico.com\/portal\/wp-json\/wp\/v2\/posts"}],"about":[{"href":"https:\/\/www.elamazonico.com\/portal\/wp-json\/wp\/v2\/types\/post"}],"author":[{"embeddable":true,"href":"https:\/\/www.elamazonico.com\/portal\/wp-json\/wp\/v2\/users\/1"}],"replies":[{"embeddable":true,"href":"https:\/\/www.elamazonico.com\/portal\/wp-json\/wp\/v2\/comments?post=11854"}],"version-history":[{"count":1,"href":"https:\/\/www.elamazonico.com\/portal\/wp-json\/wp\/v2\/posts\/11854\/revisions"}],"predecessor-version":[{"id":11856,"href":"https:\/\/www.elamazonico.com\/portal\/wp-json\/wp\/v2\/posts\/11854\/revisions\/11856"}],"wp:featuredmedia":[{"embeddable":true,"href":"https:\/\/www.elamazonico.com\/portal\/wp-json\/wp\/v2\/media\/11855"}],"wp:attachment":[{"href":"https:\/\/www.elamazonico.com\/portal\/wp-json\/wp\/v2\/media?parent=11854"}],"wp:term":[{"taxonomy":"category","embeddable":true,"href":"https:\/\/www.elamazonico.com\/portal\/wp-json\/wp\/v2\/categories?post=11854"},{"taxonomy":"post_tag","embeddable":true,"href":"https:\/\/www.elamazonico.com\/portal\/wp-json\/wp\/v2\/tags?post=11854"}],"curies":[{"name":"wp","href":"https:\/\/api.w.org\/{rel}","templated":true}]}}