{"id":11813,"date":"2023-10-11T07:10:20","date_gmt":"2023-10-11T12:10:20","guid":{"rendered":"https:\/\/www.elamazonico.com\/portal\/?p=11813"},"modified":"2023-10-11T07:10:20","modified_gmt":"2023-10-11T12:10:20","slug":"2-000-ninas-tuvieron-hijos-de-sus-violadores-en-ecuador-en-2022","status":"publish","type":"post","link":"https:\/\/www.elamazonico.com\/portal\/2-000-ninas-tuvieron-hijos-de-sus-violadores-en-ecuador-en-2022\/","title":{"rendered":"2 000 ni\u00f1as tuvieron hijos de sus violadores en Ecuador en 2022"},"content":{"rendered":"<p>Un total de 2 001 ni\u00f1as tuvieron hijos de sus violadores el a\u00f1o pasado en\u00a0<b>Ecuador<\/b>, inform\u00f3 este martes 10 de octubre la\u00a0<b>Fundaci\u00f3n Desaf\u00edo<\/b>, basada en datos del\u00a0<b><a href=\"https:\/\/www.ecuavisa.com\/noticias\/sociedad\/tumor-ovario-hospital-guayaquil-AB6120442\" target=\"_blank\" rel=\"noopener noreferrer\">Ministerio de Salud P\u00fablica<\/a><\/b>\u00a0(MSP).<\/p>\n<p>De ese total, 1.193 tuvieron un parto v\u00eda vaginal y 808 v\u00eda ces\u00e1rea. \u00abImaginen a una ni\u00f1a pujando para sacar un beb\u00e9 no deseado al mundo, desgarr\u00e1ndose la vagina o abriendo su vientre\u00bb, dijo en una rueda de prensa Virginia G\u00f3mez de la Torre, de la Fundaci\u00f3n Desaf\u00edo.<\/p>\n<p>\u00abA otras le va peor, se complican, pues el embarazo se instala en sus cuerpos tiernos, todav\u00eda inmaduros, apurados por cumplir con un proceso gestacional en medio de complicaciones obst\u00e9tricas como\u00a0<b>hipertensi\u00f3n<\/b>,<b>\u00a0hemorragias<\/b>,<b>\u00a0infecciones del embarazo<\/b>,<b>\u00a0partos prematuros<\/b>\u00a0y otras como\u00a0<b>tumores placentarios<\/b>,\u00a0<b>ruptura prematura de membranas<\/b>\u00ab, indic\u00f3.<\/p>\n<h2 class=\"h2-componente\">Violencia sexual: 18.000 casos<\/h2>\n<div class=\"paragraph\">\n<p>G\u00f3mez de la Torre agreg\u00f3 que en el MSP se atendieron\u00a0<b>entre 2019 y 2022 un total de 9.662 casos de violencia sexual a ni\u00f1as entre cero y 14 a\u00f1os<\/b>, y 8.395 en adolescentes entre 15 y 19 a\u00f1os.<\/p>\n<p>Por otra parte, cit\u00f3 al Ministerio de Educaci\u00f3n para aseverar que la violencia sexual contra estudiantes es \u00abalta\u00bb, y anot\u00f3 que s\u00f3lo en 2022 se registraron 4.115 agresiones de menores en edad escolar: 708 ocurrieron en instancias educativas y 3.407 en su entorno social.<\/p>\n<p>\u00abLas agresiones sexuales van desde las verbales hasta violaciones, y el 90 % de las v\u00edctimas son mujeres, la mayor\u00eda en edades entre 8 y 14 a\u00f1os\u00bb, detall\u00f3.<\/p>\n<\/div>\n<h2 class=\"h2-componente\">270 millones de d\u00f3lares en atenci\u00f3n<\/h2>\n<div class=\"paragraph\">\n<p>Y apunt\u00f3 que \u00abal pa\u00eds le cuesta\u00a0<b>270 millones de d\u00f3lares\u00a0<\/b>la atenci\u00f3n de embarazos en ni\u00f1as y adolescentes, m\u00e1s el costo personal y social de perder a una ciudadana a quien no se le dio la oportunidad de ser adolescente, joven, y cumplir con los suelos de estudiar y trabajar dignamente\u00bb.<\/p>\n<p>En la rueda de prensa en la que colectivos de mujeres exigieron a los candidatos presidenciales\u00a0<b><a href=\"https:\/\/www.ecuavisa.com\/la-noticia-a-fondo\/segunda-vuelta-ecuador-2023-estas-son-las-propuestas-mas-relevantes-de-noboa-y-gonzalez-en-el-eje-de-salud-EF6052611\" target=\"_blank\" rel=\"noopener noreferrer\">Daniel Noboa y Luisa Gonz\u00e1lez<\/a><\/b>, tomar posiciones concretas en favor de las mujeres, De la Torre se\u00f1al\u00f3 que en 2012 una de cada cuatro ecuatorianas vivi\u00f3 violencia sexual, y ahora la cifra ha subido a una de cada tres.<\/p>\n<p>En Ecuador el<b>\u00a0aborto por violaci\u00f3n\u00a0<\/b>es legal desde el a\u00f1o pasado, pero las organizaciones defensoras de este derecho advierten dificultades y falta de informaci\u00f3n estatal para acceder a la interrupci\u00f3n del embarazo. Fuente: Ecuavisa<\/p>\n<\/div>\n","protected":false},"excerpt":{"rendered":"<p>Un total de 2 001 ni\u00f1as tuvieron hijos de sus violadores el a\u00f1o pasado en\u00a0Ecuador, inform\u00f3 este martes 10 de octubre la\u00a0Fundaci\u00f3n Desaf\u00edo, basada en datos del\u00a0Ministerio de Salud P\u00fablica\u00a0(MSP). De ese total, 1.193 tuvieron un parto v\u00eda vaginal y 808 v\u00eda ces\u00e1rea. \u00abImaginen a una ni\u00f1a pujando para sacar un beb\u00e9 no deseado al mundo, desgarr\u00e1ndose la vagina o abriendo su vientre\u00bb, dijo en una rueda de prensa Virginia G\u00f3mez de la Torre, de la Fundaci\u00f3n Desaf\u00edo. \u00abA otras le va peor, se complican, pues el embarazo se instala en sus cuerpos tiernos, todav\u00eda inmaduros, apurados por cumplir con un proceso gestacional en medio de complicaciones obst\u00e9tricas como\u00a0hipertensi\u00f3n,\u00a0hemorragias,\u00a0infecciones del embarazo,\u00a0partos prematuros\u00a0y otras como\u00a0tumores placentarios,\u00a0ruptura prematura de membranas\u00ab, indic\u00f3. Violencia sexual: 18.000 casos G\u00f3mez de la Torre agreg\u00f3 que en el MSP se atendieron\u00a0entre 2019 y 2022 un total de 9.662 casos de violencia sexual a ni\u00f1as entre cero y 14 a\u00f1os, y 8.395 en adolescentes entre 15 y 19 a\u00f1os. Por otra parte, cit\u00f3 al Ministerio de Educaci\u00f3n para aseverar que la violencia sexual contra estudiantes es \u00abalta\u00bb, y anot\u00f3 que s\u00f3lo en 2022 se registraron 4.115 agresiones de menores en edad escolar: 708 ocurrieron en instancias educativas y 3.407 en su entorno social. \u00abLas agresiones sexuales van desde las verbales hasta violaciones, y el 90 % de las v\u00edctimas son mujeres, la mayor\u00eda en edades entre 8 y 14 a\u00f1os\u00bb, detall\u00f3. 270 millones de d\u00f3lares en atenci\u00f3n Y apunt\u00f3 que \u00abal pa\u00eds le cuesta\u00a0270 millones de d\u00f3lares\u00a0la atenci\u00f3n de embarazos en ni\u00f1as y adolescentes, m\u00e1s el costo personal y social de perder a una ciudadana a quien no se le dio la oportunidad de ser adolescente, joven, y cumplir con los suelos de estudiar y trabajar dignamente\u00bb. En la rueda de prensa en la que colectivos de mujeres exigieron a los candidatos presidenciales\u00a0Daniel Noboa y Luisa Gonz\u00e1lez, tomar posiciones concretas en favor de las mujeres, De la Torre se\u00f1al\u00f3 que en 2012 una de cada cuatro ecuatorianas vivi\u00f3 violencia sexual, y ahora la cifra ha subido a una de cada tres. En Ecuador el\u00a0aborto por violaci\u00f3n\u00a0es legal desde el a\u00f1o pasado, pero las organizaciones defensoras de este derecho advierten dificultades y falta de informaci\u00f3n estatal para acceder a la interrupci\u00f3n del embarazo. Fuente: Ecuavisa<\/p>\n","protected":false},"author":1,"featured_media":11814,"comment_status":"open","ping_status":"open","sticky":false,"template":"","format":"standard","meta":{"footnotes":""},"categories":[268],"tags":[],"class_list":["post-11813","post","type-post","status-publish","format-standard","has-post-thumbnail","hentry","category-nacionales"],"_links":{"self":[{"href":"https:\/\/www.elamazonico.com\/portal\/wp-json\/wp\/v2\/posts\/11813","targetHints":{"allow":["GET"]}}],"collection":[{"href":"https:\/\/www.elamazonico.com\/portal\/wp-json\/wp\/v2\/posts"}],"about":[{"href":"https:\/\/www.elamazonico.com\/portal\/wp-json\/wp\/v2\/types\/post"}],"author":[{"embeddable":true,"href":"https:\/\/www.elamazonico.com\/portal\/wp-json\/wp\/v2\/users\/1"}],"replies":[{"embeddable":true,"href":"https:\/\/www.elamazonico.com\/portal\/wp-json\/wp\/v2\/comments?post=11813"}],"version-history":[{"count":1,"href":"https:\/\/www.elamazonico.com\/portal\/wp-json\/wp\/v2\/posts\/11813\/revisions"}],"predecessor-version":[{"id":11815,"href":"https:\/\/www.elamazonico.com\/portal\/wp-json\/wp\/v2\/posts\/11813\/revisions\/11815"}],"wp:featuredmedia":[{"embeddable":true,"href":"https:\/\/www.elamazonico.com\/portal\/wp-json\/wp\/v2\/media\/11814"}],"wp:attachment":[{"href":"https:\/\/www.elamazonico.com\/portal\/wp-json\/wp\/v2\/media?parent=11813"}],"wp:term":[{"taxonomy":"category","embeddable":true,"href":"https:\/\/www.elamazonico.com\/portal\/wp-json\/wp\/v2\/categories?post=11813"},{"taxonomy":"post_tag","embeddable":true,"href":"https:\/\/www.elamazonico.com\/portal\/wp-json\/wp\/v2\/tags?post=11813"}],"curies":[{"name":"wp","href":"https:\/\/api.w.org\/{rel}","templated":true}]}}