{"id":11796,"date":"2023-10-10T11:47:01","date_gmt":"2023-10-10T16:47:01","guid":{"rendered":"https:\/\/www.elamazonico.com\/portal\/?p=11796"},"modified":"2023-10-10T11:47:01","modified_gmt":"2023-10-10T16:47:01","slug":"3-850-instituciones-educativas-van-a-clases-a-distancia-desde-este-11-de-octubre-por-elecciones-en-ecuador","status":"publish","type":"post","link":"https:\/\/www.elamazonico.com\/portal\/3-850-instituciones-educativas-van-a-clases-a-distancia-desde-este-11-de-octubre-por-elecciones-en-ecuador\/","title":{"rendered":"3.850 instituciones educativas van a clases a distancia desde este 11 de octubre por elecciones en Ecuador"},"content":{"rendered":"<p class=\"p_1\">El Ministerio de Educaci\u00f3n inform\u00f3 que los planteles fueron habilitados para llevar a cabo el proceso de<b>\u00a0segunda vuelta\u00a0<\/b>de las elecciones presidenciales 2023, que se llevar\u00e1 a cabo el pr\u00f3ximo domingo 15 de octubre.<\/p>\n<p class=\"p_2\">Al igual que en la primera vuelta electoral, la cartera de Estado ha acogido la solicitud del Consejo Nacional Electoral (CNE) y del Ministerio de Defensa Nacional para que las clases en las unidades educativas<b>\u00a0fiscales\u00a0<\/b>seleccionadas se puedan desarrollar en modalidad a distancia, conforme a lo detallado a continuaci\u00f3n:<\/p>\n<p class=\"p_3\">La modalidad inicia con la jornada nocturna este mi\u00e9rcoles<b>\u00a011 de octubre.<\/b><\/p>\n<p class=\"p_4\">Mientras que todas las jornadas (matutina, vespertina y nocturna), desde el\u00a0<b>jueves 12, viernes 13 y lunes 16 de octubre<\/b>.<\/p>\n<p class=\"p_5\">Esto debido a que el personal militar y del CNE desplegar\u00e1n sus operativos de seguridad y log\u00edstica para la entrega de material electoral y dispositivos de seguridad en esos d\u00edas.<\/p>\n<p class=\"p_6\">El personal administrativo y directivo coordinar\u00e1 con los distritos y zonas para estar presentes y recibir al personal del CNE y Fuerzas Armadas para el \u00f3ptimo desarrollo de las votaciones y posterior escrutinio.<\/p>\n<p class=\"p_7\">Los establecimientos fiscomisionales, municipales y particulares pueden\u00a0<b>acogerse<\/b>\u00a0a esta disposici\u00f3n de manera voluntaria o establecer sus propias disposiciones, en coordinaci\u00f3n con el CNE, e informar a la comunidad educativa.<\/p>\n<p class=\"p_8\">El Ministerio tambi\u00e9n se\u00f1al\u00f3 que, las medidas han sido adoptadas para contribuir con el \u00abdesarrollo eficiente\u00bb de las tareas relacionadas con la actividad democr\u00e1tica electoral, y \u00abprecautelar la seguridad y bienestar de nuestras ni\u00f1as, ni\u00f1os y j\u00f3venes, en l\u00ednea con nuestra misi\u00f3n de promover una educaci\u00f3n de calidad en un entorno seguro\u00bb.<\/p>\n","protected":false},"excerpt":{"rendered":"<p>El Ministerio de Educaci\u00f3n inform\u00f3 que los planteles fueron habilitados para llevar a cabo el proceso de\u00a0segunda vuelta\u00a0de las elecciones presidenciales 2023, que se llevar\u00e1 a cabo el pr\u00f3ximo domingo 15 de octubre. Al igual que en la primera vuelta electoral, la cartera de Estado ha acogido la solicitud del Consejo Nacional Electoral (CNE) y del Ministerio de Defensa Nacional para que las clases en las unidades educativas\u00a0fiscales\u00a0seleccionadas se puedan desarrollar en modalidad a distancia, conforme a lo detallado a continuaci\u00f3n: La modalidad inicia con la jornada nocturna este mi\u00e9rcoles\u00a011 de octubre. Mientras que todas las jornadas (matutina, vespertina y nocturna), desde el\u00a0jueves 12, viernes 13 y lunes 16 de octubre. Esto debido a que el personal militar y del CNE desplegar\u00e1n sus operativos de seguridad y log\u00edstica para la entrega de material electoral y dispositivos de seguridad en esos d\u00edas. El personal administrativo y directivo coordinar\u00e1 con los distritos y zonas para estar presentes y recibir al personal del CNE y Fuerzas Armadas para el \u00f3ptimo desarrollo de las votaciones y posterior escrutinio. Los establecimientos fiscomisionales, municipales y particulares pueden\u00a0acogerse\u00a0a esta disposici\u00f3n de manera voluntaria o establecer sus propias disposiciones, en coordinaci\u00f3n con el CNE, e informar a la comunidad educativa. El Ministerio tambi\u00e9n se\u00f1al\u00f3 que, las medidas han sido adoptadas para contribuir con el \u00abdesarrollo eficiente\u00bb de las tareas relacionadas con la actividad democr\u00e1tica electoral, y \u00abprecautelar la seguridad y bienestar de nuestras ni\u00f1as, ni\u00f1os y j\u00f3venes, en l\u00ednea con nuestra misi\u00f3n de promover una educaci\u00f3n de calidad en un entorno seguro\u00bb.<\/p>\n","protected":false},"author":1,"featured_media":11797,"comment_status":"open","ping_status":"open","sticky":false,"template":"","format":"standard","meta":{"footnotes":""},"categories":[268],"tags":[],"class_list":["post-11796","post","type-post","status-publish","format-standard","has-post-thumbnail","hentry","category-nacionales"],"_links":{"self":[{"href":"https:\/\/www.elamazonico.com\/portal\/wp-json\/wp\/v2\/posts\/11796","targetHints":{"allow":["GET"]}}],"collection":[{"href":"https:\/\/www.elamazonico.com\/portal\/wp-json\/wp\/v2\/posts"}],"about":[{"href":"https:\/\/www.elamazonico.com\/portal\/wp-json\/wp\/v2\/types\/post"}],"author":[{"embeddable":true,"href":"https:\/\/www.elamazonico.com\/portal\/wp-json\/wp\/v2\/users\/1"}],"replies":[{"embeddable":true,"href":"https:\/\/www.elamazonico.com\/portal\/wp-json\/wp\/v2\/comments?post=11796"}],"version-history":[{"count":1,"href":"https:\/\/www.elamazonico.com\/portal\/wp-json\/wp\/v2\/posts\/11796\/revisions"}],"predecessor-version":[{"id":11798,"href":"https:\/\/www.elamazonico.com\/portal\/wp-json\/wp\/v2\/posts\/11796\/revisions\/11798"}],"wp:featuredmedia":[{"embeddable":true,"href":"https:\/\/www.elamazonico.com\/portal\/wp-json\/wp\/v2\/media\/11797"}],"wp:attachment":[{"href":"https:\/\/www.elamazonico.com\/portal\/wp-json\/wp\/v2\/media?parent=11796"}],"wp:term":[{"taxonomy":"category","embeddable":true,"href":"https:\/\/www.elamazonico.com\/portal\/wp-json\/wp\/v2\/categories?post=11796"},{"taxonomy":"post_tag","embeddable":true,"href":"https:\/\/www.elamazonico.com\/portal\/wp-json\/wp\/v2\/tags?post=11796"}],"curies":[{"name":"wp","href":"https:\/\/api.w.org\/{rel}","templated":true}]}}