{"id":11769,"date":"2023-10-03T21:17:44","date_gmt":"2023-10-04T02:17:44","guid":{"rendered":"https:\/\/www.elamazonico.com\/portal\/?p=11769"},"modified":"2023-10-03T21:17:44","modified_gmt":"2023-10-04T02:17:44","slug":"el-pais-puede-estar-tranquilo-no-habra-apagones-ministro-de-energia","status":"publish","type":"post","link":"https:\/\/www.elamazonico.com\/portal\/el-pais-puede-estar-tranquilo-no-habra-apagones-ministro-de-energia\/","title":{"rendered":"&#8216;El pa\u00eds puede estar tranquilo, no habr\u00e1 apagones&#8217;: ministro de Energ\u00eda"},"content":{"rendered":"<p>El ministro de Energ\u00eda de Ecuador, Fernando Santos, ha tranquilizado a la poblaci\u00f3n al afirmar que no habr\u00e1 apagones ni cortes de energ\u00eda en el pa\u00eds. Estas declaraciones se realizaron en respuesta a un comunicado emitido por el Ministerio de Energ\u00eda y Minas, en el que se informaba sobre una disminuci\u00f3n temporal de la transferencia de potencia desde Colombia debido a trabajos de mantenimiento en la infraestructura el\u00e9ctrica de ese pa\u00eds.<\/p>\n<p>Seg\u00fan el comunicado, se han identificado condiciones de posible escasez puntual de potencia en el sistema el\u00e9ctrico ecuatoriano, y estas condiciones se mantendr\u00e1n hasta el jueves, 5 de octubre de 2023. En este contexto, se coordinar\u00e1 con las empresas de distribuci\u00f3n una desconexi\u00f3n puntual de la demanda el\u00e9ctrica, que tendr\u00e1 lugar entre las 16:00 y las 17:30.<\/p>\n<p>El Ministerio de Energ\u00eda y Minas enfatiz\u00f3 que estas medidas se aplicar\u00e1n en la magnitud estrictamente necesaria para mantener la estabilidad y confiabilidad del servicio el\u00e9ctrico nacional. Adem\u00e1s, se aclar\u00f3 que estas acciones no est\u00e1n relacionadas con racionamientos energ\u00e9ticos.<\/p>\n<p>La entidad tambi\u00e9n hizo un llamado a la ciudadan\u00eda para que colabore en el uso eficiente y responsable de la energ\u00eda en beneficio del pa\u00eds. <strong>Fuente: Ecuador en vivo<\/strong><\/p>\n","protected":false},"excerpt":{"rendered":"<p>El ministro de Energ\u00eda de Ecuador, Fernando Santos, ha tranquilizado a la poblaci\u00f3n al afirmar que no habr\u00e1 apagones ni cortes de energ\u00eda en el pa\u00eds. Estas declaraciones se realizaron en respuesta a un comunicado emitido por el Ministerio de Energ\u00eda y Minas, en el que se informaba sobre una disminuci\u00f3n temporal de la transferencia de potencia desde Colombia debido a trabajos de mantenimiento en la infraestructura el\u00e9ctrica de ese pa\u00eds. Seg\u00fan el comunicado, se han identificado condiciones de posible escasez puntual de potencia en el sistema el\u00e9ctrico ecuatoriano, y estas condiciones se mantendr\u00e1n hasta el jueves, 5 de octubre de 2023. En este contexto, se coordinar\u00e1 con las empresas de distribuci\u00f3n una desconexi\u00f3n puntual de la demanda el\u00e9ctrica, que tendr\u00e1 lugar entre las 16:00 y las 17:30. El Ministerio de Energ\u00eda y Minas enfatiz\u00f3 que estas medidas se aplicar\u00e1n en la magnitud estrictamente necesaria para mantener la estabilidad y confiabilidad del servicio el\u00e9ctrico nacional. Adem\u00e1s, se aclar\u00f3 que estas acciones no est\u00e1n relacionadas con racionamientos energ\u00e9ticos. La entidad tambi\u00e9n hizo un llamado a la ciudadan\u00eda para que colabore en el uso eficiente y responsable de la energ\u00eda en beneficio del pa\u00eds. Fuente: Ecuador en vivo<\/p>\n","protected":false},"author":1,"featured_media":11770,"comment_status":"open","ping_status":"open","sticky":false,"template":"","format":"standard","meta":{"footnotes":""},"categories":[268],"tags":[],"class_list":["post-11769","post","type-post","status-publish","format-standard","has-post-thumbnail","hentry","category-nacionales"],"_links":{"self":[{"href":"https:\/\/www.elamazonico.com\/portal\/wp-json\/wp\/v2\/posts\/11769","targetHints":{"allow":["GET"]}}],"collection":[{"href":"https:\/\/www.elamazonico.com\/portal\/wp-json\/wp\/v2\/posts"}],"about":[{"href":"https:\/\/www.elamazonico.com\/portal\/wp-json\/wp\/v2\/types\/post"}],"author":[{"embeddable":true,"href":"https:\/\/www.elamazonico.com\/portal\/wp-json\/wp\/v2\/users\/1"}],"replies":[{"embeddable":true,"href":"https:\/\/www.elamazonico.com\/portal\/wp-json\/wp\/v2\/comments?post=11769"}],"version-history":[{"count":2,"href":"https:\/\/www.elamazonico.com\/portal\/wp-json\/wp\/v2\/posts\/11769\/revisions"}],"predecessor-version":[{"id":11772,"href":"https:\/\/www.elamazonico.com\/portal\/wp-json\/wp\/v2\/posts\/11769\/revisions\/11772"}],"wp:featuredmedia":[{"embeddable":true,"href":"https:\/\/www.elamazonico.com\/portal\/wp-json\/wp\/v2\/media\/11770"}],"wp:attachment":[{"href":"https:\/\/www.elamazonico.com\/portal\/wp-json\/wp\/v2\/media?parent=11769"}],"wp:term":[{"taxonomy":"category","embeddable":true,"href":"https:\/\/www.elamazonico.com\/portal\/wp-json\/wp\/v2\/categories?post=11769"},{"taxonomy":"post_tag","embeddable":true,"href":"https:\/\/www.elamazonico.com\/portal\/wp-json\/wp\/v2\/tags?post=11769"}],"curies":[{"name":"wp","href":"https:\/\/api.w.org\/{rel}","templated":true}]}}