{"id":11766,"date":"2023-10-03T21:08:52","date_gmt":"2023-10-04T02:08:52","guid":{"rendered":"https:\/\/www.elamazonico.com\/portal\/?p=11766"},"modified":"2023-10-03T21:08:52","modified_gmt":"2023-10-04T02:08:52","slug":"senadores-de-eeuu-piden-ir-tras-correa-por-corrupcion-y-violacion-de-ddhh","status":"publish","type":"post","link":"https:\/\/www.elamazonico.com\/portal\/senadores-de-eeuu-piden-ir-tras-correa-por-corrupcion-y-violacion-de-ddhh\/","title":{"rendered":"Senadores de EEUU piden ir tras Correa por &#8216;corrupci\u00f3n y violaci\u00f3n de DDHH&#8217;"},"content":{"rendered":"<p>Un grupo integrado por siete senadores republicanos de Estados Unidos envi\u00f3 una carta al presidente Joe Biden inst\u00e1ndolo a responsabilizar a Rafael Correa por actos de corrupci\u00f3n y violaciones\u00a0a los derechos humanos en\u00a0 Ecuador.<\/p>\n<p>En la misiva liderada por el senador estadounidense Jim Risch (R-Idaho), miembro de alto rango del Comit\u00e9 de Relaciones Exteriores del Senado, y respaldada por los senadores Bill Cassidy (R-La.), Marco Rubio (R-Fla.), Bill Hagerty (R-Tenn.) , Rick Scott (R-Fla.), Tim Scott (R-S.C.) y John Cornyn (R-Texas), se\u00f1alan que el\u00a07 de abril de 2020, la Corte Nacional de Justicia de Ecuador conden\u00f3 a Correa a ocho a\u00f1os de prisi\u00f3n por el \u00abSobornos, 2012-2016\u201d.<\/p>\n<p>\u00abEl tribunal encontr\u00f3 que Correa era el l\u00edder y cerebro de una &#8216;estructura criminal&#8217; que inclu\u00eda a su vicepresidente Jorge Glas y otros 18 altos socios gubernamentales y empresariales\u201d, escribieron los senadores. Adem\u00e1s, enfatizan que el exmandatario ecuatoriano \u00abtiene un historial comprobado de violaciones de derechos humanos internacionalmente reconocidos mientras estuvo en el cargo. Seg\u00fan Freedom House, Correa &#8216;supervis\u00f3 ataques a la independencia judicial, la libertad de prensa y otras libertades civiles&#8217; durante su presidencia\u201d.<\/p>\n<hr \/>\n<p class=\"ns2-title\"><strong><a href=\"https:\/\/www.ecuadorenvivo.com\/index.php\/politica\/item\/168934-lenin-moreno-rafael-correa-no-tenia-aceptacion-y-por-eso-no-pudo-ser-candidato-en-el-2017\">Len\u00edn Moreno: Luisa Gonz\u00e1lez no podr\u00e1 regresarle el poder al pr\u00f3fugo Rafael Correa<\/a><\/strong><\/p>\n<hr \/>\n<p>Ante ello, expresan que\u00a0el Congreso est\u00e1 trabajando en medidas bipartidistas para fortalecer las relaciones con Ecuador, que ha avanzado en el fortalecimiento de sus instituciones democr\u00e1ticas y el crecimiento econ\u00f3mico desde 2017, medidas que deber\u00edan ir acompa\u00f1adas de acciones\u00a0que responsabilicen a Correa de forma inmediata, recordando que tambi\u00e9n \u201cen 2018, Correa fue imputado en un proceso penal por ordenar el secuestro de un l\u00edder opositor. Y, pesar de la solicitud de extradici\u00f3n por parte de Ecuador para enfrentar estos cargos, \u00e9l contin\u00faa viajando libremente entre Europa y Am\u00e9rica Latina, incluidos viajes frecuentes para reunirse con funcionarios del r\u00e9gimen narcoterrorista de Venezuela sancionados por Estados Unidos\u201d.<\/p>\n<p>A todo esto, mencionan, se suma un informe de 2015 en el que el Departamento de Estado confirm\u00f3 las sanciones y censuras a periodistas y medios de comunicaci\u00f3n, as\u00ed como la clausura de organizaciones independientes de la sociedad civil y otras restricciones de la libertad de expresi\u00f3n, ejecutadas por el exmandatario. Es as\u00ed como recomiendan a Biden que, utilizando las herramientas disponibles bajo la Proclamaci\u00f3n Presidencial 7750 y la Secci\u00f3n 7031(c) de la Ley de Asignaciones de Operaciones Extranjeras y Programas Relacionados del Departamento de Estado, se responsabilice a Rafael Correa por su participaci\u00f3n en actos de corrupci\u00f3n significativa y violaciones de derechos humanos internacionalmente reconocidos en Ecuador\u201d, concluyeron los senadores. <strong>Fuente: Ecuador en vivo<\/strong><\/p>\n<p><em>A continuaci\u00f3n la carta:\u00a0<\/em><\/p>\n","protected":false},"excerpt":{"rendered":"<p>Un grupo integrado por siete senadores republicanos de Estados Unidos envi\u00f3 una carta al presidente Joe Biden inst\u00e1ndolo a responsabilizar a Rafael Correa por actos de corrupci\u00f3n y violaciones\u00a0a los derechos humanos en\u00a0 Ecuador. En la misiva liderada por el senador estadounidense Jim Risch (R-Idaho), miembro de alto rango del Comit\u00e9 de Relaciones Exteriores del Senado, y respaldada por los senadores Bill Cassidy (R-La.), Marco Rubio (R-Fla.), Bill Hagerty (R-Tenn.) , Rick Scott (R-Fla.), Tim Scott (R-S.C.) y John Cornyn (R-Texas), se\u00f1alan que el\u00a07 de abril de 2020, la Corte Nacional de Justicia de Ecuador conden\u00f3 a Correa a ocho a\u00f1os de prisi\u00f3n por el \u00abSobornos, 2012-2016\u201d. \u00abEl tribunal encontr\u00f3 que Correa era el l\u00edder y cerebro de una &#8216;estructura criminal&#8217; que inclu\u00eda a su vicepresidente Jorge Glas y otros 18 altos socios gubernamentales y empresariales\u201d, escribieron los senadores. Adem\u00e1s, enfatizan que el exmandatario ecuatoriano \u00abtiene un historial comprobado de violaciones de derechos humanos internacionalmente reconocidos mientras estuvo en el cargo. Seg\u00fan Freedom House, Correa &#8216;supervis\u00f3 ataques a la independencia judicial, la libertad de prensa y otras libertades civiles&#8217; durante su presidencia\u201d. Len\u00edn Moreno: Luisa Gonz\u00e1lez no podr\u00e1 regresarle el poder al pr\u00f3fugo Rafael Correa Ante ello, expresan que\u00a0el Congreso est\u00e1 trabajando en medidas bipartidistas para fortalecer las relaciones con Ecuador, que ha avanzado en el fortalecimiento de sus instituciones democr\u00e1ticas y el crecimiento econ\u00f3mico desde 2017, medidas que deber\u00edan ir acompa\u00f1adas de acciones\u00a0que responsabilicen a Correa de forma inmediata, recordando que tambi\u00e9n \u201cen 2018, Correa fue imputado en un proceso penal por ordenar el secuestro de un l\u00edder opositor. Y, pesar de la solicitud de extradici\u00f3n por parte de Ecuador para enfrentar estos cargos, \u00e9l contin\u00faa viajando libremente entre Europa y Am\u00e9rica Latina, incluidos viajes frecuentes para reunirse con funcionarios del r\u00e9gimen narcoterrorista de Venezuela sancionados por Estados Unidos\u201d. A todo esto, mencionan, se suma un informe de 2015 en el que el Departamento de Estado confirm\u00f3 las sanciones y censuras a periodistas y medios de comunicaci\u00f3n, as\u00ed como la clausura de organizaciones independientes de la sociedad civil y otras restricciones de la libertad de expresi\u00f3n, ejecutadas por el exmandatario. Es as\u00ed como recomiendan a Biden que, utilizando las herramientas disponibles bajo la Proclamaci\u00f3n Presidencial 7750 y la Secci\u00f3n 7031(c) de la Ley de Asignaciones de Operaciones Extranjeras y Programas Relacionados del Departamento de Estado, se responsabilice a Rafael Correa por su participaci\u00f3n en actos de corrupci\u00f3n significativa y violaciones de derechos humanos internacionalmente reconocidos en Ecuador\u201d, concluyeron los senadores. Fuente: Ecuador en vivo A continuaci\u00f3n la carta:\u00a0<\/p>\n","protected":false},"author":1,"featured_media":11767,"comment_status":"open","ping_status":"open","sticky":false,"template":"","format":"standard","meta":{"footnotes":""},"categories":[268],"tags":[],"class_list":["post-11766","post","type-post","status-publish","format-standard","has-post-thumbnail","hentry","category-nacionales"],"_links":{"self":[{"href":"https:\/\/www.elamazonico.com\/portal\/wp-json\/wp\/v2\/posts\/11766","targetHints":{"allow":["GET"]}}],"collection":[{"href":"https:\/\/www.elamazonico.com\/portal\/wp-json\/wp\/v2\/posts"}],"about":[{"href":"https:\/\/www.elamazonico.com\/portal\/wp-json\/wp\/v2\/types\/post"}],"author":[{"embeddable":true,"href":"https:\/\/www.elamazonico.com\/portal\/wp-json\/wp\/v2\/users\/1"}],"replies":[{"embeddable":true,"href":"https:\/\/www.elamazonico.com\/portal\/wp-json\/wp\/v2\/comments?post=11766"}],"version-history":[{"count":1,"href":"https:\/\/www.elamazonico.com\/portal\/wp-json\/wp\/v2\/posts\/11766\/revisions"}],"predecessor-version":[{"id":11768,"href":"https:\/\/www.elamazonico.com\/portal\/wp-json\/wp\/v2\/posts\/11766\/revisions\/11768"}],"wp:featuredmedia":[{"embeddable":true,"href":"https:\/\/www.elamazonico.com\/portal\/wp-json\/wp\/v2\/media\/11767"}],"wp:attachment":[{"href":"https:\/\/www.elamazonico.com\/portal\/wp-json\/wp\/v2\/media?parent=11766"}],"wp:term":[{"taxonomy":"category","embeddable":true,"href":"https:\/\/www.elamazonico.com\/portal\/wp-json\/wp\/v2\/categories?post=11766"},{"taxonomy":"post_tag","embeddable":true,"href":"https:\/\/www.elamazonico.com\/portal\/wp-json\/wp\/v2\/tags?post=11766"}],"curies":[{"name":"wp","href":"https:\/\/api.w.org\/{rel}","templated":true}]}}