{"id":11570,"date":"2023-09-19T12:28:37","date_gmt":"2023-09-19T17:28:37","guid":{"rendered":"https:\/\/www.elamazonico.com\/portal\/?p=11570"},"modified":"2023-09-19T12:28:37","modified_gmt":"2023-09-19T17:28:37","slug":"movimiento-construye-esta-cimentando-una-estructura-a-nivel-provincial","status":"publish","type":"post","link":"https:\/\/www.elamazonico.com\/portal\/movimiento-construye-esta-cimentando-una-estructura-a-nivel-provincial\/","title":{"rendered":"Movimiento Construye est\u00e1 cimentando una estructura a nivel provincial"},"content":{"rendered":"<p>El movimiento Construye con su sede en Zamora Chinchipe dio a conocer quienes forman parte de la directiva; con lo cual confirman que contin\u00faan en su proceso de fortalecimiento, cimentando bases para futuros procesos electorales. El partido pol\u00edtico en las recientes elecciones se catapult\u00f3 como la segunda fuerza pol\u00edtica a nivel nacional, despu\u00e9s de Revoluci\u00f3n Ciudadana y antes de Acci\u00f3n Democr\u00e1tica Nacional, esto, por el amplio n\u00famero de asamble\u00edstas que logr\u00f3 obtener.<\/p>\n<p>Uno de los objetivos de Construye es el de \u201campliar la participaci\u00f3n ciudadana: fomentando la participaci\u00f3n activa y significativa de la ciudadan\u00eda en el proceso pol\u00edtico de Construye, promoviendo espacios de di\u00e1logo, consultas y deliberaci\u00f3n que permitan recoger sus inquietudes, necesidades y propuestas\u201d desde nuevas voces y actores pol\u00edticos, mirando sobre todo a los j\u00f3venes y\/o nuevos actores que no han tenido anteriormente la oportunidad de participar activamente en procesos democr\u00e1ticos de elecci\u00f3n popular.<\/p>\n<p>Adem\u00e1s, este movimiento pol\u00edtico se perfila como una organizaci\u00f3n pol\u00edtica comprometida con la representatividad de todos los sectores y grupos sociales con inclusi\u00f3n a ciudadanos de diferentes etnias, g\u00e9nero, edad, clases sociales con la finalidad de que exista conocimiento de la realidad y una variada representaci\u00f3n en los diferentes espacios de poder. Todo se direcciona por el camino de servicio a trav\u00e9s de la pol\u00edtica con actores comprometidos en buscar soluciones a los problemas m\u00e1s apremiantes, en el marco de la responsabilidad, el conocimiento y la \u00e9tica<\/p>\n<p>En las elecciones anticipadas 2023, el candidato presidencial del Movimiento Construye, Christian Zurita obtuvo el tercer lugar, fue \u00e9l, quien reemplaz\u00f3 al l\u00edder nacional y excandidato Fernando Villavicencio, quien fue asesinado cuando sal\u00eda de un mitin pol\u00edtico en Quito el pasado 9 de agosto. En la provincia de Zamora Chinchipe, obtuvo el primer esca\u00f1o para la Asamblea Nacional con el triunfo de Andrea Rivadeneira, quedando como la primera fuerza pol\u00edtica en el contexto de estas elecciones anticipadas.<\/p>\n<p>Por tal motivo, sus miembros consideran que es el resurgir del movimiento pol\u00edtico, esto despu\u00e9s de la ausencia de Villavicencio, por lo cual se est\u00e1n fortaleciendo a nivel nacional, provincial, cantonal y parroquial. En esta ocasi\u00f3n, en el entorno de un proceso democr\u00e1tico muy cuestionado, no consiguieron el objetivo presidencial, pero esperan lograr en un siguiente proceso electoral. La dirigencia provincial del movimiento, invitan a la ciudadan\u00eda a ser parte de este nuevo proyecto pol\u00edtico para hacer visible a los invisibilizados y que la voz de los sin voz se pueda escuchar.<\/p>\n<p>En d\u00edas recientes, el Movimiento Construye eligi\u00f3 a la directiva provincial quedando su estructura de la siguiente manera: Coordinador y subcoordinadora provincial, cuatro vocales principales y cuatro alternos. Adem\u00e1s, se eligi\u00f3 a un coordinador cantonal de Zamora y cant\u00f3n Yantzaza, en los siguientes meses se estructurar\u00e1 en los dem\u00e1s cantones de la provincia.<\/p>\n","protected":false},"excerpt":{"rendered":"<p>El movimiento Construye con su sede en Zamora Chinchipe dio a conocer quienes forman parte de la directiva; con lo cual confirman que contin\u00faan en su proceso de fortalecimiento, cimentando bases para futuros procesos electorales. El partido pol\u00edtico en las recientes elecciones se catapult\u00f3 como la segunda fuerza pol\u00edtica a nivel nacional, despu\u00e9s de Revoluci\u00f3n Ciudadana y antes de Acci\u00f3n Democr\u00e1tica Nacional, esto, por el amplio n\u00famero de asamble\u00edstas que logr\u00f3 obtener. Uno de los objetivos de Construye es el de \u201campliar la participaci\u00f3n ciudadana: fomentando la participaci\u00f3n activa y significativa de la ciudadan\u00eda en el proceso pol\u00edtico de Construye, promoviendo espacios de di\u00e1logo, consultas y deliberaci\u00f3n que permitan recoger sus inquietudes, necesidades y propuestas\u201d desde nuevas voces y actores pol\u00edticos, mirando sobre todo a los j\u00f3venes y\/o nuevos actores que no han tenido anteriormente la oportunidad de participar activamente en procesos democr\u00e1ticos de elecci\u00f3n popular. Adem\u00e1s, este movimiento pol\u00edtico se perfila como una organizaci\u00f3n pol\u00edtica comprometida con la representatividad de todos los sectores y grupos sociales con inclusi\u00f3n a ciudadanos de diferentes etnias, g\u00e9nero, edad, clases sociales con la finalidad de que exista conocimiento de la realidad y una variada representaci\u00f3n en los diferentes espacios de poder. Todo se direcciona por el camino de servicio a trav\u00e9s de la pol\u00edtica con actores comprometidos en buscar soluciones a los problemas m\u00e1s apremiantes, en el marco de la responsabilidad, el conocimiento y la \u00e9tica En las elecciones anticipadas 2023, el candidato presidencial del Movimiento Construye, Christian Zurita obtuvo el tercer lugar, fue \u00e9l, quien reemplaz\u00f3 al l\u00edder nacional y excandidato Fernando Villavicencio, quien fue asesinado cuando sal\u00eda de un mitin pol\u00edtico en Quito el pasado 9 de agosto. En la provincia de Zamora Chinchipe, obtuvo el primer esca\u00f1o para la Asamblea Nacional con el triunfo de Andrea Rivadeneira, quedando como la primera fuerza pol\u00edtica en el contexto de estas elecciones anticipadas. Por tal motivo, sus miembros consideran que es el resurgir del movimiento pol\u00edtico, esto despu\u00e9s de la ausencia de Villavicencio, por lo cual se est\u00e1n fortaleciendo a nivel nacional, provincial, cantonal y parroquial. En esta ocasi\u00f3n, en el entorno de un proceso democr\u00e1tico muy cuestionado, no consiguieron el objetivo presidencial, pero esperan lograr en un siguiente proceso electoral. La dirigencia provincial del movimiento, invitan a la ciudadan\u00eda a ser parte de este nuevo proyecto pol\u00edtico para hacer visible a los invisibilizados y que la voz de los sin voz se pueda escuchar. En d\u00edas recientes, el Movimiento Construye eligi\u00f3 a la directiva provincial quedando su estructura de la siguiente manera: Coordinador y subcoordinadora provincial, cuatro vocales principales y cuatro alternos. Adem\u00e1s, se eligi\u00f3 a un coordinador cantonal de Zamora y cant\u00f3n Yantzaza, en los siguientes meses se estructurar\u00e1 en los dem\u00e1s cantones de la provincia.<\/p>\n","protected":false},"author":1,"featured_media":11571,"comment_status":"open","ping_status":"open","sticky":false,"template":"","format":"standard","meta":{"footnotes":""},"categories":[243],"tags":[],"class_list":["post-11570","post","type-post","status-publish","format-standard","has-post-thumbnail","hentry","category-noticias-zamora"],"_links":{"self":[{"href":"https:\/\/www.elamazonico.com\/portal\/wp-json\/wp\/v2\/posts\/11570","targetHints":{"allow":["GET"]}}],"collection":[{"href":"https:\/\/www.elamazonico.com\/portal\/wp-json\/wp\/v2\/posts"}],"about":[{"href":"https:\/\/www.elamazonico.com\/portal\/wp-json\/wp\/v2\/types\/post"}],"author":[{"embeddable":true,"href":"https:\/\/www.elamazonico.com\/portal\/wp-json\/wp\/v2\/users\/1"}],"replies":[{"embeddable":true,"href":"https:\/\/www.elamazonico.com\/portal\/wp-json\/wp\/v2\/comments?post=11570"}],"version-history":[{"count":1,"href":"https:\/\/www.elamazonico.com\/portal\/wp-json\/wp\/v2\/posts\/11570\/revisions"}],"predecessor-version":[{"id":11572,"href":"https:\/\/www.elamazonico.com\/portal\/wp-json\/wp\/v2\/posts\/11570\/revisions\/11572"}],"wp:featuredmedia":[{"embeddable":true,"href":"https:\/\/www.elamazonico.com\/portal\/wp-json\/wp\/v2\/media\/11571"}],"wp:attachment":[{"href":"https:\/\/www.elamazonico.com\/portal\/wp-json\/wp\/v2\/media?parent=11570"}],"wp:term":[{"taxonomy":"category","embeddable":true,"href":"https:\/\/www.elamazonico.com\/portal\/wp-json\/wp\/v2\/categories?post=11570"},{"taxonomy":"post_tag","embeddable":true,"href":"https:\/\/www.elamazonico.com\/portal\/wp-json\/wp\/v2\/tags?post=11570"}],"curies":[{"name":"wp","href":"https:\/\/api.w.org\/{rel}","templated":true}]}}