{"id":11566,"date":"2023-09-19T10:23:58","date_gmt":"2023-09-19T15:23:58","guid":{"rendered":"https:\/\/www.elamazonico.comportal\/?p=11566"},"modified":"2023-09-19T10:23:58","modified_gmt":"2023-09-19T15:23:58","slug":"utpl-invita-a-profesionalizarse-en-la-carrera-de-comunicacion-social","status":"publish","type":"post","link":"https:\/\/www.elamazonico.com\/portal\/utpl-invita-a-profesionalizarse-en-la-carrera-de-comunicacion-social\/","title":{"rendered":"UTPL invita a profesionalizarse en la carrera de comunicaci\u00f3n social"},"content":{"rendered":"<p>La Universidad T\u00e9cnica Particular de Loja de la Facultad de Ciencias Sociales, Educaci\u00f3n y Humanidades presenta a la colectividad la carrera de Comunicaci\u00f3n Social para formar a profesionales para afrontar las problem\u00e1ticas comunicacionales del Ecuador y sobre todo adapt\u00e1ndose a las nuevas tecnolog\u00edas de la informaci\u00f3n y comunicaci\u00f3n que constantemente se van innovando.<\/p>\n<p>Los postulantes se puedan formar y aprender con calidad ya que todo el mundo lo est\u00e1 haciendo. En la actualidad, una persona a trav\u00e9s de un celular puede grabar y subir un hecho que se torne viral, pero la Comunicaci\u00f3n Social va m\u00e1s all\u00e1 de eso. Existen temas importantes dentro de la formaci\u00f3n de comunicaci\u00f3n que se debe identificar como, por ejemplo: la veracidad de la informaci\u00f3n, la contrastaci\u00f3n de fuentes, pese a que no sea la primera en difundirse, pero s\u00ed contrastada y sobre todo con previa investigaci\u00f3n para no caer en la red de las noticias falsas.<\/p>\n<p>La carrera de Comunicaci\u00f3n Social tiene una duraci\u00f3n de cuatro a\u00f1os, obteniendo un t\u00edtulo de Licenciado o Licenciada en Comunicaci\u00f3n. En el transcurso del estudio, a los dos a\u00f1os, los estudiantes tienen la oportunidad de poder escoger un itinerario para especializarse en dos situaciones como: en los medios de comunicaci\u00f3n en territorio y la otra, es el tema de la comunicaci\u00f3n organizacional que es la parte estrat\u00e9gica que son los planes de comunicaci\u00f3n.<\/p>\n<p>Desde los primeros ciclos est\u00e1n inculcando el tema de la investigaci\u00f3n y sobre todo el tema de la lectura. \u201cUna buena informaci\u00f3n y el periodista se logr\u00f3 gracias a una lectura previa\u201d, dijo Melany Suquilanda Ram\u00edrez, docente de la carrera de Comunicaci\u00f3n Social de la UTPL y que los estudiantes deben tener una base desde el colegio para en la carrera universitaria complementarla.<\/p>\n<p>Luego de la parte te\u00f3rica, donde aprenden temas como G\u00e9neros Period\u00edsticos, Teor\u00eda de la Comunicaci\u00f3n etc., los estudiantes pasan a la parte practica donde abordan Televisi\u00f3n, Cine, Producci\u00f3n Audiovisual, Relaciones P\u00fablicas, Marketing, Materias de Redes Sociales. Han tenido casos donde los estudiantes cuando est\u00e1n cursando el quinto ciclo, ya han incursionando en sus propias productoras independientes como, por ejemplo, para monetizar en Facebook con la finalidad de sumergirse en la vida fuera de la universidad.<\/p>\n<p>Frente a la comodidad que ciertos medios est\u00e1n presentando al copiar im\u00e1genes, videos, textos y compartirlos de inmediato con tal de conseguir la primicia, sin muchas de las veces constatar, verificar y llegar al fondo de esa informaci\u00f3n, sin generar contenido propio y que genere confianza, es considerada como una situaci\u00f3n preocupante porque tal o cual medio estar\u00eda poniendo en riesgo su prestigio y la \u00e9tica del comunicador.<\/p>\n<p>Pero, los usuarios en las redes sociales, obligan a que se presente informaci\u00f3n m\u00e1s concreta y sensacionalista que llama la atenci\u00f3n e invitar a ver ese contenido, situaci\u00f3n a la que el comunicador se debe acoplar, sin dejar de lado la esencia. Mucho depende el contenido y el p\u00fablico que debe ser analizado al momento de lanzar el contenido y el mismo video no puede ser expuesto en una red social y otra.<\/p>\n<p>La carrera de Comunicaci\u00f3n Social de la UTPL es una de las universidades que poseen un laboratorio propio, denominado MediaLab, un espacio donde los estudiantes proponen ideas e investigan de c\u00f3mo hacer una resoluci\u00f3n e ir entendiendo en lo que consiste la carrera. En redes sociales se debe estar actualizando constantemente porque sus normativas van cambiando.<\/p>\n<p><strong>Matr\u00edculas <\/strong><\/p>\n<p>Las matr\u00edculas se desarrollan hasta el 25 de septiembre y para aquellas personas que deseen inscribirse a trav\u00e9s de la sede de la UTPL en Zamora ubicada, junto a la Unidad Educativa 12 de Febrero, donde entregan informaci\u00f3n personalizada para la carrera que sea de agrado de los estudiantes porque cuenta con una amplia oferta de carreras. Asimismo, a las personas que deseen ser parte de la UTPL a trav\u00e9s de una beca por distintos motivos como: cultura, deporte, recursos econ\u00f3micos, etc., en las modalidades de educaci\u00f3n presencial y a distancia.<\/p>\n<p>En la Comunicaci\u00f3n Social son 16 semanas de estudio y en las cuales es necesario hacer dos ex\u00e1menes para luego aprobar el semestre, en total 8 ciclos y los procesos para obtener la titulaci\u00f3n.<\/p>\n<p>&nbsp;<\/p>\n<p>&nbsp;<\/p>\n<p>&nbsp;<\/p>\n<p>&nbsp;<\/p>\n","protected":false},"excerpt":{"rendered":"<p>La Universidad T\u00e9cnica Particular de Loja de la Facultad de Ciencias Sociales, Educaci\u00f3n y Humanidades presenta a la colectividad la carrera de Comunicaci\u00f3n Social para formar a profesionales para afrontar las problem\u00e1ticas comunicacionales del Ecuador y sobre todo adapt\u00e1ndose a las nuevas tecnolog\u00edas de la informaci\u00f3n y comunicaci\u00f3n que constantemente se van innovando. Los postulantes se puedan formar y aprender con calidad ya que todo el mundo lo est\u00e1 haciendo. En la actualidad, una persona a trav\u00e9s de un celular puede grabar y subir un hecho que se torne viral, pero la Comunicaci\u00f3n Social va m\u00e1s all\u00e1 de eso. Existen temas importantes dentro de la formaci\u00f3n de comunicaci\u00f3n que se debe identificar como, por ejemplo: la veracidad de la informaci\u00f3n, la contrastaci\u00f3n de fuentes, pese a que no sea la primera en difundirse, pero s\u00ed contrastada y sobre todo con previa investigaci\u00f3n para no caer en la red de las noticias falsas. La carrera de Comunicaci\u00f3n Social tiene una duraci\u00f3n de cuatro a\u00f1os, obteniendo un t\u00edtulo de Licenciado o Licenciada en Comunicaci\u00f3n. En el transcurso del estudio, a los dos a\u00f1os, los estudiantes tienen la oportunidad de poder escoger un itinerario para especializarse en dos situaciones como: en los medios de comunicaci\u00f3n en territorio y la otra, es el tema de la comunicaci\u00f3n organizacional que es la parte estrat\u00e9gica que son los planes de comunicaci\u00f3n. Desde los primeros ciclos est\u00e1n inculcando el tema de la investigaci\u00f3n y sobre todo el tema de la lectura. \u201cUna buena informaci\u00f3n y el periodista se logr\u00f3 gracias a una lectura previa\u201d, dijo Melany Suquilanda Ram\u00edrez, docente de la carrera de Comunicaci\u00f3n Social de la UTPL y que los estudiantes deben tener una base desde el colegio para en la carrera universitaria complementarla. Luego de la parte te\u00f3rica, donde aprenden temas como G\u00e9neros Period\u00edsticos, Teor\u00eda de la Comunicaci\u00f3n etc., los estudiantes pasan a la parte practica donde abordan Televisi\u00f3n, Cine, Producci\u00f3n Audiovisual, Relaciones P\u00fablicas, Marketing, Materias de Redes Sociales. Han tenido casos donde los estudiantes cuando est\u00e1n cursando el quinto ciclo, ya han incursionando en sus propias productoras independientes como, por ejemplo, para monetizar en Facebook con la finalidad de sumergirse en la vida fuera de la universidad. Frente a la comodidad que ciertos medios est\u00e1n presentando al copiar im\u00e1genes, videos, textos y compartirlos de inmediato con tal de conseguir la primicia, sin muchas de las veces constatar, verificar y llegar al fondo de esa informaci\u00f3n, sin generar contenido propio y que genere confianza, es considerada como una situaci\u00f3n preocupante porque tal o cual medio estar\u00eda poniendo en riesgo su prestigio y la \u00e9tica del comunicador. Pero, los usuarios en las redes sociales, obligan a que se presente informaci\u00f3n m\u00e1s concreta y sensacionalista que llama la atenci\u00f3n e invitar a ver ese contenido, situaci\u00f3n a la que el comunicador se debe acoplar, sin dejar de lado la esencia. Mucho depende el contenido y el p\u00fablico que debe ser analizado al momento de lanzar el contenido y el mismo video no puede ser expuesto en una red social y otra. La carrera de Comunicaci\u00f3n Social de la UTPL es una de las universidades que poseen un laboratorio propio, denominado MediaLab, un espacio donde los estudiantes proponen ideas e investigan de c\u00f3mo hacer una resoluci\u00f3n e ir entendiendo en lo que consiste la carrera. En redes sociales se debe estar actualizando constantemente porque sus normativas van cambiando. Matr\u00edculas Las matr\u00edculas se desarrollan hasta el 25 de septiembre y para aquellas personas que deseen inscribirse a trav\u00e9s de la sede de la UTPL en Zamora ubicada, junto a la Unidad Educativa 12 de Febrero, donde entregan informaci\u00f3n personalizada para la carrera que sea de agrado de los estudiantes porque cuenta con una amplia oferta de carreras. Asimismo, a las personas que deseen ser parte de la UTPL a trav\u00e9s de una beca por distintos motivos como: cultura, deporte, recursos econ\u00f3micos, etc., en las modalidades de educaci\u00f3n presencial y a distancia. En la Comunicaci\u00f3n Social son 16 semanas de estudio y en las cuales es necesario hacer dos ex\u00e1menes para luego aprobar el semestre, en total 8 ciclos y los procesos para obtener la titulaci\u00f3n. &nbsp; &nbsp; &nbsp; &nbsp;<\/p>\n","protected":false},"author":1,"featured_media":11567,"comment_status":"open","ping_status":"open","sticky":false,"template":"","format":"standard","meta":{"footnotes":""},"categories":[243],"tags":[],"class_list":["post-11566","post","type-post","status-publish","format-standard","has-post-thumbnail","hentry","category-noticias-zamora"],"_links":{"self":[{"href":"https:\/\/www.elamazonico.com\/portal\/wp-json\/wp\/v2\/posts\/11566","targetHints":{"allow":["GET"]}}],"collection":[{"href":"https:\/\/www.elamazonico.com\/portal\/wp-json\/wp\/v2\/posts"}],"about":[{"href":"https:\/\/www.elamazonico.com\/portal\/wp-json\/wp\/v2\/types\/post"}],"author":[{"embeddable":true,"href":"https:\/\/www.elamazonico.com\/portal\/wp-json\/wp\/v2\/users\/1"}],"replies":[{"embeddable":true,"href":"https:\/\/www.elamazonico.com\/portal\/wp-json\/wp\/v2\/comments?post=11566"}],"version-history":[{"count":1,"href":"https:\/\/www.elamazonico.com\/portal\/wp-json\/wp\/v2\/posts\/11566\/revisions"}],"predecessor-version":[{"id":11568,"href":"https:\/\/www.elamazonico.com\/portal\/wp-json\/wp\/v2\/posts\/11566\/revisions\/11568"}],"wp:featuredmedia":[{"embeddable":true,"href":"https:\/\/www.elamazonico.com\/portal\/wp-json\/wp\/v2\/media\/11567"}],"wp:attachment":[{"href":"https:\/\/www.elamazonico.com\/portal\/wp-json\/wp\/v2\/media?parent=11566"}],"wp:term":[{"taxonomy":"category","embeddable":true,"href":"https:\/\/www.elamazonico.com\/portal\/wp-json\/wp\/v2\/categories?post=11566"},{"taxonomy":"post_tag","embeddable":true,"href":"https:\/\/www.elamazonico.com\/portal\/wp-json\/wp\/v2\/tags?post=11566"}],"curies":[{"name":"wp","href":"https:\/\/api.w.org\/{rel}","templated":true}]}}