{"id":11469,"date":"2023-09-14T06:06:19","date_gmt":"2023-09-14T11:06:19","guid":{"rendered":"https:\/\/www.elamazonico.com\/portal\/?p=11469"},"modified":"2023-09-14T06:06:19","modified_gmt":"2023-09-14T11:06:19","slug":"elecciones-ecuador-2023-el-colectivo-defiende-tu-voto-denuncia-inconsistencias-en-tres-mil-juntas","status":"publish","type":"post","link":"https:\/\/www.elamazonico.com\/portal\/elecciones-ecuador-2023-el-colectivo-defiende-tu-voto-denuncia-inconsistencias-en-tres-mil-juntas\/","title":{"rendered":"Elecciones Ecuador 2023: el colectivo Defiende Tu Voto denuncia inconsistencias en tres mil juntas"},"content":{"rendered":"<p>Los delegados del\u00a0<b>colectivo Defiende Tu Voto<\/b>\u00a0denuncian d<a href=\"https:\/\/www.ecuavisa.com\/noticias\/politica\/segunda-vuelta-ecuador-2023-las-organizaciones-politicas-refuerzan-la-campana-en-el-exterior-para-conseguir-mas-curules-en-la-asamblea-ED5948600\" target=\"_blank\" rel=\"noopener noreferrer\">iferencias num\u00e9ricas en las actas de recuento\u00a0<\/a>de algo m\u00e1s de\u00a0<b>3 000 juntas receptoras del voto.\u00a0<\/b>Esto lo determinaron luego de revisar los documentos de las 40 mil juntas que se instalaron en el pa\u00eds, el pasado 20 de agosto.<\/p>\n<div class=\"paragraph\">\n<p>Los problemas, aseguran, fueron en el\u00a0<b>recuento<\/b>\u00a0que se realiz\u00f3 en las\u00a0<b>Delegaciones Provinciales<\/b>. Para respaldar su denuncia,\u00a0<b>presentaron a la Fiscal\u00eda<\/b>\u00a0estos documentos:<\/p>\n<p>En un\u00a0<b>acta<\/b>\u00a0de la\u00a0<b>elecci\u00f3n presidencial<\/b>\u00a0de uno de los\u00a0<b>Centros de Rehabilitaci\u00f3n de Guayas<\/b>, el n\u00famero de sufragantes fue de 43, pero en el recuento se registraron 300 electores.<\/p>\n<p>Y aunque, supuestamente, eran\u00a0<b>43<\/b>\u00a0tambi\u00e9n los\u00a0<b>votantes<\/b>\u00a0para asamble\u00edstas, en el recuento\u00a0<b>se registraron 0<\/b>.<\/p>\n<\/div>\n<h2 class=\"h2-componente\">Inconsistencias en actas de otras provincias<\/h2>\n<div class=\"paragraph\">\n<p>Algo similar pasa con unas\u00a0<b>actas de Milagro<\/b>, en las que la mesa contabilizaba\u00a0<b>350 votantes<\/b>\u00a0y en el recuento hubo\u00a0<b>320 en el acta<\/b>\u00a0presidencial.<\/p>\n<div class=\"paragraph\">\n<p>En<b>\u00a0Quito<\/b>, en Colinas del Norte, de\u00a0<b>311 en el recuento<\/b>, se registraron\u00a0<b>211 sufragantes<\/b>.<\/p>\n<\/div>\n<div class=\"content-quotecv\">\n<h3 class=\"Quotecv quotecv-html\">\u00abEstamos hablando de cifras que sobrepasan el mill\u00f3n de votos. Ya ser\u00e1n los peritos y los expertos en estos temas que abalicen toda esta documentaci\u00f3n presentada\u00bb, dijo \u00d3scar Ayerve, denunciante del colectivo Decide Tu Voto.<\/h3>\n<\/div>\n<div class=\"paragraph\">\n<p>Al respecto tambi\u00e9n se pronunci\u00f3 N\u00e9stor Marroqu\u00edn, quien explic\u00f3 que \u00abconsecuentemente, de esta\u00a0<b>falsificaci\u00f3n<\/b>\u00a0se produce una\u00a0<b>alteraci\u00f3n de resultados<\/b>\u00a0que ya configura otro delito\u00bb.<\/p>\n<p>El colectivo entreg\u00f3 los\u00a0<b>n\u00fameros y referencias de las actas<\/b>\u00a0que tendr\u00edan las diferencias num\u00e9ricas. Y pidi\u00f3 a la\u00a0<b>Fiscal\u00eda<\/b>, como acto urgente, un\u00a0<b>peritaje<\/b>\u00a0para que, de confirmarse una irregularidad, tomar otras medidas.<\/p>\n<p>El colectivo aspira que la respuesta de la fiscal se conozca en, al menos, 15 d\u00edas. <strong>Fuente: Ecuavisa<\/strong><\/p>\n<\/div>\n<\/div>\n","protected":false},"excerpt":{"rendered":"<p>Los delegados del\u00a0colectivo Defiende Tu Voto\u00a0denuncian diferencias num\u00e9ricas en las actas de recuento\u00a0de algo m\u00e1s de\u00a03 000 juntas receptoras del voto.\u00a0Esto lo determinaron luego de revisar los documentos de las 40 mil juntas que se instalaron en el pa\u00eds, el pasado 20 de agosto. Los problemas, aseguran, fueron en el\u00a0recuento\u00a0que se realiz\u00f3 en las\u00a0Delegaciones Provinciales. Para respaldar su denuncia,\u00a0presentaron a la Fiscal\u00eda\u00a0estos documentos: En un\u00a0acta\u00a0de la\u00a0elecci\u00f3n presidencial\u00a0de uno de los\u00a0Centros de Rehabilitaci\u00f3n de Guayas, el n\u00famero de sufragantes fue de 43, pero en el recuento se registraron 300 electores. Y aunque, supuestamente, eran\u00a043\u00a0tambi\u00e9n los\u00a0votantes\u00a0para asamble\u00edstas, en el recuento\u00a0se registraron 0. Inconsistencias en actas de otras provincias Algo similar pasa con unas\u00a0actas de Milagro, en las que la mesa contabilizaba\u00a0350 votantes\u00a0y en el recuento hubo\u00a0320 en el acta\u00a0presidencial. En\u00a0Quito, en Colinas del Norte, de\u00a0311 en el recuento, se registraron\u00a0211 sufragantes. \u00abEstamos hablando de cifras que sobrepasan el mill\u00f3n de votos. Ya ser\u00e1n los peritos y los expertos en estos temas que abalicen toda esta documentaci\u00f3n presentada\u00bb, dijo \u00d3scar Ayerve, denunciante del colectivo Decide Tu Voto. Al respecto tambi\u00e9n se pronunci\u00f3 N\u00e9stor Marroqu\u00edn, quien explic\u00f3 que \u00abconsecuentemente, de esta\u00a0falsificaci\u00f3n\u00a0se produce una\u00a0alteraci\u00f3n de resultados\u00a0que ya configura otro delito\u00bb. El colectivo entreg\u00f3 los\u00a0n\u00fameros y referencias de las actas\u00a0que tendr\u00edan las diferencias num\u00e9ricas. Y pidi\u00f3 a la\u00a0Fiscal\u00eda, como acto urgente, un\u00a0peritaje\u00a0para que, de confirmarse una irregularidad, tomar otras medidas. El colectivo aspira que la respuesta de la fiscal se conozca en, al menos, 15 d\u00edas. Fuente: Ecuavisa<\/p>\n","protected":false},"author":1,"featured_media":11470,"comment_status":"open","ping_status":"open","sticky":false,"template":"","format":"standard","meta":{"footnotes":""},"categories":[268],"tags":[],"class_list":["post-11469","post","type-post","status-publish","format-standard","has-post-thumbnail","hentry","category-nacionales"],"_links":{"self":[{"href":"https:\/\/www.elamazonico.com\/portal\/wp-json\/wp\/v2\/posts\/11469","targetHints":{"allow":["GET"]}}],"collection":[{"href":"https:\/\/www.elamazonico.com\/portal\/wp-json\/wp\/v2\/posts"}],"about":[{"href":"https:\/\/www.elamazonico.com\/portal\/wp-json\/wp\/v2\/types\/post"}],"author":[{"embeddable":true,"href":"https:\/\/www.elamazonico.com\/portal\/wp-json\/wp\/v2\/users\/1"}],"replies":[{"embeddable":true,"href":"https:\/\/www.elamazonico.com\/portal\/wp-json\/wp\/v2\/comments?post=11469"}],"version-history":[{"count":1,"href":"https:\/\/www.elamazonico.com\/portal\/wp-json\/wp\/v2\/posts\/11469\/revisions"}],"predecessor-version":[{"id":11471,"href":"https:\/\/www.elamazonico.com\/portal\/wp-json\/wp\/v2\/posts\/11469\/revisions\/11471"}],"wp:featuredmedia":[{"embeddable":true,"href":"https:\/\/www.elamazonico.com\/portal\/wp-json\/wp\/v2\/media\/11470"}],"wp:attachment":[{"href":"https:\/\/www.elamazonico.com\/portal\/wp-json\/wp\/v2\/media?parent=11469"}],"wp:term":[{"taxonomy":"category","embeddable":true,"href":"https:\/\/www.elamazonico.com\/portal\/wp-json\/wp\/v2\/categories?post=11469"},{"taxonomy":"post_tag","embeddable":true,"href":"https:\/\/www.elamazonico.com\/portal\/wp-json\/wp\/v2\/tags?post=11469"}],"curies":[{"name":"wp","href":"https:\/\/api.w.org\/{rel}","templated":true}]}}