{"id":11442,"date":"2023-09-12T10:44:37","date_gmt":"2023-09-12T15:44:37","guid":{"rendered":"https:\/\/www.elamazonico.comportal\/?p=11442"},"modified":"2023-09-12T10:44:37","modified_gmt":"2023-09-12T15:44:37","slug":"los-asesinatos-de-adolescentes-en-ecuador-crecieron-un-500-desde-2019","status":"publish","type":"post","link":"https:\/\/www.elamazonico.com\/portal\/los-asesinatos-de-adolescentes-en-ecuador-crecieron-un-500-desde-2019\/","title":{"rendered":"Los asesinatos de adolescentes en Ecuador crecieron un 500% desde 2019"},"content":{"rendered":"<p>En los \u00faltimos cinco a\u00f1os, Ecuador ha experimentado un alarmante aumento en los homicidios intencionales dirigidos a adolescentes de entre 15 y 19 a\u00f1os, seg\u00fan un informe del Observatorio Ecuatoriano de Crimen Organizado. Esta tendencia preocupante refleja la creciente violencia criminal en el pa\u00eds y el avance de grupos delictivos. Durante el primer semestre de 2019, se registraron 41 homicidios en este grupo de edad, mientras que en el mismo per\u00edodo de 2023, la cifra se dispar\u00f3 a 246, lo que representa un incremento del 500%. Seg\u00fan un trabajo especial de Infobae.<\/p>\n<p>El observatorio ha relacionado este incremento en los homicidios con el reclutamiento de menores de edad por parte de bandas criminales. En 2023, los homicidios dirigidos a este grupo poblacional aumentaron en un 79.56% en comparaci\u00f3n con el primer semestre de 2022. Durante este per\u00edodo, sorprendentemente, el 90% de los homicidios de adolescentes de 15 a 19 a\u00f1os se llevaron a cabo con armas de fuego.<\/p>\n<p>Las provincias m\u00e1s afectadas por este alarmante fen\u00f3meno son Guayas, con 129 homicidios, seguida de Los R\u00edos con 28, El Oro con 20, Esmeraldas con 19 y Manab\u00ed con 17, seg\u00fan los datos del informe. Todas estas provincias se encuentran en la regi\u00f3n costera de Ecuador.<\/p>\n<p>Entre enero y marzo de 2023, casi 500 ni\u00f1os y adolescentes han sido detenidos por la Polic\u00eda en relaci\u00f3n con actividades delictivas. En 2021, la Polic\u00eda detuvo a 1,975 menores de edad, mientras que en 2022, la cifra aument\u00f3 a 2,129. Estos datos incluyen a ni\u00f1os desde los 12 hasta los 17 a\u00f1os, y la mayor\u00eda de los detenidos son varones mayores de 15 a\u00f1os.<\/p>\n<p>La Comisi\u00f3n Interamericana de Derechos Humanos (CIDH), en su informe \u00abViolencia, Ni\u00f1ez y Crimen Organizado\u00bb, se\u00f1ala que la presencia de grupos delincuenciales en comunidades empobrecidas representa un grave riesgo para los adolescentes de estas \u00e1reas. Estos grupos se aprovechan de la vulnerabilidad y la falta de recursos de los habitantes locales para reclutar a j\u00f3venes que a menudo ven en la participaci\u00f3n en estas bandas una oportunidad para obtener ingresos y reconocimiento.<\/p>\n<p>La CIDH tambi\u00e9n destaca que las bandas criminales reclutan a menores a trav\u00e9s de enga\u00f1os, amenazas, presiones y violencia, y en casos relacionados con el narcotr\u00e1fico, fomentan el consumo de drogas entre ellos.<\/p>\n<p>Una vez reclutados, los ni\u00f1os y adolescentes se integran en estructuras jer\u00e1rquicamente organizadas y, con el tiempo, escalan en la comisi\u00f3n de delitos. La deserci\u00f3n de estos grupos es vista como un grave incumplimiento de las reglas y puede acarrear consecuencias extremas, como el asesinato, ya que se considera que los desertores traicionan a la organizaci\u00f3n.<\/p>\n<p>Aunque los ni\u00f1os, ni\u00f1as y adolescentes que provienen de sectores tradicionalmente excluidos y empobrecidos son m\u00e1s vulnerables ante las bandas, el grupo m\u00e1s afectado por la violencia son los adolescentes varones. La edad promedio en la que los ni\u00f1os son captados por estos grupos criminales es de 13 a\u00f1os, seg\u00fan la CIDH.<\/p>\n<p>Los adolescentes de 15 a 19 a\u00f1os constituyen el sexto grupo etario m\u00e1s afectado por los homicidios intencionales. El primer grupo con m\u00e1s homicidios intencionales perpetrados en su contra son las personas de 25 a 29 a\u00f1os, que representan el 20% del total de homicidios en el primer semestre de 2023, seguidas de las personas de 20 a 25 a\u00f1os (17.84%), 30 a 34 a\u00f1os (17.09%), 35 a 39 a\u00f1os (11.23%) y 40 a 44 a\u00f1os (9.34%), seg\u00fan el reporte del Observatorio Ecuatoriano de Crimen Organizado. (I)<\/p>\n<p>Fuente: Ecuadorenvivo<\/p>\n","protected":false},"excerpt":{"rendered":"<p>En los \u00faltimos cinco a\u00f1os, Ecuador ha experimentado un alarmante aumento en los homicidios intencionales dirigidos a adolescentes de entre 15 y 19 a\u00f1os, seg\u00fan un informe del Observatorio Ecuatoriano de Crimen Organizado. Esta tendencia preocupante refleja la creciente violencia criminal en el pa\u00eds y el avance de grupos delictivos. Durante el primer semestre de 2019, se registraron 41 homicidios en este grupo de edad, mientras que en el mismo per\u00edodo de 2023, la cifra se dispar\u00f3 a 246, lo que representa un incremento del 500%. Seg\u00fan un trabajo especial de Infobae. El observatorio ha relacionado este incremento en los homicidios con el reclutamiento de menores de edad por parte de bandas criminales. En 2023, los homicidios dirigidos a este grupo poblacional aumentaron en un 79.56% en comparaci\u00f3n con el primer semestre de 2022. Durante este per\u00edodo, sorprendentemente, el 90% de los homicidios de adolescentes de 15 a 19 a\u00f1os se llevaron a cabo con armas de fuego. Las provincias m\u00e1s afectadas por este alarmante fen\u00f3meno son Guayas, con 129 homicidios, seguida de Los R\u00edos con 28, El Oro con 20, Esmeraldas con 19 y Manab\u00ed con 17, seg\u00fan los datos del informe. Todas estas provincias se encuentran en la regi\u00f3n costera de Ecuador. Entre enero y marzo de 2023, casi 500 ni\u00f1os y adolescentes han sido detenidos por la Polic\u00eda en relaci\u00f3n con actividades delictivas. En 2021, la Polic\u00eda detuvo a 1,975 menores de edad, mientras que en 2022, la cifra aument\u00f3 a 2,129. Estos datos incluyen a ni\u00f1os desde los 12 hasta los 17 a\u00f1os, y la mayor\u00eda de los detenidos son varones mayores de 15 a\u00f1os. La Comisi\u00f3n Interamericana de Derechos Humanos (CIDH), en su informe \u00abViolencia, Ni\u00f1ez y Crimen Organizado\u00bb, se\u00f1ala que la presencia de grupos delincuenciales en comunidades empobrecidas representa un grave riesgo para los adolescentes de estas \u00e1reas. Estos grupos se aprovechan de la vulnerabilidad y la falta de recursos de los habitantes locales para reclutar a j\u00f3venes que a menudo ven en la participaci\u00f3n en estas bandas una oportunidad para obtener ingresos y reconocimiento. La CIDH tambi\u00e9n destaca que las bandas criminales reclutan a menores a trav\u00e9s de enga\u00f1os, amenazas, presiones y violencia, y en casos relacionados con el narcotr\u00e1fico, fomentan el consumo de drogas entre ellos. Una vez reclutados, los ni\u00f1os y adolescentes se integran en estructuras jer\u00e1rquicamente organizadas y, con el tiempo, escalan en la comisi\u00f3n de delitos. La deserci\u00f3n de estos grupos es vista como un grave incumplimiento de las reglas y puede acarrear consecuencias extremas, como el asesinato, ya que se considera que los desertores traicionan a la organizaci\u00f3n. Aunque los ni\u00f1os, ni\u00f1as y adolescentes que provienen de sectores tradicionalmente excluidos y empobrecidos son m\u00e1s vulnerables ante las bandas, el grupo m\u00e1s afectado por la violencia son los adolescentes varones. La edad promedio en la que los ni\u00f1os son captados por estos grupos criminales es de 13 a\u00f1os, seg\u00fan la CIDH. Los adolescentes de 15 a 19 a\u00f1os constituyen el sexto grupo etario m\u00e1s afectado por los homicidios intencionales. El primer grupo con m\u00e1s homicidios intencionales perpetrados en su contra son las personas de 25 a 29 a\u00f1os, que representan el 20% del total de homicidios en el primer semestre de 2023, seguidas de las personas de 20 a 25 a\u00f1os (17.84%), 30 a 34 a\u00f1os (17.09%), 35 a 39 a\u00f1os (11.23%) y 40 a 44 a\u00f1os (9.34%), seg\u00fan el reporte del Observatorio Ecuatoriano de Crimen Organizado. (I) Fuente: Ecuadorenvivo<\/p>\n","protected":false},"author":1,"featured_media":11443,"comment_status":"open","ping_status":"open","sticky":false,"template":"","format":"standard","meta":{"footnotes":""},"categories":[268],"tags":[],"class_list":["post-11442","post","type-post","status-publish","format-standard","has-post-thumbnail","hentry","category-nacionales"],"_links":{"self":[{"href":"https:\/\/www.elamazonico.com\/portal\/wp-json\/wp\/v2\/posts\/11442","targetHints":{"allow":["GET"]}}],"collection":[{"href":"https:\/\/www.elamazonico.com\/portal\/wp-json\/wp\/v2\/posts"}],"about":[{"href":"https:\/\/www.elamazonico.com\/portal\/wp-json\/wp\/v2\/types\/post"}],"author":[{"embeddable":true,"href":"https:\/\/www.elamazonico.com\/portal\/wp-json\/wp\/v2\/users\/1"}],"replies":[{"embeddable":true,"href":"https:\/\/www.elamazonico.com\/portal\/wp-json\/wp\/v2\/comments?post=11442"}],"version-history":[{"count":1,"href":"https:\/\/www.elamazonico.com\/portal\/wp-json\/wp\/v2\/posts\/11442\/revisions"}],"predecessor-version":[{"id":11444,"href":"https:\/\/www.elamazonico.com\/portal\/wp-json\/wp\/v2\/posts\/11442\/revisions\/11444"}],"wp:featuredmedia":[{"embeddable":true,"href":"https:\/\/www.elamazonico.com\/portal\/wp-json\/wp\/v2\/media\/11443"}],"wp:attachment":[{"href":"https:\/\/www.elamazonico.com\/portal\/wp-json\/wp\/v2\/media?parent=11442"}],"wp:term":[{"taxonomy":"category","embeddable":true,"href":"https:\/\/www.elamazonico.com\/portal\/wp-json\/wp\/v2\/categories?post=11442"},{"taxonomy":"post_tag","embeddable":true,"href":"https:\/\/www.elamazonico.com\/portal\/wp-json\/wp\/v2\/tags?post=11442"}],"curies":[{"name":"wp","href":"https:\/\/api.w.org\/{rel}","templated":true}]}}