{"id":11437,"date":"2023-09-12T10:38:04","date_gmt":"2023-09-12T15:38:04","guid":{"rendered":"https:\/\/www.elamazonico.comportal\/?p=11437"},"modified":"2023-09-12T10:38:04","modified_gmt":"2023-09-12T15:38:04","slug":"el-presidente-guillermo-lasso-entrego-15-427-becas-tecnologicas","status":"publish","type":"post","link":"https:\/\/www.elamazonico.com\/portal\/el-presidente-guillermo-lasso-entrego-15-427-becas-tecnologicas\/","title":{"rendered":"El presidente Guillermo Lasso entreg\u00f3 15.427 becas tecnol\u00f3gicas"},"content":{"rendered":"<p>El\u00a0<strong>presidente Guillermo Lasso<\/strong>\u00a0entreg\u00f3, la noche de ayer (11 de septiembre del 2023),\u00a0<strong>15.427 becas de educaci\u00f3n t\u00e9cnica y tecnol\u00f3gica<\/strong>\u00a0para j\u00f3venes ecuatorianos.<\/p>\n<p>Esos 15.427 cupos son parte de un total de 25.000 becas que se ofertan en 2023. \u201cEn un solo a\u00f1o hemos adjudicado el n\u00famero de becas\u00a0<strong>equivalente a lo entregado entre el 2014 y 2020\u201d,<\/strong>\u00a0resalt\u00f3 el Primer Mandatario.<\/p>\n<p>Adem\u00e1s, se\u00f1al\u00f3 que\u00a0<strong>seis de cada 10 beneficiarios de este programa son mujeres.<\/strong>\u00a0Adem\u00e1s, cuatro de cada 10 son personas de grupos vulnerables.<\/p>\n<p>Precisamente, este a\u00f1o,\u00a0<strong>se destinaron USD 32 millones<\/strong>\u00a0para becas y ayudas econ\u00f3micas para estudios de tercer y cuarto nivel.<\/p>\n<p>\u00abEl objetivo es garantizar el acceso, permanencia y culminaci\u00f3n efectiva de la\u00a0<strong>formaci\u00f3n acad\u00e9mica superior\u00bb,<\/strong>\u00a0indic\u00f3 la Presidencia de la Rep\u00fablica.<\/p>\n<p>Por su parte\u00a0<strong>Andrea Montalvo, secretaria de Educaci\u00f3n Superior, Ciencia, Tecnolog\u00eda e Innovaci\u00f3n (Senescyt),<\/strong>\u00a0se\u00f1al\u00f3 que se aument\u00f3 el presupuesto de las universidades. \u00abExiste un incremento hist\u00f3rico de m\u00e1s de USD 200 millones\u00bb, explic\u00f3.<\/p>\n","protected":false},"excerpt":{"rendered":"<p>El\u00a0presidente Guillermo Lasso\u00a0entreg\u00f3, la noche de ayer (11 de septiembre del 2023),\u00a015.427 becas de educaci\u00f3n t\u00e9cnica y tecnol\u00f3gica\u00a0para j\u00f3venes ecuatorianos. Esos 15.427 cupos son parte de un total de 25.000 becas que se ofertan en 2023. \u201cEn un solo a\u00f1o hemos adjudicado el n\u00famero de becas\u00a0equivalente a lo entregado entre el 2014 y 2020\u201d,\u00a0resalt\u00f3 el Primer Mandatario. Adem\u00e1s, se\u00f1al\u00f3 que\u00a0seis de cada 10 beneficiarios de este programa son mujeres.\u00a0Adem\u00e1s, cuatro de cada 10 son personas de grupos vulnerables. Precisamente, este a\u00f1o,\u00a0se destinaron USD 32 millones\u00a0para becas y ayudas econ\u00f3micas para estudios de tercer y cuarto nivel. \u00abEl objetivo es garantizar el acceso, permanencia y culminaci\u00f3n efectiva de la\u00a0formaci\u00f3n acad\u00e9mica superior\u00bb,\u00a0indic\u00f3 la Presidencia de la Rep\u00fablica. Por su parte\u00a0Andrea Montalvo, secretaria de Educaci\u00f3n Superior, Ciencia, Tecnolog\u00eda e Innovaci\u00f3n (Senescyt),\u00a0se\u00f1al\u00f3 que se aument\u00f3 el presupuesto de las universidades. \u00abExiste un incremento hist\u00f3rico de m\u00e1s de USD 200 millones\u00bb, explic\u00f3.<\/p>\n","protected":false},"author":1,"featured_media":11440,"comment_status":"open","ping_status":"open","sticky":false,"template":"","format":"standard","meta":{"footnotes":""},"categories":[268],"tags":[],"class_list":["post-11437","post","type-post","status-publish","format-standard","has-post-thumbnail","hentry","category-nacionales"],"_links":{"self":[{"href":"https:\/\/www.elamazonico.com\/portal\/wp-json\/wp\/v2\/posts\/11437","targetHints":{"allow":["GET"]}}],"collection":[{"href":"https:\/\/www.elamazonico.com\/portal\/wp-json\/wp\/v2\/posts"}],"about":[{"href":"https:\/\/www.elamazonico.com\/portal\/wp-json\/wp\/v2\/types\/post"}],"author":[{"embeddable":true,"href":"https:\/\/www.elamazonico.com\/portal\/wp-json\/wp\/v2\/users\/1"}],"replies":[{"embeddable":true,"href":"https:\/\/www.elamazonico.com\/portal\/wp-json\/wp\/v2\/comments?post=11437"}],"version-history":[{"count":1,"href":"https:\/\/www.elamazonico.com\/portal\/wp-json\/wp\/v2\/posts\/11437\/revisions"}],"predecessor-version":[{"id":11441,"href":"https:\/\/www.elamazonico.com\/portal\/wp-json\/wp\/v2\/posts\/11437\/revisions\/11441"}],"wp:featuredmedia":[{"embeddable":true,"href":"https:\/\/www.elamazonico.com\/portal\/wp-json\/wp\/v2\/media\/11440"}],"wp:attachment":[{"href":"https:\/\/www.elamazonico.com\/portal\/wp-json\/wp\/v2\/media?parent=11437"}],"wp:term":[{"taxonomy":"category","embeddable":true,"href":"https:\/\/www.elamazonico.com\/portal\/wp-json\/wp\/v2\/categories?post=11437"},{"taxonomy":"post_tag","embeddable":true,"href":"https:\/\/www.elamazonico.com\/portal\/wp-json\/wp\/v2\/tags?post=11437"}],"curies":[{"name":"wp","href":"https:\/\/api.w.org\/{rel}","templated":true}]}}