{"id":11433,"date":"2023-09-12T10:26:30","date_gmt":"2023-09-12T15:26:30","guid":{"rendered":"https:\/\/www.elamazonico.comportal\/?p=11433"},"modified":"2023-09-12T10:26:30","modified_gmt":"2023-09-12T15:26:30","slug":"ecuador-pone-a-examen-las-buenas-sensaciones-de-uruguay","status":"publish","type":"post","link":"https:\/\/www.elamazonico.com\/portal\/ecuador-pone-a-examen-las-buenas-sensaciones-de-uruguay\/","title":{"rendered":"Ecuador pone a examen las buenas sensaciones de Uruguay"},"content":{"rendered":"<p class=\"tmzr-el\">Las selecciones de Ecuador y Uruguay se medir\u00e1n este martes 12 de septiembre de 2023 en Quito en la\u00a0<strong>segunda jornada<\/strong>\u00a0de las Eliminatorias Sudamericanas para el Mundial 2026 con\u00a0<strong>sensaciones opuestas<\/strong>\u00a0luego de que el inicio de la fase clasificatoria se saldase con una derrota para los ecuatorianos y un solvente triunfo para los uruguayos.<\/p>\n<p class=\"tmzr-el\">El equipo ecuatoriano, que\u00a0<a href=\"https:\/\/elmercurio.com.ec\/2023\/09\/07\/argentina-ecuador-resultado-primera-fecha-eliminatorias-sudamericanas\/\" target=\"_blank\" rel=\"noreferrer noopener\">claudic\u00f3 en Buenos Aires ante Argentina<\/a>\u00a0(1-0) con un gol de tiro libre de Lionel Messi, saldr\u00e1 frente a Uruguay con la\u00a0<strong>necesidad de ganar<\/strong>\u00a0para neutralizar los 3 puntos de penalizaci\u00f3n con los que \u2018La Tri\u2019 comenz\u00f3 las eliminatorias a causa de la sanci\u00f3n impuesta por el Tribunal de Arbitraje Deportivo (TAS) por el caso del jugador Byron Castillo.<\/p>\n<p class=\"tmzr-el\"><strong>Ecuador es colista<\/strong>\u00a0de las eliminatorias y en esas circunstancias\u00a0<strong>deber\u00e1 aclarar las dudas<\/strong>\u00a0que el equipo dirigido por el t\u00e9cnico espa\u00f1ol F\u00e9lix S\u00e1nchez dej\u00f3 en el Monumental de Buenos Aires en ataque, tras mostrarse firme en defensa.<\/p>\n<p class=\"tmzr-el\">Para la selecci\u00f3n uruguaya, la visita a Quito supondr\u00e1 un examen para revalidar lejos de Montevideo el buen sabor de boca que dej\u00f3 el triunfo frente a Chile (3-1), en el que\u00a0<strong>mostr\u00f3 una notable superioridad<\/strong>, si bien el t\u00e9cnico argentino Marcelo Bielsa no qued\u00f3 del todo satisfecho con lo visto sobre la cancha.<\/p>\n<p class=\"tmzr-el\">S\u00e1nchez est\u00e1 obligado a reducir el nutrido grupo de jugadores con\u00a0<strong>vocaci\u00f3n defensiva ante Uruguay,<\/strong>\u00a0utilizados en el partido anterior, cambiarlos por atacantes m\u00e1s ambiciosos o disponerlos para que presionen al rival en zona contraria.<\/p>\n<p class=\"tmzr-el\">Quienes conocen la forma de trabajar de S\u00e1nchez, aseguran que ser\u00e1n<strong>\u00a0pocos los cambios de la alineaci\u00f3n an<\/strong>terior, pero que variar\u00e1 la propuesta de juego siendo constantemente ofensivo.<\/p>\n<div class=\"wp-block-embed__wrapper\">\n<h2 id=\"h-la-preparacion-de-uruguay\" class=\"wp-block-heading\">La preparaci\u00f3n de Uruguay<\/h2>\n<p class=\"tmzr-el aBigClassNameToAvoidCollisionInText aBigClassNameToAvoidCollisionInText\"><strong>Bielsa ha estructurado<\/strong>\u00a0en la mitad de la cancha una l\u00ednea que empez\u00f3 a funcionar ante Chile a la perfecci\u00f3n, pues quita la pelota, genera los espacios para sus atacantes y los tres tantos que anotaron ante Chile fueron de sus volantes Nicol\u00e1s de la Cruz, en dos ocasiones, y Federico Valverde el tercero.<\/p>\n<p class=\"tmzr-el\">La presi\u00f3n individual y colectiva, la rotaci\u00f3n constante y el arrastre la marca de determinados jugadores, como el goleador Darwin N\u00fa\u00f1ez, pueden\u00a0<strong>ocasionar los espacios<\/strong>\u00a0y el desorden de los defensas contrarios en Quito.<\/p>\n<p class=\"tmzr-el\">Uruguay no podr\u00e1 contar por<strong>\u00a0lesi\u00f3n con el centrocampista Emiliano Mart\u00ednez<\/strong>\u00a0para el partido contra Ecuador, debido a una distensi\u00f3n muscular en el psoas de las pierna izquierda, por lo que fue desconvocado para la visita al estadio Rodrigo Paz Delgado.<\/p>\n<p class=\"tmzr-el\">Ecuador se concentr\u00f3, desde el viernes, en la altitud de los 2.850 metros sobre el nivel del mar de Quito, y Uruguay lo har\u00e1 desde este lunes en Guayaquil, y para evitarse los efectos de la altura, llegar\u00e1 horas antes del encuentro.<\/p>\n<h2 id=\"h-alineaciones-probables\" class=\"wp-block-heading\">Alineaciones probables<\/h2>\n<h3 id=\"h-ecuador\" class=\"wp-block-heading\">Ecuador<\/h3>\n<p class=\"tmzr-el\">Hern\u00e1n Gal\u00edndez; Robert Arboleda, F\u00e9lix Torres, William Pacho; Jos\u00e9 Hurtado, Carlos Gruezo, Jos\u00e9 Cifuentes, Mois\u00e9s Caicedo, Pervis Estupi\u00f1\u00e1n; Gonzalo Plata o Jhojan Julio y Enner Valencia.<\/p>\n<p class=\"tmzr-el\">Seleccionador: F\u00e9lix S\u00e1nchez.<\/p>\n<h3 id=\"h-uruguay\" class=\"wp-block-heading\">Uruguay<\/h3>\n<p class=\"tmzr-el\">Sergio Rochet; Nahit\u00e1n N\u00e1ndez, Sebasti\u00e1n C\u00e1ceres, Mat\u00edas Vi\u00f1a, Joaqu\u00edn Piquerez; Federico Valverde, Manuel Ugarte, Nicol\u00e1s de la Cruz; Facundo Pellistri, Darwin N\u00fa\u00f1ez y Maximiliano Ara\u00fajo.<\/p>\n<p class=\"tmzr-el\">Seleccionador: Marcelo Bielsa.<\/p>\n<p class=\"tmzr-el\">\u00c1rbitro: Wilton Sampaio, de Brasil, asistido por sus compatriotas Danilo Manis Sim\u00f3n y Rafael Alves. VAR: Daniel Nobre, tambi\u00e9n de Brasil.<\/p>\n<p class=\"tmzr-el\"><strong><em>Estadio:<\/em><\/strong>\u00a0Rodrigo Paz Delgado, de Quito, con capacidad para 41.575 aficionados.<\/p>\n<p class=\"tmzr-el\"><strong><em>Hora:\u00a0<\/em><\/strong>16:00 horas local. (I)<\/p>\n<p>Fuente: El Mercurio<\/p>\n<\/div>\n","protected":false},"excerpt":{"rendered":"<p>Las selecciones de Ecuador y Uruguay se medir\u00e1n este martes 12 de septiembre de 2023 en Quito en la\u00a0segunda jornada\u00a0de las Eliminatorias Sudamericanas para el Mundial 2026 con\u00a0sensaciones opuestas\u00a0luego de que el inicio de la fase clasificatoria se saldase con una derrota para los ecuatorianos y un solvente triunfo para los uruguayos. El equipo ecuatoriano, que\u00a0claudic\u00f3 en Buenos Aires ante Argentina\u00a0(1-0) con un gol de tiro libre de Lionel Messi, saldr\u00e1 frente a Uruguay con la\u00a0necesidad de ganar\u00a0para neutralizar los 3 puntos de penalizaci\u00f3n con los que \u2018La Tri\u2019 comenz\u00f3 las eliminatorias a causa de la sanci\u00f3n impuesta por el Tribunal de Arbitraje Deportivo (TAS) por el caso del jugador Byron Castillo. Ecuador es colista\u00a0de las eliminatorias y en esas circunstancias\u00a0deber\u00e1 aclarar las dudas\u00a0que el equipo dirigido por el t\u00e9cnico espa\u00f1ol F\u00e9lix S\u00e1nchez dej\u00f3 en el Monumental de Buenos Aires en ataque, tras mostrarse firme en defensa. Para la selecci\u00f3n uruguaya, la visita a Quito supondr\u00e1 un examen para revalidar lejos de Montevideo el buen sabor de boca que dej\u00f3 el triunfo frente a Chile (3-1), en el que\u00a0mostr\u00f3 una notable superioridad, si bien el t\u00e9cnico argentino Marcelo Bielsa no qued\u00f3 del todo satisfecho con lo visto sobre la cancha. S\u00e1nchez est\u00e1 obligado a reducir el nutrido grupo de jugadores con\u00a0vocaci\u00f3n defensiva ante Uruguay,\u00a0utilizados en el partido anterior, cambiarlos por atacantes m\u00e1s ambiciosos o disponerlos para que presionen al rival en zona contraria. Quienes conocen la forma de trabajar de S\u00e1nchez, aseguran que ser\u00e1n\u00a0pocos los cambios de la alineaci\u00f3n anterior, pero que variar\u00e1 la propuesta de juego siendo constantemente ofensivo. La preparaci\u00f3n de Uruguay Bielsa ha estructurado\u00a0en la mitad de la cancha una l\u00ednea que empez\u00f3 a funcionar ante Chile a la perfecci\u00f3n, pues quita la pelota, genera los espacios para sus atacantes y los tres tantos que anotaron ante Chile fueron de sus volantes Nicol\u00e1s de la Cruz, en dos ocasiones, y Federico Valverde el tercero. La presi\u00f3n individual y colectiva, la rotaci\u00f3n constante y el arrastre la marca de determinados jugadores, como el goleador Darwin N\u00fa\u00f1ez, pueden\u00a0ocasionar los espacios\u00a0y el desorden de los defensas contrarios en Quito. Uruguay no podr\u00e1 contar por\u00a0lesi\u00f3n con el centrocampista Emiliano Mart\u00ednez\u00a0para el partido contra Ecuador, debido a una distensi\u00f3n muscular en el psoas de las pierna izquierda, por lo que fue desconvocado para la visita al estadio Rodrigo Paz Delgado. Ecuador se concentr\u00f3, desde el viernes, en la altitud de los 2.850 metros sobre el nivel del mar de Quito, y Uruguay lo har\u00e1 desde este lunes en Guayaquil, y para evitarse los efectos de la altura, llegar\u00e1 horas antes del encuentro. Alineaciones probables Ecuador Hern\u00e1n Gal\u00edndez; Robert Arboleda, F\u00e9lix Torres, William Pacho; Jos\u00e9 Hurtado, Carlos Gruezo, Jos\u00e9 Cifuentes, Mois\u00e9s Caicedo, Pervis Estupi\u00f1\u00e1n; Gonzalo Plata o Jhojan Julio y Enner Valencia. Seleccionador: F\u00e9lix S\u00e1nchez. Uruguay Sergio Rochet; Nahit\u00e1n N\u00e1ndez, Sebasti\u00e1n C\u00e1ceres, Mat\u00edas Vi\u00f1a, Joaqu\u00edn Piquerez; Federico Valverde, Manuel Ugarte, Nicol\u00e1s de la Cruz; Facundo Pellistri, Darwin N\u00fa\u00f1ez y Maximiliano Ara\u00fajo. Seleccionador: Marcelo Bielsa. \u00c1rbitro: Wilton Sampaio, de Brasil, asistido por sus compatriotas Danilo Manis Sim\u00f3n y Rafael Alves. VAR: Daniel Nobre, tambi\u00e9n de Brasil. Estadio:\u00a0Rodrigo Paz Delgado, de Quito, con capacidad para 41.575 aficionados. Hora:\u00a016:00 horas local. (I) Fuente: El Mercurio<\/p>\n","protected":false},"author":1,"featured_media":11434,"comment_status":"open","ping_status":"open","sticky":false,"template":"","format":"standard","meta":{"footnotes":""},"categories":[6],"tags":[],"class_list":["post-11433","post","type-post","status-publish","format-standard","has-post-thumbnail","hentry","category-deportes"],"_links":{"self":[{"href":"https:\/\/www.elamazonico.com\/portal\/wp-json\/wp\/v2\/posts\/11433","targetHints":{"allow":["GET"]}}],"collection":[{"href":"https:\/\/www.elamazonico.com\/portal\/wp-json\/wp\/v2\/posts"}],"about":[{"href":"https:\/\/www.elamazonico.com\/portal\/wp-json\/wp\/v2\/types\/post"}],"author":[{"embeddable":true,"href":"https:\/\/www.elamazonico.com\/portal\/wp-json\/wp\/v2\/users\/1"}],"replies":[{"embeddable":true,"href":"https:\/\/www.elamazonico.com\/portal\/wp-json\/wp\/v2\/comments?post=11433"}],"version-history":[{"count":1,"href":"https:\/\/www.elamazonico.com\/portal\/wp-json\/wp\/v2\/posts\/11433\/revisions"}],"predecessor-version":[{"id":11435,"href":"https:\/\/www.elamazonico.com\/portal\/wp-json\/wp\/v2\/posts\/11433\/revisions\/11435"}],"wp:featuredmedia":[{"embeddable":true,"href":"https:\/\/www.elamazonico.com\/portal\/wp-json\/wp\/v2\/media\/11434"}],"wp:attachment":[{"href":"https:\/\/www.elamazonico.com\/portal\/wp-json\/wp\/v2\/media?parent=11433"}],"wp:term":[{"taxonomy":"category","embeddable":true,"href":"https:\/\/www.elamazonico.com\/portal\/wp-json\/wp\/v2\/categories?post=11433"},{"taxonomy":"post_tag","embeddable":true,"href":"https:\/\/www.elamazonico.com\/portal\/wp-json\/wp\/v2\/tags?post=11433"}],"curies":[{"name":"wp","href":"https:\/\/api.w.org\/{rel}","templated":true}]}}