{"id":11427,"date":"2023-09-12T10:22:21","date_gmt":"2023-09-12T15:22:21","guid":{"rendered":"https:\/\/www.elamazonico.comportal\/?p=11427"},"modified":"2023-09-12T10:22:21","modified_gmt":"2023-09-12T15:22:21","slug":"canasta-basica-registra-alza-de-1874-dolares-en-el-ultimo-trimestre","status":"publish","type":"post","link":"https:\/\/www.elamazonico.com\/portal\/canasta-basica-registra-alza-de-1874-dolares-en-el-ultimo-trimestre\/","title":{"rendered":"Canasta b\u00e1sica registra alza de 18,74 d\u00f3lares en el \u00faltimo trimestre"},"content":{"rendered":"<p class=\"tmzr-el\">La inflaci\u00f3n afecta al bolsillo de las familias ecuatorianas. En el \u00faltimo\u00a0<strong>trimestre<\/strong>, la\u00a0<strong>canasta familiar b\u00e1sica ha subido 18,74 d\u00f3lares<\/strong>, cuando, desde\u00a0<strong>noviembre de 2022<\/strong>\u00a0a\u00a0<strong>mayo de 2023\u00a0<\/strong>este \u00edndice solo\u00a0<strong>aument\u00f3 5,59 d\u00f3lares<\/strong>, seg\u00fan el \u00faltimo reporte difundido por el Instituto Nacional de Estad\u00edsticas y Censos (<strong>INEC<\/strong>).<\/p>\n<p class=\"tmzr-el\">\u201cEs una lucha llevar d\u00eda a d\u00eda el pan a la mesa por el alza de precios que se ha dado en los \u00faltimos meses. Los\u00a0<strong>alimentos suben de costo\u00a0<\/strong>y eso genera preocupaci\u00f3n porque se\u00a0<strong>reduce la capacidad de consumo.\u00a0<\/strong>Hay que comprar menos\u201d, dice Carlos Naspud, quien acude cada semana al Mercado 10 de Agosto.<\/p>\n<p class=\"tmzr-el\">La\u00a0<strong>Canasta B\u00e1sica familiar\u00a0<\/strong>en\u00a0<strong>agosto<\/strong>\u00a0de\u00a0<strong>2023<\/strong>\u00a0cost\u00f3<strong>\u00a0785,47 d\u00f3lares<\/strong>.\u00a0<strong>Manta\u00a0<\/strong>figur\u00f3 como la\u00a0<strong>ciudad m\u00e1s cara<\/strong>\u00a0con una canasta b\u00e1sica de\u00a0<strong>820,76 d\u00f3lares<\/strong>; seguida de\u00a0<strong>Quito\u00a0<\/strong>con un costo de\u00a0<strong>819,26 d\u00f3lares<\/strong>\u00a0y\u00a0<strong>Cuenca<\/strong>, con una canasta b\u00e1sica de\u00a0<strong>814,27 d\u00f3lares.<\/strong><\/p>\n<p class=\"tmzr-el\">De\u00a0<strong>mayo a junio<\/strong>\u00a0la canasta b\u00e1sica ecuatoriana\u00a0<strong>subi\u00f3 5,62 d\u00f3lares<\/strong>; de\u00a0<strong>junio a julio<\/strong>\u00a0aument\u00f3\u00a0<strong>7,26 d\u00f3lares<\/strong>\u00a0y de ese periodo hasta\u00a0<strong>agosto increment\u00f3 5,86 d\u00f3lares.<\/strong><\/p>\n<h2 id=\"h-alimentos\" class=\"wp-block-heading\">Alimentos<\/h2>\n<p class=\"tmzr-el\">El costo de algunos alimentos ha tenido\u00a0<strong>mayor incidencia en el alza<\/strong>, estos son:\u00a0<strong>lim\u00f3n<\/strong>,\u00a0<strong>aguacate<\/strong>,\u00a0<strong>cebolla<\/strong>\u00a0<strong>paite\u00f1a<\/strong>,\u00a0<strong>pl\u00e1tano maduro<\/strong>\u00a0y\u00a0<strong>tomate\u00a0<\/strong>de\u00a0<strong>\u00e1rbol<\/strong>.<\/p>\n<p class=\"tmzr-el\">Seg\u00fan los datos del INEC, en agosto pasado el\u00a0<strong>lim\u00f3n tuvo una inflaci\u00f3n mensual de 45,34%<\/strong>; seguido del\u00a0<strong>aguacate\u00a0<\/strong>con\u00a0<strong>20,58%<\/strong>; la\u00a0<strong>cebolla paite\u00f1a<\/strong>\u00a0con\u00a0<strong>19,56%<\/strong>; el\u00a0<strong>pl\u00e1tano\u00a0<\/strong>maduro con\u00a0<strong>18,24%<\/strong>\u00a0y el\u00a0<strong>tomate<\/strong>\u00a0de \u00e1rbol con<strong>\u00a015,44%.<\/strong><\/p>\n<p class=\"tmzr-el\">Mariana Pallazhco, comerciante de frutas y verduras en el Mercado 9 de Octubre, indic\u00f3 que el\u00a0<strong>saco de limones<\/strong>\u00a0tuvo un\u00a0<strong>incremento dr\u00e1stico<\/strong>\u00a0en agosto pasado y lleg\u00f3 a comercializarse en\u00a0<strong>130 d\u00f3lares.<\/strong><\/p>\n<p class=\"tmzr-el\">\u201cEn cada saco vienen entre 700 y 1.000 unidades depende del grosor del producto, tenemos que\u00a0<strong>hacer cuentas<\/strong>\u00a0para ver a c\u00f3mo se vende, pero\u00a0<strong>cuando est\u00e1 caro la gente prefiere no comprar<\/strong>\u00a0y esperar a que los precios bajen\u201d, dice la vendedora.<\/p>\n<h2 id=\"h-inestabilidad\" class=\"wp-block-heading\">Inestabilidad<\/h2>\n<p class=\"tmzr-el aBigClassNameToAvoidCollisionInText aBigClassNameToAvoidCollisionInText\">Pallazhco indic\u00f3 que entre los productos que\u00a0<strong>han bajado de costo\u00a0<\/strong>est\u00e1 el\u00a0<strong>tomate ri\u00f1\u00f3n.<\/strong>\u00a0La caja de 40 libras estaba en 22 d\u00f3lares hace unas semanas y este 11 de septiembre de 2023 le cost\u00f3 14 d\u00f3lares. \u201cAlgunos alimentos bajan de precio,\u00a0<strong>pero no hay estabilidad<\/strong>. Hoy el tomate est\u00e1 m\u00e1s barato, pero ma\u00f1ana otra vez se puede encarecer\u201d, comenta con preocupaci\u00f3n.<\/p>\n<p class=\"tmzr-el\">Entre los\u00a0<strong>consumidores\u00a0<\/strong>se aprecia la\u00a0<strong>incertidumbre<\/strong>. El ciudadano Fabi\u00e1n Castillo, considera que\u00a0<strong>la situaci\u00f3n se puede agravar<\/strong>\u00a0por factores como el\u00a0<strong>fen\u00f3meno de El Ni\u00f1o<\/strong>. \u201cHay productos que\u00a0<strong>cada semana suben de precio<\/strong>\u00a0y lamentablemente, muchos pertenecen a la\u00a0<strong>canasta b\u00e1sica familiar\u00a0<\/strong>como los\u00a0<strong>huevos\u00a0<\/strong>o las\u00a0<strong>papas<\/strong>\u201d, indica.<\/p>\n<p class=\"tmzr-el\">Ximena Garc\u00eda, experta financiera, se\u00f1ala que\u00a0<strong>el alza de precios afecta a toda la poblaci\u00f3n<\/strong>, pero\u00a0<strong>golpea\u00a0<\/strong>con m\u00e1s fuerza a los que\u00a0<strong>menos ingresos<\/strong>\u00a0tienen y apenas les alcanza para vivir.<\/p>\n<p class=\"tmzr-el\">\u201cEl\u00a0<strong>empleo pleno en Ecuador<\/strong>\u00a0fue de\u00a0<strong>35,5% en agosto pasado<\/strong>, es decir, tres de 10 personas tienen un trabajo adecuado; mientras que la\u00a0<a href=\"https:\/\/elmercurio.com.ec\/2023\/08\/23\/empleo-informal-ecuador-censo\/\"><strong>informalidad<\/strong>\u00a0<\/a>fue de\u00a0<strong>54,8%,<\/strong>\u00a0es decir,\u00a0<strong>4,4 millones de personas que no ganan ni un sueldo b\u00e1sico<\/strong>\u201d, explic\u00f3. (PNH)-(I)<\/p>\n<p>Fuente: El Mercurio<\/p>\n","protected":false},"excerpt":{"rendered":"<p>La inflaci\u00f3n afecta al bolsillo de las familias ecuatorianas. En el \u00faltimo\u00a0trimestre, la\u00a0canasta familiar b\u00e1sica ha subido 18,74 d\u00f3lares, cuando, desde\u00a0noviembre de 2022\u00a0a\u00a0mayo de 2023\u00a0este \u00edndice solo\u00a0aument\u00f3 5,59 d\u00f3lares, seg\u00fan el \u00faltimo reporte difundido por el Instituto Nacional de Estad\u00edsticas y Censos (INEC). \u201cEs una lucha llevar d\u00eda a d\u00eda el pan a la mesa por el alza de precios que se ha dado en los \u00faltimos meses. Los\u00a0alimentos suben de costo\u00a0y eso genera preocupaci\u00f3n porque se\u00a0reduce la capacidad de consumo.\u00a0Hay que comprar menos\u201d, dice Carlos Naspud, quien acude cada semana al Mercado 10 de Agosto. La\u00a0Canasta B\u00e1sica familiar\u00a0en\u00a0agosto\u00a0de\u00a02023\u00a0cost\u00f3\u00a0785,47 d\u00f3lares.\u00a0Manta\u00a0figur\u00f3 como la\u00a0ciudad m\u00e1s cara\u00a0con una canasta b\u00e1sica de\u00a0820,76 d\u00f3lares; seguida de\u00a0Quito\u00a0con un costo de\u00a0819,26 d\u00f3lares\u00a0y\u00a0Cuenca, con una canasta b\u00e1sica de\u00a0814,27 d\u00f3lares. De\u00a0mayo a junio\u00a0la canasta b\u00e1sica ecuatoriana\u00a0subi\u00f3 5,62 d\u00f3lares; de\u00a0junio a julio\u00a0aument\u00f3\u00a07,26 d\u00f3lares\u00a0y de ese periodo hasta\u00a0agosto increment\u00f3 5,86 d\u00f3lares. Alimentos El costo de algunos alimentos ha tenido\u00a0mayor incidencia en el alza, estos son:\u00a0lim\u00f3n,\u00a0aguacate,\u00a0cebolla\u00a0paite\u00f1a,\u00a0pl\u00e1tano maduro\u00a0y\u00a0tomate\u00a0de\u00a0\u00e1rbol. Seg\u00fan los datos del INEC, en agosto pasado el\u00a0lim\u00f3n tuvo una inflaci\u00f3n mensual de 45,34%; seguido del\u00a0aguacate\u00a0con\u00a020,58%; la\u00a0cebolla paite\u00f1a\u00a0con\u00a019,56%; el\u00a0pl\u00e1tano\u00a0maduro con\u00a018,24%\u00a0y el\u00a0tomate\u00a0de \u00e1rbol con\u00a015,44%. Mariana Pallazhco, comerciante de frutas y verduras en el Mercado 9 de Octubre, indic\u00f3 que el\u00a0saco de limones\u00a0tuvo un\u00a0incremento dr\u00e1stico\u00a0en agosto pasado y lleg\u00f3 a comercializarse en\u00a0130 d\u00f3lares. \u201cEn cada saco vienen entre 700 y 1.000 unidades depende del grosor del producto, tenemos que\u00a0hacer cuentas\u00a0para ver a c\u00f3mo se vende, pero\u00a0cuando est\u00e1 caro la gente prefiere no comprar\u00a0y esperar a que los precios bajen\u201d, dice la vendedora. Inestabilidad Pallazhco indic\u00f3 que entre los productos que\u00a0han bajado de costo\u00a0est\u00e1 el\u00a0tomate ri\u00f1\u00f3n.\u00a0La caja de 40 libras estaba en 22 d\u00f3lares hace unas semanas y este 11 de septiembre de 2023 le cost\u00f3 14 d\u00f3lares. \u201cAlgunos alimentos bajan de precio,\u00a0pero no hay estabilidad. Hoy el tomate est\u00e1 m\u00e1s barato, pero ma\u00f1ana otra vez se puede encarecer\u201d, comenta con preocupaci\u00f3n. Entre los\u00a0consumidores\u00a0se aprecia la\u00a0incertidumbre. El ciudadano Fabi\u00e1n Castillo, considera que\u00a0la situaci\u00f3n se puede agravar\u00a0por factores como el\u00a0fen\u00f3meno de El Ni\u00f1o. \u201cHay productos que\u00a0cada semana suben de precio\u00a0y lamentablemente, muchos pertenecen a la\u00a0canasta b\u00e1sica familiar\u00a0como los\u00a0huevos\u00a0o las\u00a0papas\u201d, indica. Ximena Garc\u00eda, experta financiera, se\u00f1ala que\u00a0el alza de precios afecta a toda la poblaci\u00f3n, pero\u00a0golpea\u00a0con m\u00e1s fuerza a los que\u00a0menos ingresos\u00a0tienen y apenas les alcanza para vivir. \u201cEl\u00a0empleo pleno en Ecuador\u00a0fue de\u00a035,5% en agosto pasado, es decir, tres de 10 personas tienen un trabajo adecuado; mientras que la\u00a0informalidad\u00a0fue de\u00a054,8%,\u00a0es decir,\u00a04,4 millones de personas que no ganan ni un sueldo b\u00e1sico\u201d, explic\u00f3. (PNH)-(I) Fuente: El Mercurio<\/p>\n","protected":false},"author":1,"featured_media":11428,"comment_status":"open","ping_status":"open","sticky":false,"template":"","format":"standard","meta":{"footnotes":""},"categories":[268],"tags":[],"class_list":["post-11427","post","type-post","status-publish","format-standard","has-post-thumbnail","hentry","category-nacionales"],"_links":{"self":[{"href":"https:\/\/www.elamazonico.com\/portal\/wp-json\/wp\/v2\/posts\/11427","targetHints":{"allow":["GET"]}}],"collection":[{"href":"https:\/\/www.elamazonico.com\/portal\/wp-json\/wp\/v2\/posts"}],"about":[{"href":"https:\/\/www.elamazonico.com\/portal\/wp-json\/wp\/v2\/types\/post"}],"author":[{"embeddable":true,"href":"https:\/\/www.elamazonico.com\/portal\/wp-json\/wp\/v2\/users\/1"}],"replies":[{"embeddable":true,"href":"https:\/\/www.elamazonico.com\/portal\/wp-json\/wp\/v2\/comments?post=11427"}],"version-history":[{"count":1,"href":"https:\/\/www.elamazonico.com\/portal\/wp-json\/wp\/v2\/posts\/11427\/revisions"}],"predecessor-version":[{"id":11429,"href":"https:\/\/www.elamazonico.com\/portal\/wp-json\/wp\/v2\/posts\/11427\/revisions\/11429"}],"wp:featuredmedia":[{"embeddable":true,"href":"https:\/\/www.elamazonico.com\/portal\/wp-json\/wp\/v2\/media\/11428"}],"wp:attachment":[{"href":"https:\/\/www.elamazonico.com\/portal\/wp-json\/wp\/v2\/media?parent=11427"}],"wp:term":[{"taxonomy":"category","embeddable":true,"href":"https:\/\/www.elamazonico.com\/portal\/wp-json\/wp\/v2\/categories?post=11427"},{"taxonomy":"post_tag","embeddable":true,"href":"https:\/\/www.elamazonico.com\/portal\/wp-json\/wp\/v2\/tags?post=11427"}],"curies":[{"name":"wp","href":"https:\/\/api.w.org\/{rel}","templated":true}]}}