{"id":11410,"date":"2023-09-12T07:29:36","date_gmt":"2023-09-12T12:29:36","guid":{"rendered":"https:\/\/www.elamazonico.com\/portal\/?p=11410"},"modified":"2023-09-12T07:29:36","modified_gmt":"2023-09-12T12:29:36","slug":"quien-es-diego-poma-el-juez-que-ordeno-la-salida-de-alias-fito-de-la-roca","status":"publish","type":"post","link":"https:\/\/www.elamazonico.com\/portal\/quien-es-diego-poma-el-juez-que-ordeno-la-salida-de-alias-fito-de-la-roca\/","title":{"rendered":"\u00bfQui\u00e9n es Diego Poma? El juez que orden\u00f3 la salida de alias Fito de La Roca"},"content":{"rendered":"<div class=\"paragraph\">\n<p>Diego Poma Chamba, juez de Garant\u00edas Penitenciarias, y\u00a0<b><a href=\"https:\/\/www.ecuavisa.com\/noticias\/seguridad\/gobierno-busca-revocar-salida-fito-DB5939731\" target=\"_blank\" rel=\"noopener noreferrer\">Adolfo Mac\u00edas Villamar, alias Fito<\/a><\/b>,<b>\u00a0han coincidido en seis procesos judiciales<\/b>.<\/p>\n<p>Al t\u00e9rmino de la semana anterior, con su fallo, el magistrado le concedi\u00f3 al cabecilla de Los Choneros su m\u00e1s reciente pedido:<b>\u00a0salir de la prisi\u00f3n de m\u00e1xima seguridad La Roca y regresar a la C\u00e1rcel Regional<\/b>; pero sus decisiones ya lo hab\u00edan favorecido antes.<\/p>\n<div id=\"sunmedia-div\"><img fetchpriority=\"high\" decoding=\"async\" class=\"alignnone size-medium wp-image-11411\" src=\"https:\/\/www.elamazonico.com\/portal\/wp-content\/uploads\/2023\/09\/image-albanes-ecuador-857743-20230313_1139105_20230911220450-300x167.png\" alt=\"\" width=\"300\" height=\"167\" srcset=\"https:\/\/www.elamazonico.com\/portal\/wp-content\/uploads\/2023\/09\/image-albanes-ecuador-857743-20230313_1139105_20230911220450-300x167.png 300w, https:\/\/www.elamazonico.com\/portal\/wp-content\/uploads\/2023\/09\/image-albanes-ecuador-857743-20230313_1139105_20230911220450.png 635w\" sizes=\"(max-width: 300px) 100vw, 300px\" \/><\/div>\n<p>&nbsp;<\/p>\n<p><iframe width=\"1\" height=\"1\" frameborder=\"0\" scrolling=\"no\" data-mce-fragment=\"1\"><\/iframe>En octubre de 2021, prohibi\u00f3 que sea cambiado de reclusorio alegando que su vida corr\u00eda peligro. Antes de eso, e<b>xtingui\u00f3 cuatro causas en su contra por robo, delincuencia organizada y porte de armas.\u00a0<\/b>Esto permiti\u00f3 que pudiera solicitar la unificaci\u00f3n de penas, paso previo para obtener la prelibertad.<\/p>\n<p>Le puede interesar:\u00a0<b><a href=\"https:\/\/www.ecuavisa.com\/noticias\/seguridad\/gobierno-busca-revocar-salida-fito-DB5939731\" target=\"_blank\" rel=\"noopener noreferrer\">El Gobierno busca revocar orden judicial que saca a alias Fito de La Roca<\/a><\/b><\/p>\n<p>Si lo logra, Fito seguir\u00e1 los pasos de Junior Rold\u00e1n, alias JR, para quien Poma en febrero de 2022<b>\u00a0se dispuso la acumulaci\u00f3n de condenas y obtuvo la prelibertad<\/b>.<\/p>\n<p>Lo hizo igual con Eddy Castro Cabello, alias Bemba,<b>\u00a0otro cabecilla de la banda que tambi\u00e9n estuvo preso en La Roca<\/b>, se fug\u00f3 y fue recapturado en Colombia; y a quien en enero de 2022, el juez Poma le\u00a0<b>concedi\u00f3 el r\u00e9gimen semiabierto tras extinguirle una pena por asesinato<\/b>.<\/p>\n<\/div>\n<h2 class=\"h2-componente\">Orden\u00f3 la libertad de un capo alban\u00e9s buscado internacionalmente<\/h2>\n<p>Otorg\u00f3 el mismo beneficio a Dritan Rexhepi, un alban\u00e9s con tres pedidos de extradici\u00f3n apodado el &#8216;Zar de la coca\u00edna&#8217;. En noviembre de 2021, sali\u00f3 libre\u00a0<b>y desde entonces se desconoce su ubicaci\u00f3n<\/b>.<\/p>\n<p>Por ese hecho, Fernando Villavicencio, cuando a\u00fan ejerc\u00eda el rol de presidente de la Comisi\u00f3n de Fiscalizaci\u00f3n de la Asamblea,\u00a0<b>pidi\u00f3 que sea investigado y sancionado, sin resultados<\/b>.<\/p>\n<p>Lea tambi\u00e9n:\u00a0<b><a href=\"https:\/\/www.ecuavisa.com\/noticias\/seguridad\/judicatura-investigaciones-juez-fito-la-roca-LK5941490\" target=\"_blank\" rel=\"noopener noreferrer\">La Judicatura comenzar\u00e1 investigaciones tras decisi\u00f3n de juez que saca a alias Fito de La Roca<\/a><\/b><\/p>\n<p>A Poma, actualmente el Consejo de la Judicatura\u00a0<b>lo investiga por una posible comisi\u00f3n de infracciones administrativas<\/b>. Fue la respuesta del organismo judicial a un comunicado del gobierno, en que se acusaba al magistrado de\u00a0<b>\u00abser un juez \u00edmprobo que con su accionar pone en riesgo la seguridad de la ciudadan\u00eda<\/b>\u00ab.<\/p>\n<p>Tambi\u00e9n fue culpado de boicotear el trabajo de la Polic\u00eda Nacional y las Fuerzas Armadas que<b>\u00a0\u00aba diario arriesgan su vida en la lucha contra el crimen organizado\u00bb<\/b>, describi\u00f3 el Ejecutivo. <strong>Fuente: Ecuavisa<\/strong><\/p>\n<p>&nbsp;<\/p>\n","protected":false},"excerpt":{"rendered":"<p>Diego Poma Chamba, juez de Garant\u00edas Penitenciarias, y\u00a0Adolfo Mac\u00edas Villamar, alias Fito,\u00a0han coincidido en seis procesos judiciales. Al t\u00e9rmino de la semana anterior, con su fallo, el magistrado le concedi\u00f3 al cabecilla de Los Choneros su m\u00e1s reciente pedido:\u00a0salir de la prisi\u00f3n de m\u00e1xima seguridad La Roca y regresar a la C\u00e1rcel Regional; pero sus decisiones ya lo hab\u00edan favorecido antes. &nbsp; En octubre de 2021, prohibi\u00f3 que sea cambiado de reclusorio alegando que su vida corr\u00eda peligro. Antes de eso, extingui\u00f3 cuatro causas en su contra por robo, delincuencia organizada y porte de armas.\u00a0Esto permiti\u00f3 que pudiera solicitar la unificaci\u00f3n de penas, paso previo para obtener la prelibertad. Le puede interesar:\u00a0El Gobierno busca revocar orden judicial que saca a alias Fito de La Roca Si lo logra, Fito seguir\u00e1 los pasos de Junior Rold\u00e1n, alias JR, para quien Poma en febrero de 2022\u00a0se dispuso la acumulaci\u00f3n de condenas y obtuvo la prelibertad. Lo hizo igual con Eddy Castro Cabello, alias Bemba,\u00a0otro cabecilla de la banda que tambi\u00e9n estuvo preso en La Roca, se fug\u00f3 y fue recapturado en Colombia; y a quien en enero de 2022, el juez Poma le\u00a0concedi\u00f3 el r\u00e9gimen semiabierto tras extinguirle una pena por asesinato. Orden\u00f3 la libertad de un capo alban\u00e9s buscado internacionalmente Otorg\u00f3 el mismo beneficio a Dritan Rexhepi, un alban\u00e9s con tres pedidos de extradici\u00f3n apodado el &#8216;Zar de la coca\u00edna&#8217;. En noviembre de 2021, sali\u00f3 libre\u00a0y desde entonces se desconoce su ubicaci\u00f3n. Por ese hecho, Fernando Villavicencio, cuando a\u00fan ejerc\u00eda el rol de presidente de la Comisi\u00f3n de Fiscalizaci\u00f3n de la Asamblea,\u00a0pidi\u00f3 que sea investigado y sancionado, sin resultados. Lea tambi\u00e9n:\u00a0La Judicatura comenzar\u00e1 investigaciones tras decisi\u00f3n de juez que saca a alias Fito de La Roca A Poma, actualmente el Consejo de la Judicatura\u00a0lo investiga por una posible comisi\u00f3n de infracciones administrativas. Fue la respuesta del organismo judicial a un comunicado del gobierno, en que se acusaba al magistrado de\u00a0\u00abser un juez \u00edmprobo que con su accionar pone en riesgo la seguridad de la ciudadan\u00eda\u00ab. Tambi\u00e9n fue culpado de boicotear el trabajo de la Polic\u00eda Nacional y las Fuerzas Armadas que\u00a0\u00aba diario arriesgan su vida en la lucha contra el crimen organizado\u00bb, describi\u00f3 el Ejecutivo. Fuente: Ecuavisa &nbsp;<\/p>\n","protected":false},"author":1,"featured_media":11411,"comment_status":"open","ping_status":"open","sticky":false,"template":"","format":"standard","meta":{"footnotes":""},"categories":[268],"tags":[],"class_list":["post-11410","post","type-post","status-publish","format-standard","has-post-thumbnail","hentry","category-nacionales"],"_links":{"self":[{"href":"https:\/\/www.elamazonico.com\/portal\/wp-json\/wp\/v2\/posts\/11410","targetHints":{"allow":["GET"]}}],"collection":[{"href":"https:\/\/www.elamazonico.com\/portal\/wp-json\/wp\/v2\/posts"}],"about":[{"href":"https:\/\/www.elamazonico.com\/portal\/wp-json\/wp\/v2\/types\/post"}],"author":[{"embeddable":true,"href":"https:\/\/www.elamazonico.com\/portal\/wp-json\/wp\/v2\/users\/1"}],"replies":[{"embeddable":true,"href":"https:\/\/www.elamazonico.com\/portal\/wp-json\/wp\/v2\/comments?post=11410"}],"version-history":[{"count":1,"href":"https:\/\/www.elamazonico.com\/portal\/wp-json\/wp\/v2\/posts\/11410\/revisions"}],"predecessor-version":[{"id":11412,"href":"https:\/\/www.elamazonico.com\/portal\/wp-json\/wp\/v2\/posts\/11410\/revisions\/11412"}],"wp:featuredmedia":[{"embeddable":true,"href":"https:\/\/www.elamazonico.com\/portal\/wp-json\/wp\/v2\/media\/11411"}],"wp:attachment":[{"href":"https:\/\/www.elamazonico.com\/portal\/wp-json\/wp\/v2\/media?parent=11410"}],"wp:term":[{"taxonomy":"category","embeddable":true,"href":"https:\/\/www.elamazonico.com\/portal\/wp-json\/wp\/v2\/categories?post=11410"},{"taxonomy":"post_tag","embeddable":true,"href":"https:\/\/www.elamazonico.com\/portal\/wp-json\/wp\/v2\/tags?post=11410"}],"curies":[{"name":"wp","href":"https:\/\/api.w.org\/{rel}","templated":true}]}}