{"id":11407,"date":"2023-09-12T07:18:55","date_gmt":"2023-09-12T12:18:55","guid":{"rendered":"https:\/\/www.elamazonico.com\/portal\/?p=11407"},"modified":"2023-09-12T07:18:55","modified_gmt":"2023-09-12T12:18:55","slug":"debate-presidencial-conozca-los-cambios-que-se-ejecutaran","status":"publish","type":"post","link":"https:\/\/www.elamazonico.com\/portal\/debate-presidencial-conozca-los-cambios-que-se-ejecutaran\/","title":{"rendered":"Debate presidencial: Conozca los cambios que se ejecutar\u00e1n"},"content":{"rendered":"<p>Cuatro ejes, dos minutos para contestar la pregunta inicial (en vez de uno), 20 segundos para hacer la r\u00e9plica, un minuto para responderla y el mismo tiempo para la contrar\u00e9plica, ser\u00e1n algunos de los cambios que se registrar\u00e1n en el debate presidencial obligatorio a desarrollarse el 01 de octubre de 2023 en Ecuador.<\/p>\n<p>\u00bfLa raz\u00f3n? Patricia Hidalgo,\u00a0miembro del Comit\u00e9 de Debate para Elecciones, explic\u00f3 que como son solo dos candidatos (Daniel Noboa y Luisa Gonz\u00e1lez) existir\u00e1 m\u00e1s tiempo para argumentar cada propuesta. Esto, sumado a que acogieron las sugerencias tras el primer debate en el que participaron 7 candidatos.<\/p>\n<p>Los moderadores tambi\u00e9n fueron cambiados \u201cpara dar oportunidad a otras personas\u00bb e indic\u00f3 que el debate de los aspirantes a la Presidencia en segunda vuelta electoral tendr\u00e1 una duraci\u00f3n de\u00a0hasta de dos horas. Y es que, tanto Noboa como G\u00f3nzalez, contar\u00e1n adem\u00e1s con un tiempo para emitir \u00abun saludo y una despedida o mensaje final\u00bb.<\/p>\n<p>Respecto a que se elimin\u00f3 el eje de \u00abmedio ambiente\u00bb, Hidalgo justific\u00f3 la decisi\u00f3n a la optimizaci\u00f3n del tiempo y a que consideran (el comit\u00e9) que para\u00a0enfrentar el Fen\u00f3meno de El Ni\u00f1o, por ejemplo, hay que abordar de d\u00f3nde se sacar\u00e1n los presupuestos y por eso\u00a0el eje ser\u00e1 abordado ahora dentro del econ\u00f3mico.<\/p>\n<p>Por \u00faltimo, celebr\u00f3 que en Ecuador se est\u00e1 generando \u00abuna cultura de debate\u00bb que obliga a los candidatos a prepararse para argumentar sus propuestas, a \u00abque contesten y digan c\u00f3mo van a hacer lo que plantean\u201d. En total, los presidenciables contestar\u00e1n ocho preguntas. <strong>Fuente: Ecuador en vivo<\/strong><\/p>\n","protected":false},"excerpt":{"rendered":"<p>Cuatro ejes, dos minutos para contestar la pregunta inicial (en vez de uno), 20 segundos para hacer la r\u00e9plica, un minuto para responderla y el mismo tiempo para la contrar\u00e9plica, ser\u00e1n algunos de los cambios que se registrar\u00e1n en el debate presidencial obligatorio a desarrollarse el 01 de octubre de 2023 en Ecuador. \u00bfLa raz\u00f3n? Patricia Hidalgo,\u00a0miembro del Comit\u00e9 de Debate para Elecciones, explic\u00f3 que como son solo dos candidatos (Daniel Noboa y Luisa Gonz\u00e1lez) existir\u00e1 m\u00e1s tiempo para argumentar cada propuesta. Esto, sumado a que acogieron las sugerencias tras el primer debate en el que participaron 7 candidatos. Los moderadores tambi\u00e9n fueron cambiados \u201cpara dar oportunidad a otras personas\u00bb e indic\u00f3 que el debate de los aspirantes a la Presidencia en segunda vuelta electoral tendr\u00e1 una duraci\u00f3n de\u00a0hasta de dos horas. Y es que, tanto Noboa como G\u00f3nzalez, contar\u00e1n adem\u00e1s con un tiempo para emitir \u00abun saludo y una despedida o mensaje final\u00bb. Respecto a que se elimin\u00f3 el eje de \u00abmedio ambiente\u00bb, Hidalgo justific\u00f3 la decisi\u00f3n a la optimizaci\u00f3n del tiempo y a que consideran (el comit\u00e9) que para\u00a0enfrentar el Fen\u00f3meno de El Ni\u00f1o, por ejemplo, hay que abordar de d\u00f3nde se sacar\u00e1n los presupuestos y por eso\u00a0el eje ser\u00e1 abordado ahora dentro del econ\u00f3mico. Por \u00faltimo, celebr\u00f3 que en Ecuador se est\u00e1 generando \u00abuna cultura de debate\u00bb que obliga a los candidatos a prepararse para argumentar sus propuestas, a \u00abque contesten y digan c\u00f3mo van a hacer lo que plantean\u201d. En total, los presidenciables contestar\u00e1n ocho preguntas. Fuente: Ecuador en vivo<\/p>\n","protected":false},"author":1,"featured_media":11408,"comment_status":"open","ping_status":"open","sticky":false,"template":"","format":"standard","meta":{"footnotes":""},"categories":[268],"tags":[],"class_list":["post-11407","post","type-post","status-publish","format-standard","has-post-thumbnail","hentry","category-nacionales"],"_links":{"self":[{"href":"https:\/\/www.elamazonico.com\/portal\/wp-json\/wp\/v2\/posts\/11407","targetHints":{"allow":["GET"]}}],"collection":[{"href":"https:\/\/www.elamazonico.com\/portal\/wp-json\/wp\/v2\/posts"}],"about":[{"href":"https:\/\/www.elamazonico.com\/portal\/wp-json\/wp\/v2\/types\/post"}],"author":[{"embeddable":true,"href":"https:\/\/www.elamazonico.com\/portal\/wp-json\/wp\/v2\/users\/1"}],"replies":[{"embeddable":true,"href":"https:\/\/www.elamazonico.com\/portal\/wp-json\/wp\/v2\/comments?post=11407"}],"version-history":[{"count":1,"href":"https:\/\/www.elamazonico.com\/portal\/wp-json\/wp\/v2\/posts\/11407\/revisions"}],"predecessor-version":[{"id":11409,"href":"https:\/\/www.elamazonico.com\/portal\/wp-json\/wp\/v2\/posts\/11407\/revisions\/11409"}],"wp:featuredmedia":[{"embeddable":true,"href":"https:\/\/www.elamazonico.com\/portal\/wp-json\/wp\/v2\/media\/11408"}],"wp:attachment":[{"href":"https:\/\/www.elamazonico.com\/portal\/wp-json\/wp\/v2\/media?parent=11407"}],"wp:term":[{"taxonomy":"category","embeddable":true,"href":"https:\/\/www.elamazonico.com\/portal\/wp-json\/wp\/v2\/categories?post=11407"},{"taxonomy":"post_tag","embeddable":true,"href":"https:\/\/www.elamazonico.com\/portal\/wp-json\/wp\/v2\/tags?post=11407"}],"curies":[{"name":"wp","href":"https:\/\/api.w.org\/{rel}","templated":true}]}}