{"id":11394,"date":"2023-09-11T10:08:38","date_gmt":"2023-09-11T15:08:38","guid":{"rendered":"https:\/\/www.elamazonico.com\/portal\/?p=11394"},"modified":"2023-09-11T10:08:38","modified_gmt":"2023-09-11T15:08:38","slug":"esas-balas-no-lo-mataron-lo-hicieron-eterno","status":"publish","type":"post","link":"https:\/\/www.elamazonico.com\/portal\/esas-balas-no-lo-mataron-lo-hicieron-eterno\/","title":{"rendered":"Esas balas no lo mataron, lo hicieron eterno"},"content":{"rendered":"<div class=\"btArticleExcerpt\">El asesinato de Fernando Villavicencio desnud\u00f3 la realidad de las mafias en Ecuador y la necesidad de continuar con el legado de este valiente investigador y pol\u00edtico.<\/div>\n<div><\/div>\n<div class=\"btArticleBody portfolioBody btTextLeft\">\n<div class=\"bt_bb_wrapper\">\n<p>Las balas que segaron la vida de Fernando Villavicencio, candidato presidencial, apasionado periodista de investigaci\u00f3n y padre de familia amoroso, no lograron asesinar sus ideas ni la siembra de valent\u00eda y verdad que logr\u00f3 forjar a lo largo de sus 59 a\u00f1os de vida. M\u00e1s bien fueron la cruda confirmaci\u00f3n de lo que \u00e9l hab\u00eda denunciado por m\u00e1s de 15 a\u00f1os.<\/p>\n<p><img fetchpriority=\"high\" decoding=\"async\" class=\"alignnone size-medium wp-image-11395\" src=\"https:\/\/www.elamazonico.com\/portal\/wp-content\/uploads\/2023\/09\/53079223157_567b13815e_c-300x200.jpg\" alt=\"\" width=\"300\" height=\"200\" srcset=\"https:\/\/www.elamazonico.com\/portal\/wp-content\/uploads\/2023\/09\/53079223157_567b13815e_c-300x200.jpg 300w, https:\/\/www.elamazonico.com\/portal\/wp-content\/uploads\/2023\/09\/53079223157_567b13815e_c-768x512.jpg 768w, https:\/\/www.elamazonico.com\/portal\/wp-content\/uploads\/2023\/09\/53079223157_567b13815e_c.jpg 799w\" sizes=\"(max-width: 300px) 100vw, 300px\" \/><\/p>\n<p>Ese 9 de agosto, el pa\u00eds y el mundo constataron horrorizados la verdadera cara de las mafias y su poder. Los sicarios hicieron lo impensable en un pa\u00eds como Ecuador: mataron a un candidato presidencial, en la capital de la Rep\u00fablica, haciendo gala de crueldad y desnudando las falencias de la instituci\u00f3n policial, encargada de su seguridad.<\/p>\n<p>Sin embargo, el atroz asesinato de Fernando, tambi\u00e9n ha colocado bajo los reflectores el origen del problema: el pulpo de narcotr\u00e1fico, la corrupci\u00f3n y la impunidad, que se ven\u00eda agigantando sistem\u00e1tica y premeditadamente frente a las narices de gobiernos autonombrados de \u201cmanos limpias\u201d.<\/p>\n<p>As\u00ed este crimen tambi\u00e9n se convirti\u00f3 en una l\u00ednea roja de clara advertencia: ahora m\u00e1s que nunca la encrucijada es la Patria o la mafia. Ya no se puede ceder m\u00e1s espacio o no habr\u00e1 vuelta atr\u00e1s.<\/p>\n<div class=\"banner-ad-container\"><\/div>\n<p>Fernando con su capacidad visionaria, lo ten\u00eda claro: \u201cLo peor que pueden hacer es matarme, pero ese d\u00eda se dar\u00e1n un tiro en el pie\u201d, hab\u00eda dicho. Esas balas no lograron matarlo, lo hicieron eterno.<\/p>\n<p>\u201cFernando iba a ganar la Presidencia y por eso lo mataron\u201d, asegur\u00f3 hace pocos d\u00edas Cristian Zurita, su mejor amigo, compa\u00f1ero investigador y quien fuera su sucesor para la lid electoral.<\/p>\n<p><img decoding=\"async\" class=\"alignnone size-medium wp-image-11397\" src=\"https:\/\/www.elamazonico.com\/portal\/wp-content\/uploads\/2023\/09\/MG_0877-copy-640x480-1-300x225.jpg\" alt=\"\" width=\"300\" height=\"225\" srcset=\"https:\/\/www.elamazonico.com\/portal\/wp-content\/uploads\/2023\/09\/MG_0877-copy-640x480-1-300x225.jpg 300w, https:\/\/www.elamazonico.com\/portal\/wp-content\/uploads\/2023\/09\/MG_0877-copy-640x480-1.jpg 640w\" sizes=\"(max-width: 300px) 100vw, 300px\" \/><\/p>\n<p>Pero Fernando ya hab\u00eda ganado, porque logr\u00f3 desmantelar parte de esa corrupci\u00f3n con sus investigaciones period\u00edsticas como Arroz Verde (Caso Sobornos), la trama de Odebrecht, los sobreprecios en la fallida repotenciaci\u00f3n de la Refiner\u00eda de Esmeraldas, las obras chinas mal hechas\u2026 Y con ello condenar a los responsables a la c\u00e1rcel o a huir en calidad de pr\u00f3fugos.<\/p>\n<blockquote class=\"twitter-tweet\" data-width=\"550\" data-dnt=\"true\">\n<p lang=\"es\" dir=\"ltr\"><a href=\"https:\/\/twitter.com\/hashtag\/EleccionesEcuador2023?src=hash&amp;ref_src=twsrc%5Etfw\">#EleccionesEcuador2023<\/a> | Fernando Villavicencio y sus 260 investigaciones en contra de Rafael Correa y otros gobernantes.  \u27a4<a href=\"https:\/\/t.co\/8pDBLLL3pF\">https:\/\/t.co\/8pDBLLL3pF<\/a> <a href=\"https:\/\/t.co\/jrHfHLPXlz\">pic.twitter.com\/jrHfHLPXlz<\/a><\/p>\n<p>&mdash; El Universo (@eluniversocom) <a href=\"https:\/\/twitter.com\/eluniversocom\/status\/1688535949108465665?ref_src=twsrc%5Etfw\">August 7, 2023<\/a><\/p><\/blockquote>\n<p><script async src=\"https:\/\/platform.twitter.com\/widgets.js\" charset=\"utf-8\"><\/script><\/p>\n<h3>\u00bfQui\u00e9n mand\u00f3 a matar a Fernando Villavicencio?<\/h3>\n<p>Los autores intelectuales siguen en las sombras. En cambio, los gatilleros a quienes se los identific\u00f3 y apres\u00f3 \u2013 gracias a los registros que dejaron en c\u00e1maras, desde el Coliseo del Colegio Anderson hasta la zona oriental del valle en Quito- se han acogido al silencio.<\/p>\n<p>Sin embargo, existen elementos suficientes -como la informaci\u00f3n de sus tel\u00e9fonos y sus contactos en Colombia- para armar algunas hip\u00f3tesis. Al momento existen se\u00f1ales de que la herm\u00e9tica investigaci\u00f3n del FBI podr\u00eda dar certezas. Se espera conocer los detalles en los pr\u00f3ximos d\u00edas.<\/p>\n<p>En todo caso, lo que s\u00ed se conoce es que Fernando Valiente puso a temblar a muchos, quienes seguramente pensaron que si siendo un periodista coart\u00f3 la fiesta de varios corruptos, \u00e9l frente al Gobierno significar\u00eda un enemigo invencible.<\/p>\n<p>Es que con sus denuncias apunt\u00f3 a todo aquel envuelto en la estructura de corrupci\u00f3n, de los sobornos, especialmente en los sectores petrolero, minero, de telecomunicaciones y de la clase pol\u00edtica que se asoci\u00f3 al narcotr\u00e1fico.<\/p>\n<p>https:\/\/twitter.com\/revistavistazo\/status\/1690398247704031232<\/p>\n<p>As\u00ed, una foto de \u201cLos Tetas\u201d, como los bautiz\u00f3 la picard\u00eda popular, en la piscina de Miami fue una de las que m\u00e1s incomod\u00f3 a sus participantes, tanto o m\u00e1s que la advertencia que hiciera Fernando sobre los posibles v\u00ednculos del narcotr\u00e1fico con pol\u00edticos de la Revoluci\u00f3n Ciudadana.<\/p>\n<p>https:\/\/twitter.com\/VillaFernando_\/status\/1567928652830064641<\/p>\n<p>Una de las \u00faltimas referencias sobre este tema, fue en relaci\u00f3n al rol que jug\u00f3 Raisa Vulgar\u00edn dentro del entramado de corrupci\u00f3n que se destap\u00f3 por el financiamiento del narcotr\u00e1fico en la campa\u00f1a del presidente colombiano Gustavo Petro, a trav\u00e9s de su hijo Nicol\u00e1s.<\/p>\n<blockquote class=\"twitter-tweet\" data-width=\"550\" data-dnt=\"true\">\n<p lang=\"es\" dir=\"ltr\"><a href=\"https:\/\/twitter.com\/hashtag\/Urgente?src=hash&amp;ref_src=twsrc%5Etfw\">#Urgente<\/a> \u00bfQui\u00e9n es Raisa Vulgar\u00edn? Novia del primo de Nicol\u00e1s Petro, pol\u00edtica ecuatoriana, se\u00f1alada de apoyar a Gustavo Petro a la presidencia <a href=\"https:\/\/t.co\/5v5iie3JNb\">https:\/\/t.co\/5v5iie3JNb<\/a><\/p>\n<p>&mdash; Fernando Villavicencio (@VillaFernando_) <a href=\"https:\/\/twitter.com\/VillaFernando_\/status\/1685762893378211840?ref_src=twsrc%5Etfw\">July 30, 2023<\/a><\/p><\/blockquote>\n<p><script async src=\"https:\/\/platform.twitter.com\/widgets.js\" charset=\"utf-8\"><\/script><\/p>\n<h3>\u00abEn Ecuador no falta dinero, sobran ladrones\u00bb<\/h3>\n<p>\u00c9l lo explicaba sin tapujos a sus colegas de oficio, en los medios de comunicaci\u00f3n, con el convencimiento de la importancia de la libertad de expresi\u00f3n y sabiendo que as\u00ed ampliaba su mensaje de manera exponencial. Relataba frontalmente\u00a0 por ejemplo, que el narcotr\u00e1fico se instal\u00f3 en el Estado y contamin\u00f3 sus sistema sangu\u00edneo desde el 2007, cuando el gobierno de ese entonces ten\u00eda como consigna y acuerdo sacar la Base de Manta, pues esta era el instrumento de combate conjunto con EEUU contra este mal.<\/p>\n<p>Con una memoria infalible, Villavicencio ataba cuidadosamente los cabos y hab\u00eda mapeado las rutas de los dineros en las que se entremezclaban nombres y apellidos: Jorge Glas, Ronny Aleaga, Leandro Norero, Xavier Jord\u00e1n y una serie de abogados que defienden a narcotraficantes. Denunci\u00f3 que solo en las elecciones seccionales hubo 24 candidatos relacionados al narcotr\u00e1fico, en su mayor\u00eda correistas.<\/p>\n<p>Hab\u00eda asegurado que el pa\u00eds fue tomado por las mafias del narcotr\u00e1fico tanto de M\u00e9xico, Colombia y la albanesa. Uno de sus planes inmediatos era la militarizaci\u00f3n de los 10 puertos por donde, aseguraba, sale la droga.<\/p>\n<p>https:\/\/twitter.com\/VillaFernando_\/status\/1653343800905945089<\/p>\n<p>Planteaba construir una c\u00e1rcel de m\u00e1xima seguridad para que los capos del narco en Ecuador queden totalmente recluidos, sin opci\u00f3n de seguir ordenando desde la c\u00e1rcel. Iba a fortalecer a la Unidad de An\u00e1lisis Financiero y Econ\u00f3mico (UAFE) para examinar a los delincuentes de cuello blanco, l\u00e9ase pol\u00edticos y jueces presuntamente involucrados en enriquecimiento il\u00edcito, a trav\u00e9s de la industria del soborno.<\/p>\n<p>Propon\u00eda renegociar los contratos petroleros y su \u00faltima denuncia ante la Fiscal\u00eda involucr\u00f3 el perjuicio econ\u00f3mico que presuntamente hab\u00eda causado la empresa Schlumberger, en complot con funcionarios del corre\u00edsmo, al fijar de manera antit\u00e9cnica tarifas que afectaban las arcas fiscales.<\/p>\n<p>https:\/\/twitter.com\/notimundoec\/status\/1689054212280233984<\/p>\n<p>Durante la campa\u00f1a tambi\u00e9n record\u00f3 el cap\u00edtulo de los presuntos nexos entre dineros de Odebrecht transferidos a Glory International que terminaron en cuentas de las empresas de Tomislav y Jan Topic.<\/p>\n<p>https:\/\/twitter.com\/Feramosa\/status\/1691209836480876544<\/p>\n<p>Todo ello, convencido de que a este pa\u00eds \u201cno le falta dinero, sino que le sobran ladrones, y por ello hay que encarcelar a los ladrones\u201d.<\/p>\n<p>As\u00ed, las amenazas de \u201cquebrarle si no callaba\u201d se empezaron a multiplicar. Fernando lo sab\u00eda y lo advirti\u00f3. No tuvo empacho en presentar denuncias ante la Fiscal\u00eda sobre un presunto plan para acabar con su vida mediante sicariato que se fraguaba a lo interno de la Asamblea, por parte de ciertos colegas legislativos.<\/p>\n<p>https:\/\/twitter.com\/VillaFernando_\/status\/1650574168146993156<\/p>\n<h3>Escribir es la Victoria<\/h3>\n<p>Estaba convencido, sin embargo, que \u201cescribir es la victoria\u201d, que no callar es la victoria, pero aferrarse a este derecho b\u00e1sico de exponer ideas y luchar, le cost\u00f3 la vida.<\/p>\n<p>Como si el asesinato de un hombre valiente que combat\u00eda la corrupci\u00f3n no fuera suficiente verg\u00fcenza para el pa\u00eds, hemos sido testigos de otros cap\u00edtulos que muestran la miseria humana de quienes parec\u00eda que ya no pod\u00edan caer m\u00e1s bajo, pero lo hicieron. As\u00ed, los que persiguieron, allanaron, amenazaron y denostaron a Fernando, ahora se autoproclaman \u201clos m\u00e1s afectados\u201d por el crimen.<\/p>\n<blockquote class=\"twitter-tweet\" data-width=\"550\" data-dnt=\"true\">\n<p lang=\"es\" dir=\"ltr\">Porque, insisto, fuimos los m\u00e1s perjudicados. Marcela Agui\u00f1aga y el bloque de asamble\u00edstas corre\u00edstas exigieron al gobierno y a la Fiscal\u00eda explicaciones porque no se sabe nada despu\u00e9s de un mes del crimen del candidato presidencial Fernando Villavicencio. <a href=\"https:\/\/twitter.com\/hashtag\/Guayaquil?src=hash&amp;ref_src=twsrc%5Etfw\">#Guayaquil<\/a> <a href=\"https:\/\/t.co\/dSVDxraMKm\">pic.twitter.com\/dSVDxraMKm<\/a><\/p>\n<p>&mdash; LaHistoria (@lahistoriaec) <a href=\"https:\/\/twitter.com\/lahistoriaec\/status\/1700378989477376333?ref_src=twsrc%5Etfw\">September 9, 2023<\/a><\/p><\/blockquote>\n<p><script async src=\"https:\/\/platform.twitter.com\/widgets.js\" charset=\"utf-8\"><\/script><\/p>\n<p>Resulta tambi\u00e9n inveros\u00edmil el grosero papel jugado por el \u00e1rbitro electoral y su presidenta Diana Atamaint, quien ser\u00e1 recordada por haber liderado las elecciones m\u00e1s violentas y desiguales de la historia del pa\u00eds.<\/p>\n<p>Y lo m\u00e1s reprochable, algunos que se dec\u00edan amigos o cercanos, e incluso parte de los familiares, tejen una serie de elucubraciones que calcul\u00e1ndolo o no, generan cortinas de humo que entorpecen la investigaci\u00f3n. Estas declaraciones antojadizas son euf\u00f3ricamente respaldadas por Jos\u00e9 Serrano y el propio Rafael Correa. Ya lo dice el dicho: Dime qui\u00e9n te respalda y te dir\u00e9 qui\u00e9n eres.<\/p>\n<p>https:\/\/twitter.com\/ppsesa\/status\/1698355563757789605<\/p>\n<p>En este contexto, honrar el legado de Fernando Eterno es una obligaci\u00f3n para quienes apoyaron su lucha y creyeron en ese camino posible. Ahora mismo, millones de ojos est\u00e1n sobre la actuaci\u00f3n de los asamble\u00edstas de Construye y Gente Buena, quienes tienen que estar a la altura de esta deuda hist\u00f3rica, llevando a buen puerto los proyectos emblem\u00e1ticos de Villavicencio: como la Ley de Extinci\u00f3n de Dominio para que por fin se recupere lo robado y por supuesto vigilar la investigaci\u00f3n del crimen.<\/p>\n<p>El pensamiento de Fernando permanece ya en los casi dos millones de ciudadanos que creyeron en su propuesta y que ahora se reconocen como \u00e1rboles de esa semilla de valent\u00eda, que podr\u00e1n tomar las riendas de su destino y transformar la realidad desde su propia trinchera.<\/p>\n<p><img decoding=\"async\" class=\"alignnone size-medium wp-image-11398\" src=\"https:\/\/www.elamazonico.com\/portal\/wp-content\/uploads\/2023\/09\/53079783121_7573eb3643_c-300x200.jpg\" alt=\"\" width=\"300\" height=\"200\" srcset=\"https:\/\/www.elamazonico.com\/portal\/wp-content\/uploads\/2023\/09\/53079783121_7573eb3643_c-300x200.jpg 300w, https:\/\/www.elamazonico.com\/portal\/wp-content\/uploads\/2023\/09\/53079783121_7573eb3643_c-768x512.jpg 768w, https:\/\/www.elamazonico.com\/portal\/wp-content\/uploads\/2023\/09\/53079783121_7573eb3643_c.jpg 799w\" sizes=\"(max-width: 300px) 100vw, 300px\" \/><\/p>\n<p>Dos de estos \u00e1rboles, que han dado luz y esperanza en tiempo de oscuridad, son justamente Amanda y Tamia Villavicencio, hijas de Fernando Eterno. Gracias por eso.<\/p>\n<p><img loading=\"lazy\" decoding=\"async\" class=\"alignnone size-medium wp-image-11399\" src=\"https:\/\/www.elamazonico.com\/portal\/wp-content\/uploads\/2023\/09\/IMG-20230909-WA0015-640x480-1-300x225.jpg\" alt=\"\" width=\"300\" height=\"225\" srcset=\"https:\/\/www.elamazonico.com\/portal\/wp-content\/uploads\/2023\/09\/IMG-20230909-WA0015-640x480-1-300x225.jpg 300w, https:\/\/www.elamazonico.com\/portal\/wp-content\/uploads\/2023\/09\/IMG-20230909-WA0015-640x480-1.jpg 640w\" sizes=\"(max-width: 300px) 100vw, 300px\" \/><\/p>\n<p>El periodismo nacional tambi\u00e9n debe reinventarse para enfrentar una tarea tit\u00e1nica que es continuar destapando la alcantarilla de la corrupci\u00f3n, a trav\u00e9s del periodismo de investigaci\u00f3n, ahora en ausencia, pero con la inspiraci\u00f3n, de su adalid. <strong>Fuente: Periodismo de Investigaci\u00f3n\u00a0<\/strong><\/p>\n<blockquote class=\"wp-embedded-content\" data-secret=\"wbQTG48nL8\"><p><a href=\"https:\/\/periodismodeinvestigacion.com\/\">Periodismo de Investigaci\u00f3n<\/a><\/p><\/blockquote>\n<p><iframe class=\"wp-embedded-content\" sandbox=\"allow-scripts\" security=\"restricted\" style=\"position: absolute; clip: rect(1px, 1px, 1px, 1px);\" title=\"\u00abPeriodismo de Investigaci\u00f3n\u00bb \u2014 LA FUENTE: Periodismo de Investigaci\u00f3n\" src=\"https:\/\/periodismodeinvestigacion.com\/embed\/#?secret=9PvDZyq9AX#?secret=wbQTG48nL8\" data-secret=\"wbQTG48nL8\" width=\"600\" height=\"338\" frameborder=\"0\" marginwidth=\"0\" marginheight=\"0\" scrolling=\"no\"><\/iframe><\/p>\n<\/div>\n<\/div>\n","protected":false},"excerpt":{"rendered":"<p>El asesinato de Fernando Villavicencio desnud\u00f3 la realidad de las mafias en Ecuador y la necesidad de continuar con el legado de este valiente investigador y pol\u00edtico. Las balas que segaron la vida de Fernando Villavicencio, candidato presidencial, apasionado periodista de investigaci\u00f3n y padre de familia amoroso, no lograron asesinar sus ideas ni la siembra de valent\u00eda y verdad que logr\u00f3 forjar a lo largo de sus 59 a\u00f1os de vida. M\u00e1s bien fueron la cruda confirmaci\u00f3n de lo que \u00e9l hab\u00eda denunciado por m\u00e1s de 15 a\u00f1os. Ese 9 de agosto, el pa\u00eds y el mundo constataron horrorizados la verdadera cara de las mafias y su poder. Los sicarios hicieron lo impensable en un pa\u00eds como Ecuador: mataron a un candidato presidencial, en la capital de la Rep\u00fablica, haciendo gala de crueldad y desnudando las falencias de la instituci\u00f3n policial, encargada de su seguridad. Sin embargo, el atroz asesinato de Fernando, tambi\u00e9n ha colocado bajo los reflectores el origen del problema: el pulpo de narcotr\u00e1fico, la corrupci\u00f3n y la impunidad, que se ven\u00eda agigantando sistem\u00e1tica y premeditadamente frente a las narices de gobiernos autonombrados de \u201cmanos limpias\u201d. As\u00ed este crimen tambi\u00e9n se convirti\u00f3 en una l\u00ednea roja de clara advertencia: ahora m\u00e1s que nunca la encrucijada es la Patria o la mafia. Ya no se puede ceder m\u00e1s espacio o no habr\u00e1 vuelta atr\u00e1s. Fernando con su capacidad visionaria, lo ten\u00eda claro: \u201cLo peor que pueden hacer es matarme, pero ese d\u00eda se dar\u00e1n un tiro en el pie\u201d, hab\u00eda dicho. Esas balas no lograron matarlo, lo hicieron eterno. \u201cFernando iba a ganar la Presidencia y por eso lo mataron\u201d, asegur\u00f3 hace pocos d\u00edas Cristian Zurita, su mejor amigo, compa\u00f1ero investigador y quien fuera su sucesor para la lid electoral. Pero Fernando ya hab\u00eda ganado, porque logr\u00f3 desmantelar parte de esa corrupci\u00f3n con sus investigaciones period\u00edsticas como Arroz Verde (Caso Sobornos), la trama de Odebrecht, los sobreprecios en la fallida repotenciaci\u00f3n de la Refiner\u00eda de Esmeraldas, las obras chinas mal hechas\u2026 Y con ello condenar a los responsables a la c\u00e1rcel o a huir en calidad de pr\u00f3fugos. #EleccionesEcuador2023 | Fernando Villavicencio y sus 260 investigaciones en contra de Rafael Correa y otros gobernantes. \u27a4https:\/\/t.co\/8pDBLLL3pF pic.twitter.com\/jrHfHLPXlz &mdash; El Universo (@eluniversocom) August 7, 2023 \u00bfQui\u00e9n mand\u00f3 a matar a Fernando Villavicencio? Los autores intelectuales siguen en las sombras. En cambio, los gatilleros a quienes se los identific\u00f3 y apres\u00f3 \u2013 gracias a los registros que dejaron en c\u00e1maras, desde el Coliseo del Colegio Anderson hasta la zona oriental del valle en Quito- se han acogido al silencio. Sin embargo, existen elementos suficientes -como la informaci\u00f3n de sus tel\u00e9fonos y sus contactos en Colombia- para armar algunas hip\u00f3tesis. Al momento existen se\u00f1ales de que la herm\u00e9tica investigaci\u00f3n del FBI podr\u00eda dar certezas. Se espera conocer los detalles en los pr\u00f3ximos d\u00edas. En todo caso, lo que s\u00ed se conoce es que Fernando Valiente puso a temblar a muchos, quienes seguramente pensaron que si siendo un periodista coart\u00f3 la fiesta de varios corruptos, \u00e9l frente al Gobierno significar\u00eda un enemigo invencible. Es que con sus denuncias apunt\u00f3 a todo aquel envuelto en la estructura de corrupci\u00f3n, de los sobornos, especialmente en los sectores petrolero, minero, de telecomunicaciones y de la clase pol\u00edtica que se asoci\u00f3 al narcotr\u00e1fico. https:\/\/twitter.com\/revistavistazo\/status\/1690398247704031232 As\u00ed, una foto de \u201cLos Tetas\u201d, como los bautiz\u00f3 la picard\u00eda popular, en la piscina de Miami fue una de las que m\u00e1s incomod\u00f3 a sus participantes, tanto o m\u00e1s que la advertencia que hiciera Fernando sobre los posibles v\u00ednculos del narcotr\u00e1fico con pol\u00edticos de la Revoluci\u00f3n Ciudadana. https:\/\/twitter.com\/VillaFernando_\/status\/1567928652830064641 Una de las \u00faltimas referencias sobre este tema, fue en relaci\u00f3n al rol que jug\u00f3 Raisa Vulgar\u00edn dentro del entramado de corrupci\u00f3n que se destap\u00f3 por el financiamiento del narcotr\u00e1fico en la campa\u00f1a del presidente colombiano Gustavo Petro, a trav\u00e9s de su hijo Nicol\u00e1s. #Urgente \u00bfQui\u00e9n es Raisa Vulgar\u00edn? Novia del primo de Nicol\u00e1s Petro, pol\u00edtica ecuatoriana, se\u00f1alada de apoyar a Gustavo Petro a la presidencia https:\/\/t.co\/5v5iie3JNb &mdash; Fernando Villavicencio (@VillaFernando_) July 30, 2023 \u00abEn Ecuador no falta dinero, sobran ladrones\u00bb \u00c9l lo explicaba sin tapujos a sus colegas de oficio, en los medios de comunicaci\u00f3n, con el convencimiento de la importancia de la libertad de expresi\u00f3n y sabiendo que as\u00ed ampliaba su mensaje de manera exponencial. Relataba frontalmente\u00a0 por ejemplo, que el narcotr\u00e1fico se instal\u00f3 en el Estado y contamin\u00f3 sus sistema sangu\u00edneo desde el 2007, cuando el gobierno de ese entonces ten\u00eda como consigna y acuerdo sacar la Base de Manta, pues esta era el instrumento de combate conjunto con EEUU contra este mal. Con una memoria infalible, Villavicencio ataba cuidadosamente los cabos y hab\u00eda mapeado las rutas de los dineros en las que se entremezclaban nombres y apellidos: Jorge Glas, Ronny Aleaga, Leandro Norero, Xavier Jord\u00e1n y una serie de abogados que defienden a narcotraficantes. Denunci\u00f3 que solo en las elecciones seccionales hubo 24 candidatos relacionados al narcotr\u00e1fico, en su mayor\u00eda correistas. Hab\u00eda asegurado que el pa\u00eds fue tomado por las mafias del narcotr\u00e1fico tanto de M\u00e9xico, Colombia y la albanesa. Uno de sus planes inmediatos era la militarizaci\u00f3n de los 10 puertos por donde, aseguraba, sale la droga. https:\/\/twitter.com\/VillaFernando_\/status\/1653343800905945089 Planteaba construir una c\u00e1rcel de m\u00e1xima seguridad para que los capos del narco en Ecuador queden totalmente recluidos, sin opci\u00f3n de seguir ordenando desde la c\u00e1rcel. Iba a fortalecer a la Unidad de An\u00e1lisis Financiero y Econ\u00f3mico (UAFE) para examinar a los delincuentes de cuello blanco, l\u00e9ase pol\u00edticos y jueces presuntamente involucrados en enriquecimiento il\u00edcito, a trav\u00e9s de la industria del soborno. Propon\u00eda renegociar los contratos petroleros y su \u00faltima denuncia ante la Fiscal\u00eda involucr\u00f3 el perjuicio econ\u00f3mico que presuntamente hab\u00eda causado la empresa Schlumberger, en complot con funcionarios del corre\u00edsmo, al fijar de manera antit\u00e9cnica tarifas que afectaban las arcas fiscales. https:\/\/twitter.com\/notimundoec\/status\/1689054212280233984 Durante la campa\u00f1a tambi\u00e9n record\u00f3 el cap\u00edtulo de los presuntos nexos entre dineros de Odebrecht transferidos a Glory International que terminaron en cuentas de las empresas de Tomislav y Jan Topic. https:\/\/twitter.com\/Feramosa\/status\/1691209836480876544 Todo ello, convencido de que a<\/p>\n","protected":false},"author":1,"featured_media":11395,"comment_status":"open","ping_status":"open","sticky":false,"template":"","format":"standard","meta":{"footnotes":""},"categories":[268],"tags":[],"class_list":["post-11394","post","type-post","status-publish","format-standard","has-post-thumbnail","hentry","category-nacionales"],"_links":{"self":[{"href":"https:\/\/www.elamazonico.com\/portal\/wp-json\/wp\/v2\/posts\/11394","targetHints":{"allow":["GET"]}}],"collection":[{"href":"https:\/\/www.elamazonico.com\/portal\/wp-json\/wp\/v2\/posts"}],"about":[{"href":"https:\/\/www.elamazonico.com\/portal\/wp-json\/wp\/v2\/types\/post"}],"author":[{"embeddable":true,"href":"https:\/\/www.elamazonico.com\/portal\/wp-json\/wp\/v2\/users\/1"}],"replies":[{"embeddable":true,"href":"https:\/\/www.elamazonico.com\/portal\/wp-json\/wp\/v2\/comments?post=11394"}],"version-history":[{"count":1,"href":"https:\/\/www.elamazonico.com\/portal\/wp-json\/wp\/v2\/posts\/11394\/revisions"}],"predecessor-version":[{"id":11400,"href":"https:\/\/www.elamazonico.com\/portal\/wp-json\/wp\/v2\/posts\/11394\/revisions\/11400"}],"wp:featuredmedia":[{"embeddable":true,"href":"https:\/\/www.elamazonico.com\/portal\/wp-json\/wp\/v2\/media\/11395"}],"wp:attachment":[{"href":"https:\/\/www.elamazonico.com\/portal\/wp-json\/wp\/v2\/media?parent=11394"}],"wp:term":[{"taxonomy":"category","embeddable":true,"href":"https:\/\/www.elamazonico.com\/portal\/wp-json\/wp\/v2\/categories?post=11394"},{"taxonomy":"post_tag","embeddable":true,"href":"https:\/\/www.elamazonico.com\/portal\/wp-json\/wp\/v2\/tags?post=11394"}],"curies":[{"name":"wp","href":"https:\/\/api.w.org\/{rel}","templated":true}]}}