{"id":11358,"date":"2023-09-07T07:57:25","date_gmt":"2023-09-07T12:57:25","guid":{"rendered":"https:\/\/www.elamazonico.com\/portal\/?p=11358"},"modified":"2023-09-07T07:57:25","modified_gmt":"2023-09-07T12:57:25","slug":"ruth-del-salto-moderara-el-debate-presidencial-de-segunda-vuelta","status":"publish","type":"post","link":"https:\/\/www.elamazonico.com\/portal\/ruth-del-salto-moderara-el-debate-presidencial-de-segunda-vuelta\/","title":{"rendered":"Ruth del Salto moderar\u00e1 el debate presidencial de segunda vuelta"},"content":{"rendered":"<p>El Pleno del Consejo Nacional Electoral (CNE), este mi\u00e9rcoles 6 de septiembre, por unanimidad design\u00f3 a la periodista ecuatoriana Ruth del Salto como moderadora del debate presidencial obligatorio 2023, correspondiente a la segunda vuelta, de las elecciones anticipadas.<\/p>\n<p>En este se presentar\u00e1n Luisa Gonz\u00e1lez, de Revoluci\u00f3n Ciudadana, y Daniel Noboa, de ADN.<\/p>\n<p>La designaci\u00f3n se aprob\u00f3 con base en la terna de profesionales remitida por el Comit\u00e9 Nacional de Debates.<\/p>\n<p>Ruth del Salto es periodista de profesi\u00f3n con m\u00e1s de 22 a\u00f1os de experiencia, cuenta con una amplia trayectoria en el \u00e1mbito de la comunicaci\u00f3n, donde se ha desempe\u00f1ado como reportera, columnista y directora de medios nacionales e internacionales.<\/p>\n<p>Ecuador Debate 2023 se desarrollar\u00e1 el 1 de octubre con el objetivo de promover el voto informado.<strong> Fuente: Ecuador en vivo<\/strong><\/p>\n","protected":false},"excerpt":{"rendered":"<p>El Pleno del Consejo Nacional Electoral (CNE), este mi\u00e9rcoles 6 de septiembre, por unanimidad design\u00f3 a la periodista ecuatoriana Ruth del Salto como moderadora del debate presidencial obligatorio 2023, correspondiente a la segunda vuelta, de las elecciones anticipadas. En este se presentar\u00e1n Luisa Gonz\u00e1lez, de Revoluci\u00f3n Ciudadana, y Daniel Noboa, de ADN. La designaci\u00f3n se aprob\u00f3 con base en la terna de profesionales remitida por el Comit\u00e9 Nacional de Debates. Ruth del Salto es periodista de profesi\u00f3n con m\u00e1s de 22 a\u00f1os de experiencia, cuenta con una amplia trayectoria en el \u00e1mbito de la comunicaci\u00f3n, donde se ha desempe\u00f1ado como reportera, columnista y directora de medios nacionales e internacionales. Ecuador Debate 2023 se desarrollar\u00e1 el 1 de octubre con el objetivo de promover el voto informado. Fuente: Ecuador en vivo<\/p>\n","protected":false},"author":1,"featured_media":11359,"comment_status":"open","ping_status":"open","sticky":false,"template":"","format":"standard","meta":{"footnotes":""},"categories":[268],"tags":[],"class_list":["post-11358","post","type-post","status-publish","format-standard","has-post-thumbnail","hentry","category-nacionales"],"_links":{"self":[{"href":"https:\/\/www.elamazonico.com\/portal\/wp-json\/wp\/v2\/posts\/11358","targetHints":{"allow":["GET"]}}],"collection":[{"href":"https:\/\/www.elamazonico.com\/portal\/wp-json\/wp\/v2\/posts"}],"about":[{"href":"https:\/\/www.elamazonico.com\/portal\/wp-json\/wp\/v2\/types\/post"}],"author":[{"embeddable":true,"href":"https:\/\/www.elamazonico.com\/portal\/wp-json\/wp\/v2\/users\/1"}],"replies":[{"embeddable":true,"href":"https:\/\/www.elamazonico.com\/portal\/wp-json\/wp\/v2\/comments?post=11358"}],"version-history":[{"count":1,"href":"https:\/\/www.elamazonico.com\/portal\/wp-json\/wp\/v2\/posts\/11358\/revisions"}],"predecessor-version":[{"id":11360,"href":"https:\/\/www.elamazonico.com\/portal\/wp-json\/wp\/v2\/posts\/11358\/revisions\/11360"}],"wp:featuredmedia":[{"embeddable":true,"href":"https:\/\/www.elamazonico.com\/portal\/wp-json\/wp\/v2\/media\/11359"}],"wp:attachment":[{"href":"https:\/\/www.elamazonico.com\/portal\/wp-json\/wp\/v2\/media?parent=11358"}],"wp:term":[{"taxonomy":"category","embeddable":true,"href":"https:\/\/www.elamazonico.com\/portal\/wp-json\/wp\/v2\/categories?post=11358"},{"taxonomy":"post_tag","embeddable":true,"href":"https:\/\/www.elamazonico.com\/portal\/wp-json\/wp\/v2\/tags?post=11358"}],"curies":[{"name":"wp","href":"https:\/\/api.w.org\/{rel}","templated":true}]}}