{"id":11348,"date":"2023-09-06T12:29:51","date_gmt":"2023-09-06T17:29:51","guid":{"rendered":"https:\/\/www.elamazonico.com\/portal\/?p=11348"},"modified":"2023-09-06T12:31:17","modified_gmt":"2023-09-06T17:31:17","slug":"asi-fue-la-vez-que-ecuador-le-gano-a-argentina-en-buenos-aires","status":"publish","type":"post","link":"https:\/\/www.elamazonico.com\/portal\/asi-fue-la-vez-que-ecuador-le-gano-a-argentina-en-buenos-aires\/","title":{"rendered":"As\u00ed fue la vez que Ecuador le gan\u00f3 a Argentina en Buenos Aires"},"content":{"rendered":"<p>Fue una noche fr\u00eda en Buenos Aires. Pero eso no impidi\u00f3 que unos 400 hinchas de Ecuador lleguen con varias horas de anticipaci\u00f3n al estadio Monumental, que no se llen\u00f3.<\/p>\n<p>En varios tramos del partido, los aficionados tricolores se hicieron sentir con barras como \u201cvamos, ecuatorianos, que esta noche, tenemos que ganar\u201d, o el tradicional \u201cs\u00ed se puede\u201d.<\/p>\n<p>Ese aliento se traslad\u00f3 a la cancha. Los jugadores lo sintieron y lo tomaron de la mejor manera. Sab\u00edan que al frente hab\u00eda un rival duro, pero Ecuador estaba para hacer historia. Y no defraud\u00f3.<\/p>\n<p>El equipo, en ese entonces dirigido por Gustavo Quinteros, exhibi\u00f3 personalidad, entrega y coraje. Acompa\u00f1ado, por su puesto, por un buen nivel futbol\u00edstico en cada una de las l\u00edneas.<\/p>\n<p>Antonio Valencia fue el m\u00e1s desequilibrante de Ecuador. Los volvi\u00f3 -literalmente- locos a Emmanuel M\u00e1s, Javier Pastore y Ezequiel Lavezzi, que sufrieron los cambios de ritmo y la verticalidad del lateral.<\/p>\n<p><iframe title=\"Eliminatorias Rusia 2018 - 2do gol de Ecuador vs Argentina - 08-10-15\" width=\"740\" height=\"416\" src=\"https:\/\/www.youtube.com\/embed\/lrjymzqFcLo?feature=oembed\" frameborder=\"0\" allow=\"accelerometer; autoplay; clipboard-write; encrypted-media; gyroscope; picture-in-picture; web-share\" referrerpolicy=\"strict-origin-when-cross-origin\" allowfullscreen><\/iframe><\/p>\n<p>Las principales virtudes de la Tri fueron la presi\u00f3n alta, r\u00e1pida recuperaci\u00f3n de pelota tras p\u00e9rdida y las transiciones de defensa a ataque.<\/p>\n<p>Ecuador tambi\u00e9n se repleg\u00f3 con orden en su campo y apost\u00f3 por el contragolpe. De esa forma encontr\u00f3 espacios y le pas\u00f3 por encima a Argentina, que no tuvo a Lionel Messi y perdi\u00f3 a Sergio Ag\u00fcero (a los 20\u2032) por lesi\u00f3n.<\/p>\n<p>As\u00ed, la Tricolor le gan\u00f3 0-2 a la \u2018albiceleste\u2018, con goles de Frikson Erazo y Felipe Caicedo, y silenci\u00f3 el estadio Monumental de Buenos Aires.<\/p>\n<p>El partido cerr\u00f3 la primera fecha de las Eliminatorias sudamericanas al Mundial de Rusia 2018.<\/p>\n<p>Ahora, ecuatorianos y argentinos se volver\u00e1n a ver las caras -tambi\u00e9n por la Fecha 1- en las Eliminatorias al Mundial de 2026. El partido se jugar\u00e1 el ma\u00f1ana jueves 7 de septiembre, desde las 21:00 (hora local). <strong>Fuente: Primicias<\/strong><\/p>\n","protected":false},"excerpt":{"rendered":"<p>Fue una noche fr\u00eda en Buenos Aires. Pero eso no impidi\u00f3 que unos 400 hinchas de Ecuador lleguen con varias horas de anticipaci\u00f3n al estadio Monumental, que no se llen\u00f3. En varios tramos del partido, los aficionados tricolores se hicieron sentir con barras como \u201cvamos, ecuatorianos, que esta noche, tenemos que ganar\u201d, o el tradicional \u201cs\u00ed se puede\u201d. Ese aliento se traslad\u00f3 a la cancha. Los jugadores lo sintieron y lo tomaron de la mejor manera. Sab\u00edan que al frente hab\u00eda un rival duro, pero Ecuador estaba para hacer historia. Y no defraud\u00f3. El equipo, en ese entonces dirigido por Gustavo Quinteros, exhibi\u00f3 personalidad, entrega y coraje. Acompa\u00f1ado, por su puesto, por un buen nivel futbol\u00edstico en cada una de las l\u00edneas. Antonio Valencia fue el m\u00e1s desequilibrante de Ecuador. Los volvi\u00f3 -literalmente- locos a Emmanuel M\u00e1s, Javier Pastore y Ezequiel Lavezzi, que sufrieron los cambios de ritmo y la verticalidad del lateral. Las principales virtudes de la Tri fueron la presi\u00f3n alta, r\u00e1pida recuperaci\u00f3n de pelota tras p\u00e9rdida y las transiciones de defensa a ataque. Ecuador tambi\u00e9n se repleg\u00f3 con orden en su campo y apost\u00f3 por el contragolpe. De esa forma encontr\u00f3 espacios y le pas\u00f3 por encima a Argentina, que no tuvo a Lionel Messi y perdi\u00f3 a Sergio Ag\u00fcero (a los 20\u2032) por lesi\u00f3n. As\u00ed, la Tricolor le gan\u00f3 0-2 a la \u2018albiceleste\u2018, con goles de Frikson Erazo y Felipe Caicedo, y silenci\u00f3 el estadio Monumental de Buenos Aires. El partido cerr\u00f3 la primera fecha de las Eliminatorias sudamericanas al Mundial de Rusia 2018. Ahora, ecuatorianos y argentinos se volver\u00e1n a ver las caras -tambi\u00e9n por la Fecha 1- en las Eliminatorias al Mundial de 2026. El partido se jugar\u00e1 el ma\u00f1ana jueves 7 de septiembre, desde las 21:00 (hora local). Fuente: Primicias<\/p>\n","protected":false},"author":1,"featured_media":11349,"comment_status":"open","ping_status":"open","sticky":false,"template":"","format":"standard","meta":{"footnotes":""},"categories":[6],"tags":[],"class_list":["post-11348","post","type-post","status-publish","format-standard","has-post-thumbnail","hentry","category-deportes"],"_links":{"self":[{"href":"https:\/\/www.elamazonico.com\/portal\/wp-json\/wp\/v2\/posts\/11348","targetHints":{"allow":["GET"]}}],"collection":[{"href":"https:\/\/www.elamazonico.com\/portal\/wp-json\/wp\/v2\/posts"}],"about":[{"href":"https:\/\/www.elamazonico.com\/portal\/wp-json\/wp\/v2\/types\/post"}],"author":[{"embeddable":true,"href":"https:\/\/www.elamazonico.com\/portal\/wp-json\/wp\/v2\/users\/1"}],"replies":[{"embeddable":true,"href":"https:\/\/www.elamazonico.com\/portal\/wp-json\/wp\/v2\/comments?post=11348"}],"version-history":[{"count":1,"href":"https:\/\/www.elamazonico.com\/portal\/wp-json\/wp\/v2\/posts\/11348\/revisions"}],"predecessor-version":[{"id":11350,"href":"https:\/\/www.elamazonico.com\/portal\/wp-json\/wp\/v2\/posts\/11348\/revisions\/11350"}],"wp:featuredmedia":[{"embeddable":true,"href":"https:\/\/www.elamazonico.com\/portal\/wp-json\/wp\/v2\/media\/11349"}],"wp:attachment":[{"href":"https:\/\/www.elamazonico.com\/portal\/wp-json\/wp\/v2\/media?parent=11348"}],"wp:term":[{"taxonomy":"category","embeddable":true,"href":"https:\/\/www.elamazonico.com\/portal\/wp-json\/wp\/v2\/categories?post=11348"},{"taxonomy":"post_tag","embeddable":true,"href":"https:\/\/www.elamazonico.com\/portal\/wp-json\/wp\/v2\/tags?post=11348"}],"curies":[{"name":"wp","href":"https:\/\/api.w.org\/{rel}","templated":true}]}}