{"id":11342,"date":"2023-09-06T11:45:55","date_gmt":"2023-09-06T16:45:55","guid":{"rendered":"https:\/\/www.elamazonico.com\/portal\/?p=11342"},"modified":"2023-09-06T11:45:55","modified_gmt":"2023-09-06T16:45:55","slug":"se-pedira-el-pasado-judicial-a-los-extranjeros-a-ecuador-llegan-muchos-delincuentes-asegura-juan-zapata","status":"publish","type":"post","link":"https:\/\/www.elamazonico.com\/portal\/se-pedira-el-pasado-judicial-a-los-extranjeros-a-ecuador-llegan-muchos-delincuentes-asegura-juan-zapata\/","title":{"rendered":"\u00bfSe pedir\u00e1 el pasado judicial a los extranjeros? \u00abA Ecuador llegan muchos delincuentes\u00bb, asegura Juan Zapata"},"content":{"rendered":"<p class=\"p_0\">Apenas la nueva Asamblea Nacional sea posesionada, se entregar\u00e1 un proyecto de reforma a la Ley de Movilidad Humana, para que se permita exigir el\u00a0<b>pasado judicial\u00a0<\/b>a los extranjeros que ingresen al Ecuador.<\/p>\n<p class=\"p_1\"><b>Juan Zapata<\/b>, ministro del Interior, inform\u00f3 que la cartera de Estado que dirige y la Canciller\u00eda trabajan en una reforma.<\/p>\n<p class=\"p_2\">\u00abEcuador es un pa\u00eds que abre las puertas a la\u00a0<b>migraci\u00f3n<\/b>\u00ab, resalt\u00f3 Zapata, al destacar que hay muchos migrantes que vienen a \u00abhacer patria y apoyar\u00bb.<\/p>\n<p class=\"p_3\">Sin embargo, el funcionario dijo que tambi\u00e9n \u00abvienen much\u00edsimos<b>\u00a0delincuentes<\/b>\u00a0de nacionalidades especialmente de pa\u00edses vecinos, y que operan en Ecuador; y tenemos las listas, pero lastimosamente, desde nuestra Constituci\u00f3n , nuestra ley de movilidad y libre tr\u00e1nsito, la norma nos impide solicitar eso (pasado judicial)\u00bb.<\/p>\n<p class=\"p_4\">En vista de aquello, el Ejecutivo ha dispuesto trabajar al Ministerio del Interior y la Canciller\u00eda para generar una reforma a la ley y presentarla el primer d\u00eda que la Asamblea se posesione.<\/p>\n<p class=\"p_6\">Sobre la situaci\u00f3n en otros pa\u00edses de la regi\u00f3n, Zapata se\u00f1al\u00f3 que:\u00a0<b>Per\u00fa<\/b>\u00a0va a proceder con la salida de extranjeros irregulares,\u00a0<b>Chile<\/b>\u00a0ha cerrado sus fronteras, y\u00a0<b>Colombia<\/b>\u00a0est\u00e1 haciendo lo mismo.<\/p>\n<p class=\"p_7\">\u201cLa nueva Asamblea debe trabajar en la\u00a0<b>reforma migratoria\u00a0<\/b>que estamos elaborando. Lastimosamente en los \u00faltimos golpes al crimen organizado se han capturado a extranjeros, por eso la importancia de solicitar el pasado judicial\u201d, ha argumentado el ministro, al calificar como \u00ab<b>demasiado garantista<\/b>\u00bb a la ley vigente.<\/p>\n<p class=\"p_8\"><b>Ecuador<\/b> sufre una violencia sin precedentes a causa del narcotr\u00e1fico y los grupos de delincuencia organizada. <strong>Fuente: Vistazo<\/strong><\/p>\n","protected":false},"excerpt":{"rendered":"<p>Apenas la nueva Asamblea Nacional sea posesionada, se entregar\u00e1 un proyecto de reforma a la Ley de Movilidad Humana, para que se permita exigir el\u00a0pasado judicial\u00a0a los extranjeros que ingresen al Ecuador. Juan Zapata, ministro del Interior, inform\u00f3 que la cartera de Estado que dirige y la Canciller\u00eda trabajan en una reforma. \u00abEcuador es un pa\u00eds que abre las puertas a la\u00a0migraci\u00f3n\u00ab, resalt\u00f3 Zapata, al destacar que hay muchos migrantes que vienen a \u00abhacer patria y apoyar\u00bb. Sin embargo, el funcionario dijo que tambi\u00e9n \u00abvienen much\u00edsimos\u00a0delincuentes\u00a0de nacionalidades especialmente de pa\u00edses vecinos, y que operan en Ecuador; y tenemos las listas, pero lastimosamente, desde nuestra Constituci\u00f3n , nuestra ley de movilidad y libre tr\u00e1nsito, la norma nos impide solicitar eso (pasado judicial)\u00bb. En vista de aquello, el Ejecutivo ha dispuesto trabajar al Ministerio del Interior y la Canciller\u00eda para generar una reforma a la ley y presentarla el primer d\u00eda que la Asamblea se posesione. Sobre la situaci\u00f3n en otros pa\u00edses de la regi\u00f3n, Zapata se\u00f1al\u00f3 que:\u00a0Per\u00fa\u00a0va a proceder con la salida de extranjeros irregulares,\u00a0Chile\u00a0ha cerrado sus fronteras, y\u00a0Colombia\u00a0est\u00e1 haciendo lo mismo. \u201cLa nueva Asamblea debe trabajar en la\u00a0reforma migratoria\u00a0que estamos elaborando. Lastimosamente en los \u00faltimos golpes al crimen organizado se han capturado a extranjeros, por eso la importancia de solicitar el pasado judicial\u201d, ha argumentado el ministro, al calificar como \u00abdemasiado garantista\u00bb a la ley vigente. Ecuador sufre una violencia sin precedentes a causa del narcotr\u00e1fico y los grupos de delincuencia organizada. Fuente: Vistazo<\/p>\n","protected":false},"author":1,"featured_media":11346,"comment_status":"open","ping_status":"open","sticky":false,"template":"","format":"standard","meta":{"footnotes":""},"categories":[268],"tags":[],"class_list":["post-11342","post","type-post","status-publish","format-standard","has-post-thumbnail","hentry","category-nacionales"],"_links":{"self":[{"href":"https:\/\/www.elamazonico.com\/portal\/wp-json\/wp\/v2\/posts\/11342","targetHints":{"allow":["GET"]}}],"collection":[{"href":"https:\/\/www.elamazonico.com\/portal\/wp-json\/wp\/v2\/posts"}],"about":[{"href":"https:\/\/www.elamazonico.com\/portal\/wp-json\/wp\/v2\/types\/post"}],"author":[{"embeddable":true,"href":"https:\/\/www.elamazonico.com\/portal\/wp-json\/wp\/v2\/users\/1"}],"replies":[{"embeddable":true,"href":"https:\/\/www.elamazonico.com\/portal\/wp-json\/wp\/v2\/comments?post=11342"}],"version-history":[{"count":1,"href":"https:\/\/www.elamazonico.com\/portal\/wp-json\/wp\/v2\/posts\/11342\/revisions"}],"predecessor-version":[{"id":11347,"href":"https:\/\/www.elamazonico.com\/portal\/wp-json\/wp\/v2\/posts\/11342\/revisions\/11347"}],"wp:featuredmedia":[{"embeddable":true,"href":"https:\/\/www.elamazonico.com\/portal\/wp-json\/wp\/v2\/media\/11346"}],"wp:attachment":[{"href":"https:\/\/www.elamazonico.com\/portal\/wp-json\/wp\/v2\/media?parent=11342"}],"wp:term":[{"taxonomy":"category","embeddable":true,"href":"https:\/\/www.elamazonico.com\/portal\/wp-json\/wp\/v2\/categories?post=11342"},{"taxonomy":"post_tag","embeddable":true,"href":"https:\/\/www.elamazonico.com\/portal\/wp-json\/wp\/v2\/tags?post=11342"}],"curies":[{"name":"wp","href":"https:\/\/api.w.org\/{rel}","templated":true}]}}