{"id":11098,"date":"2023-08-17T10:26:10","date_gmt":"2023-08-17T15:26:10","guid":{"rendered":"https:\/\/www.elamazonico.com\/portal\/?p=11098"},"modified":"2023-08-17T10:26:10","modified_gmt":"2023-08-17T15:26:10","slug":"patricio-carrillo-candidato-a-asambleista-creemos-que-los-anillos-de-seguridad-nunca-existieron","status":"publish","type":"post","link":"https:\/\/www.elamazonico.com\/portal\/patricio-carrillo-candidato-a-asambleista-creemos-que-los-anillos-de-seguridad-nunca-existieron\/","title":{"rendered":"Patricio Carrillo, candidato a asamble\u00edsta: \u201cCreemos que los anillos de seguridad nunca existieron\u201d"},"content":{"rendered":"<p><strong>Patricio Carrillo<\/strong>, candidato a asamble\u00edsta por el movimiento\u00a0<strong>Construye<\/strong>, fue enf\u00e1tico al manifestar que la\u00a0<strong>seguridad<\/strong>\u00a0a\u00a0<strong>Fernando Villavicencio<\/strong>, candidato a Presidente de la Rep\u00fablica, fall\u00f3. Lo dijo en entrevista a Ecuador TV, este jueves, 17 de agosto de 2023.<\/p>\n<p>\u201cCreemos que los anillos de seguridad nunca existieron. Nos preocupan algunas acciones que sucedieron, pero dejamos que la administraci\u00f3n de justicia la que en una investigaci\u00f3n seria le diga al Ecuador lo que sucedi\u00f3 y c\u00f3mo actuaron las instituciones con una persona que ten\u00eda el m\u00e1s alto riesgo del pa\u00eds\u201d, explic\u00f3 el candidato.<\/p>\n<p>Carrillo calific\u00f3 al asesinato de Villavicencio como\u00a0<strong>crimen pol\u00edtico<\/strong>, en el cual estuvo vinculado el\u00a0<strong>crimen organizado<\/strong>. \u201cNo creo que quede duda, los medios que utilizaron, la forma y el mensaje que mandaron a la poblaci\u00f3n ecuatoriana\u2026 Ecuador est\u00e1 perdiendo soberan\u00eda\u201d.<\/p>\n<p>El candidato a la Asamblea tambi\u00e9n record\u00f3 que Villavicencio realiz\u00f3 varias\u00a0<strong>denuncias<\/strong>\u00a0en contra cinco exlegisladores, contratos petroleros, campa\u00f1as financiadas ilegalmente en Colombia, Telconet y sus relaciones, Glas y caso sobornos, etc.<\/p>\n<p>Horas atr\u00e1s, el expresidente\u00a0<strong>Rafael Correa<\/strong>\u00a0se\u00f1al\u00f3 que el asesinato de Villavicencio \u201cbenefici\u00f3\u201d a otros candidatos y menciona que Mar\u00eda Paula Romo (exministra del Gobierno de Len\u00edn Moreno) y Carrillo estar\u00edan involucrados.<\/p>\n<p>Ante ello, el candidato coment\u00f3 que \u201csiempre demandamos transparencia y es la administraci\u00f3n de justicia la que tiene que hacer una investigaci\u00f3n que necesita el Ecuador. Lo que pueda decir un pr\u00f3fugo de la justicia, el \u00fanico expresidente sentenciado, no nos preocupa. Ha culpado a medio mundo. Creo que lo que el se\u00f1or necesita es un tratamiento psicol\u00f3gico\u201d.<\/p>\n<p><strong>\u00bfTomar\u00e1 acciones legales?<\/strong>\u00a0\u201cTenemos que esperar que la administraci\u00f3n de justicia act\u00fae con transparencia\u201d, destac\u00f3.<\/p>\n","protected":false},"excerpt":{"rendered":"<p>Patricio Carrillo, candidato a asamble\u00edsta por el movimiento\u00a0Construye, fue enf\u00e1tico al manifestar que la\u00a0seguridad\u00a0a\u00a0Fernando Villavicencio, candidato a Presidente de la Rep\u00fablica, fall\u00f3. Lo dijo en entrevista a Ecuador TV, este jueves, 17 de agosto de 2023. \u201cCreemos que los anillos de seguridad nunca existieron. Nos preocupan algunas acciones que sucedieron, pero dejamos que la administraci\u00f3n de justicia la que en una investigaci\u00f3n seria le diga al Ecuador lo que sucedi\u00f3 y c\u00f3mo actuaron las instituciones con una persona que ten\u00eda el m\u00e1s alto riesgo del pa\u00eds\u201d, explic\u00f3 el candidato. Carrillo calific\u00f3 al asesinato de Villavicencio como\u00a0crimen pol\u00edtico, en el cual estuvo vinculado el\u00a0crimen organizado. \u201cNo creo que quede duda, los medios que utilizaron, la forma y el mensaje que mandaron a la poblaci\u00f3n ecuatoriana\u2026 Ecuador est\u00e1 perdiendo soberan\u00eda\u201d. El candidato a la Asamblea tambi\u00e9n record\u00f3 que Villavicencio realiz\u00f3 varias\u00a0denuncias\u00a0en contra cinco exlegisladores, contratos petroleros, campa\u00f1as financiadas ilegalmente en Colombia, Telconet y sus relaciones, Glas y caso sobornos, etc. Horas atr\u00e1s, el expresidente\u00a0Rafael Correa\u00a0se\u00f1al\u00f3 que el asesinato de Villavicencio \u201cbenefici\u00f3\u201d a otros candidatos y menciona que Mar\u00eda Paula Romo (exministra del Gobierno de Len\u00edn Moreno) y Carrillo estar\u00edan involucrados. Ante ello, el candidato coment\u00f3 que \u201csiempre demandamos transparencia y es la administraci\u00f3n de justicia la que tiene que hacer una investigaci\u00f3n que necesita el Ecuador. Lo que pueda decir un pr\u00f3fugo de la justicia, el \u00fanico expresidente sentenciado, no nos preocupa. Ha culpado a medio mundo. Creo que lo que el se\u00f1or necesita es un tratamiento psicol\u00f3gico\u201d. \u00bfTomar\u00e1 acciones legales?\u00a0\u201cTenemos que esperar que la administraci\u00f3n de justicia act\u00fae con transparencia\u201d, destac\u00f3.<\/p>\n","protected":false},"author":1,"featured_media":11099,"comment_status":"open","ping_status":"open","sticky":false,"template":"","format":"standard","meta":{"footnotes":""},"categories":[268],"tags":[],"class_list":["post-11098","post","type-post","status-publish","format-standard","has-post-thumbnail","hentry","category-nacionales"],"_links":{"self":[{"href":"https:\/\/www.elamazonico.com\/portal\/wp-json\/wp\/v2\/posts\/11098","targetHints":{"allow":["GET"]}}],"collection":[{"href":"https:\/\/www.elamazonico.com\/portal\/wp-json\/wp\/v2\/posts"}],"about":[{"href":"https:\/\/www.elamazonico.com\/portal\/wp-json\/wp\/v2\/types\/post"}],"author":[{"embeddable":true,"href":"https:\/\/www.elamazonico.com\/portal\/wp-json\/wp\/v2\/users\/1"}],"replies":[{"embeddable":true,"href":"https:\/\/www.elamazonico.com\/portal\/wp-json\/wp\/v2\/comments?post=11098"}],"version-history":[{"count":1,"href":"https:\/\/www.elamazonico.com\/portal\/wp-json\/wp\/v2\/posts\/11098\/revisions"}],"predecessor-version":[{"id":11100,"href":"https:\/\/www.elamazonico.com\/portal\/wp-json\/wp\/v2\/posts\/11098\/revisions\/11100"}],"wp:featuredmedia":[{"embeddable":true,"href":"https:\/\/www.elamazonico.com\/portal\/wp-json\/wp\/v2\/media\/11099"}],"wp:attachment":[{"href":"https:\/\/www.elamazonico.com\/portal\/wp-json\/wp\/v2\/media?parent=11098"}],"wp:term":[{"taxonomy":"category","embeddable":true,"href":"https:\/\/www.elamazonico.com\/portal\/wp-json\/wp\/v2\/categories?post=11098"},{"taxonomy":"post_tag","embeddable":true,"href":"https:\/\/www.elamazonico.com\/portal\/wp-json\/wp\/v2\/tags?post=11098"}],"curies":[{"name":"wp","href":"https:\/\/api.w.org\/{rel}","templated":true}]}}