{"id":10880,"date":"2023-07-28T10:29:23","date_gmt":"2023-07-28T15:29:23","guid":{"rendered":"https:\/\/www.elamazonico.comportal\/?p=10880"},"modified":"2023-07-28T10:29:23","modified_gmt":"2023-07-28T15:29:23","slug":"ecuador-atraviesa-la-peor-crisis-de-seguridad-de-su-historia-afirma-experto","status":"publish","type":"post","link":"https:\/\/www.elamazonico.com\/portal\/ecuador-atraviesa-la-peor-crisis-de-seguridad-de-su-historia-afirma-experto\/","title":{"rendered":"Ecuador atraviesa \u00abla peor crisis de seguridad de su historia\u00bb, afirma experto"},"content":{"rendered":"<p class=\"tmzr-el\"><strong>Ecuador<\/strong>, que atraviesa \u00abla p<strong>eor crisis de seguridad\u00a0<\/strong>de su historia\u00bb, vivi\u00f3 esta semana un\u00a0<strong>nuevo cap\u00edtulo de violencia<\/strong>\u00a0con el asesinato de un popular alcalde y una nueva masacre carcelaria, en momentos en que la campa\u00f1a para las elecciones generales extraordinarias se centra en combatir la inseguridad.<\/p>\n<p class=\"tmzr-el\"><strong>As\u00ed lo advirti\u00f3\u00a0<\/strong>el mi\u00e9rcoles 26 de julio de 2023, el experto en Seguridad<strong>\u00a0Fernando Carri\u00f3n<\/strong>, al recordar que 2022 marc\u00f3 un r\u00e9cord con una tasa de\u00a0<strong>25 homicidios por cada 100.000 habitantes<\/strong>, pero la tendencia para este a\u00f1o puede llegar, e incluso superar, los 40 homicidios por cada 100.000 habitantes.<\/p>\n<p class=\"tmzr-el\">\u00abSeg\u00fan informaci\u00f3n internacional, la\u00a0<strong>tasa de crecimiento\u00a0<\/strong>de la<strong>\u00a0violencia de Ecuador<\/strong>\u00a0es la\u00a0<strong>m\u00e1s alta de Am\u00e9rica<\/strong>. Y eso har\u00eda que, al finalizar este a\u00f1o, Ecuador est\u00e9 localizado, probablemente, en el tercer lugar de los pa\u00edses m\u00e1s violentos de la regi\u00f3n\u00bb, indic\u00f3.<\/p>\n<p class=\"tmzr-el aBigClassNameToAvoidCollisionInText aBigClassNameToAvoidCollisionInText\">Esta semana fue<a href=\"https:\/\/www.elmercurio.com.ec\/2023\/07\/24\/capilla-ardiente-despiden-alcalde-agustin-intriago\/\" target=\"_blank\" rel=\"noreferrer noopener\">\u00a0asesinado\u00a0<\/a>el alcalde de Manta, Agust\u00edn Intriago, y el enfrentamiento entre bandas rivales en la Penitenciar\u00eda del Litoral, la c\u00e1rcel m\u00e1s grande y poblada del pa\u00eds, dej\u00f3 31 reos asesinados, de acuerdo a cifras preliminares de la Fiscal\u00eda que difieren de la Polic\u00eda, que habla del levantamiento de once cad\u00e1veres.<\/p>\n<p class=\"tmzr-el\">Carri\u00f3n opina que el aumento de la violencia tiene \u00abmucho que ver\u00bb con las campa\u00f1as electorales donde se exacerban las tensiones, pues ya en los comicios locales de febrero pasado fueron asesinados tres candidatos a alcaldes y otros siete sufrieron atentados.<\/p>\n","protected":false},"excerpt":{"rendered":"<p>Ecuador, que atraviesa \u00abla peor crisis de seguridad\u00a0de su historia\u00bb, vivi\u00f3 esta semana un\u00a0nuevo cap\u00edtulo de violencia\u00a0con el asesinato de un popular alcalde y una nueva masacre carcelaria, en momentos en que la campa\u00f1a para las elecciones generales extraordinarias se centra en combatir la inseguridad. As\u00ed lo advirti\u00f3\u00a0el mi\u00e9rcoles 26 de julio de 2023, el experto en Seguridad\u00a0Fernando Carri\u00f3n, al recordar que 2022 marc\u00f3 un r\u00e9cord con una tasa de\u00a025 homicidios por cada 100.000 habitantes, pero la tendencia para este a\u00f1o puede llegar, e incluso superar, los 40 homicidios por cada 100.000 habitantes. \u00abSeg\u00fan informaci\u00f3n internacional, la\u00a0tasa de crecimiento\u00a0de la\u00a0violencia de Ecuador\u00a0es la\u00a0m\u00e1s alta de Am\u00e9rica. Y eso har\u00eda que, al finalizar este a\u00f1o, Ecuador est\u00e9 localizado, probablemente, en el tercer lugar de los pa\u00edses m\u00e1s violentos de la regi\u00f3n\u00bb, indic\u00f3. Esta semana fue\u00a0asesinado\u00a0el alcalde de Manta, Agust\u00edn Intriago, y el enfrentamiento entre bandas rivales en la Penitenciar\u00eda del Litoral, la c\u00e1rcel m\u00e1s grande y poblada del pa\u00eds, dej\u00f3 31 reos asesinados, de acuerdo a cifras preliminares de la Fiscal\u00eda que difieren de la Polic\u00eda, que habla del levantamiento de once cad\u00e1veres. Carri\u00f3n opina que el aumento de la violencia tiene \u00abmucho que ver\u00bb con las campa\u00f1as electorales donde se exacerban las tensiones, pues ya en los comicios locales de febrero pasado fueron asesinados tres candidatos a alcaldes y otros siete sufrieron atentados.<\/p>\n","protected":false},"author":1,"featured_media":10882,"comment_status":"open","ping_status":"open","sticky":false,"template":"","format":"standard","meta":{"footnotes":""},"categories":[1],"tags":[],"class_list":["post-10880","post","type-post","status-publish","format-standard","has-post-thumbnail","hentry","category-uncategorized"],"_links":{"self":[{"href":"https:\/\/www.elamazonico.com\/portal\/wp-json\/wp\/v2\/posts\/10880","targetHints":{"allow":["GET"]}}],"collection":[{"href":"https:\/\/www.elamazonico.com\/portal\/wp-json\/wp\/v2\/posts"}],"about":[{"href":"https:\/\/www.elamazonico.com\/portal\/wp-json\/wp\/v2\/types\/post"}],"author":[{"embeddable":true,"href":"https:\/\/www.elamazonico.com\/portal\/wp-json\/wp\/v2\/users\/1"}],"replies":[{"embeddable":true,"href":"https:\/\/www.elamazonico.com\/portal\/wp-json\/wp\/v2\/comments?post=10880"}],"version-history":[{"count":1,"href":"https:\/\/www.elamazonico.com\/portal\/wp-json\/wp\/v2\/posts\/10880\/revisions"}],"predecessor-version":[{"id":10883,"href":"https:\/\/www.elamazonico.com\/portal\/wp-json\/wp\/v2\/posts\/10880\/revisions\/10883"}],"wp:featuredmedia":[{"embeddable":true,"href":"https:\/\/www.elamazonico.com\/portal\/wp-json\/wp\/v2\/media\/10882"}],"wp:attachment":[{"href":"https:\/\/www.elamazonico.com\/portal\/wp-json\/wp\/v2\/media?parent=10880"}],"wp:term":[{"taxonomy":"category","embeddable":true,"href":"https:\/\/www.elamazonico.com\/portal\/wp-json\/wp\/v2\/categories?post=10880"},{"taxonomy":"post_tag","embeddable":true,"href":"https:\/\/www.elamazonico.com\/portal\/wp-json\/wp\/v2\/tags?post=10880"}],"curies":[{"name":"wp","href":"https:\/\/api.w.org\/{rel}","templated":true}]}}