{"id":10611,"date":"2023-07-04T12:08:50","date_gmt":"2023-07-04T17:08:50","guid":{"rendered":"https:\/\/www.elamazonico.comportal\/?p=10611"},"modified":"2023-07-04T12:08:50","modified_gmt":"2023-07-04T17:08:50","slug":"jhonatan-narvaez-se-consolida-como-lider-del-tour-de-austria","status":"publish","type":"post","link":"https:\/\/www.elamazonico.com\/portal\/jhonatan-narvaez-se-consolida-como-lider-del-tour-de-austria\/","title":{"rendered":"Jhonatan Narv\u00e1ez se consolida como l\u00edder del Tour de Austria"},"content":{"rendered":"<p class=\"tmzr-el\">El ciclista ecuatoriano Jhonatan Narv\u00e1ez gan\u00f3 este martes 4 de julio de 2023, la tercera etapa del Tour de Austria y se consolida como l\u00edder de la competencia con 28 segundos de ventaja, por delante del colombiano Jes\u00fas David Pe\u00f1a.<\/p>\n<p class=\"tmzr-el aBigClassNameToAvoidCollisionInText aBigClassNameToAvoidCollisionInText\">Narv\u00e1ez cruz\u00f3 la meta con un tiempo de 03:54:26 horas en una jornada caracterizada por el final en cuesta entre los nevados de\u00a0<strong>Sillian y St. Johann Alpendor<\/strong>f, con un recorrido de 148,5 km.<\/p>\n<p class=\"tmzr-el\">El \u2018Lagarto\u2019 de Sucumb\u00edos, miembro del Ineos Grenadiers, suma una victoria consecutiva despu\u00e9s de que el lunes ganara la segunda etapa de la competencia que finalizar\u00e1 el pr\u00f3ximo 6 de julio.<\/p>\n<h2 id=\"h-clasificaciones\" class=\"wp-block-heading\">Clasificaciones<\/h2>\n<figure class=\"wp-block-image size-full\"><img fetchpriority=\"high\" decoding=\"async\" class=\"wp-image-1033308 td-animation-stack-type0-2\" src=\"https:\/\/produccionmercurio.s3.amazonaws.com\/wp-media-folder-diario-el-mercurio\/wp-content\/uploads\/2023\/07\/Tour-de-Austria.png\" sizes=\"(max-width: 843px) 100vw, 843px\" srcset=\"https:\/\/produccionmercurio.s3.amazonaws.com\/wp-media-folder-diario-el-mercurio\/wp-content\/uploads\/2023\/07\/Tour-de-Austria.png 843w, https:\/\/produccionmercurio.s3.amazonaws.com\/wp-media-folder-diario-el-mercurio\/wp-content\/uploads\/2023\/07\/Tour-de-Austria-300x265.png 300w, https:\/\/produccionmercurio.s3.amazonaws.com\/wp-media-folder-diario-el-mercurio\/wp-content\/uploads\/2023\/07\/Tour-de-Austria-768x680.png 768w, https:\/\/produccionmercurio.s3.amazonaws.com\/wp-media-folder-diario-el-mercurio\/wp-content\/uploads\/2023\/07\/Tour-de-Austria-696x616.png 696w, https:\/\/produccionmercurio.s3.amazonaws.com\/wp-media-folder-diario-el-mercurio\/wp-content\/uploads\/2023\/07\/Tour-de-Austria-475x420.png 475w\" alt=\"\" width=\"843\" height=\"746\" \/><\/figure>\n<p class=\"tmzr-el\">Este mi\u00e9rcoles se correr\u00e1 la cuarta etapa del Tour, sobre un trazado de 197 kil\u00f3metros.<\/p>\n","protected":false},"excerpt":{"rendered":"<p>El ciclista ecuatoriano Jhonatan Narv\u00e1ez gan\u00f3 este martes 4 de julio de 2023, la tercera etapa del Tour de Austria y se consolida como l\u00edder de la competencia con 28 segundos de ventaja, por delante del colombiano Jes\u00fas David Pe\u00f1a. Narv\u00e1ez cruz\u00f3 la meta con un tiempo de 03:54:26 horas en una jornada caracterizada por el final en cuesta entre los nevados de\u00a0Sillian y St. Johann Alpendorf, con un recorrido de 148,5 km. El \u2018Lagarto\u2019 de Sucumb\u00edos, miembro del Ineos Grenadiers, suma una victoria consecutiva despu\u00e9s de que el lunes ganara la segunda etapa de la competencia que finalizar\u00e1 el pr\u00f3ximo 6 de julio. Clasificaciones Este mi\u00e9rcoles se correr\u00e1 la cuarta etapa del Tour, sobre un trazado de 197 kil\u00f3metros.<\/p>\n","protected":false},"author":1,"featured_media":10612,"comment_status":"open","ping_status":"open","sticky":false,"template":"","format":"standard","meta":{"footnotes":""},"categories":[6],"tags":[],"class_list":["post-10611","post","type-post","status-publish","format-standard","has-post-thumbnail","hentry","category-deportes"],"_links":{"self":[{"href":"https:\/\/www.elamazonico.com\/portal\/wp-json\/wp\/v2\/posts\/10611","targetHints":{"allow":["GET"]}}],"collection":[{"href":"https:\/\/www.elamazonico.com\/portal\/wp-json\/wp\/v2\/posts"}],"about":[{"href":"https:\/\/www.elamazonico.com\/portal\/wp-json\/wp\/v2\/types\/post"}],"author":[{"embeddable":true,"href":"https:\/\/www.elamazonico.com\/portal\/wp-json\/wp\/v2\/users\/1"}],"replies":[{"embeddable":true,"href":"https:\/\/www.elamazonico.com\/portal\/wp-json\/wp\/v2\/comments?post=10611"}],"version-history":[{"count":1,"href":"https:\/\/www.elamazonico.com\/portal\/wp-json\/wp\/v2\/posts\/10611\/revisions"}],"predecessor-version":[{"id":10613,"href":"https:\/\/www.elamazonico.com\/portal\/wp-json\/wp\/v2\/posts\/10611\/revisions\/10613"}],"wp:featuredmedia":[{"embeddable":true,"href":"https:\/\/www.elamazonico.com\/portal\/wp-json\/wp\/v2\/media\/10612"}],"wp:attachment":[{"href":"https:\/\/www.elamazonico.com\/portal\/wp-json\/wp\/v2\/media?parent=10611"}],"wp:term":[{"taxonomy":"category","embeddable":true,"href":"https:\/\/www.elamazonico.com\/portal\/wp-json\/wp\/v2\/categories?post=10611"},{"taxonomy":"post_tag","embeddable":true,"href":"https:\/\/www.elamazonico.com\/portal\/wp-json\/wp\/v2\/tags?post=10611"}],"curies":[{"name":"wp","href":"https:\/\/api.w.org\/{rel}","templated":true}]}}