{"id":10533,"date":"2023-06-27T11:40:52","date_gmt":"2023-06-27T16:40:52","guid":{"rendered":"https:\/\/www.elamazonico.comportal\/?p=10533"},"modified":"2023-06-27T11:40:52","modified_gmt":"2023-06-27T16:40:52","slug":"daniel-noboa-plantea-dar-impulso-al-empleo-joven","status":"publish","type":"post","link":"https:\/\/www.elamazonico.com\/portal\/daniel-noboa-plantea-dar-impulso-al-empleo-joven\/","title":{"rendered":"Daniel Noboa plantea dar impulso al empleo joven"},"content":{"rendered":"<p class=\"tmzr-el\"><strong>Generar empleo<\/strong>, atraer\u00a0<strong>inversi\u00f3n extranjera\u00a0<\/strong>y militarizar los puertos y fronteras del pa\u00eds para\u00a0<strong>frenar el tr\u00e1fico de drogas<\/strong>\u00a0son las propuestas de\u00a0<strong>Daniel Noboa<\/strong>, candidato a la Presidencia de la Rep\u00fablica por la alianza ADN.<\/p>\n<p class=\"tmzr-el aBigClassNameToAvoidCollisionInText aBigClassNameToAvoidCollisionInText\">Noboa\u00a0<strong>visit\u00f3 Cuenca<\/strong>\u00a0la ma\u00f1ana y tarde del lunes 26 de junio de 2023, acompa\u00f1ado de su<strong>\u00a0binomio<\/strong>, la excandidata a la Alcald\u00eda de Cuenca,\u00a0<strong>Ver\u00f3nica Abad,<\/strong>\u00a0para dar a conocer su plan de trabajo y reunirse con sus simpatizantes.<\/p>\n<h2 id=\"h-propuestas-para-el-azuay\" class=\"wp-block-heading\">Propuestas para el Azuay<\/h2>\n<p class=\"tmzr-el\">En el \u00e1mbito local,\u00a0<strong>Noboa\u00a0<\/strong>ofrece una pol\u00edtica de\u00a0<strong>reestructura vial,<\/strong>\u00a0la construcci\u00f3n de c\u00e1rceles de m\u00ednima seguridad para\u00a0<strong>evitar masacres en Turi\u00a0<\/strong>y el impulso al empleo joven, para menores de 29 a\u00f1os.<\/p>\n<p class=\"tmzr-el\">El candidato afirm\u00f3 adem\u00e1s que\u00a0<strong>cree en la miner\u00eda responsable<\/strong>, pero no apoyar\u00e1 actividades que atenten contra el ambiente. Tambi\u00e9n ofrece programas para reducir el costo de la canasta b\u00e1sica, mejorar el acceso a la universidad y declarar narcoterroristas a los miembros de bandas delictivas. (JMM)-(I)<\/p>\n<p>Fuente: El Mercurio<\/p>\n","protected":false},"excerpt":{"rendered":"<p>Generar empleo, atraer\u00a0inversi\u00f3n extranjera\u00a0y militarizar los puertos y fronteras del pa\u00eds para\u00a0frenar el tr\u00e1fico de drogas\u00a0son las propuestas de\u00a0Daniel Noboa, candidato a la Presidencia de la Rep\u00fablica por la alianza ADN. Noboa\u00a0visit\u00f3 Cuenca\u00a0la ma\u00f1ana y tarde del lunes 26 de junio de 2023, acompa\u00f1ado de su\u00a0binomio, la excandidata a la Alcald\u00eda de Cuenca,\u00a0Ver\u00f3nica Abad,\u00a0para dar a conocer su plan de trabajo y reunirse con sus simpatizantes. Propuestas para el Azuay En el \u00e1mbito local,\u00a0Noboa\u00a0ofrece una pol\u00edtica de\u00a0reestructura vial,\u00a0la construcci\u00f3n de c\u00e1rceles de m\u00ednima seguridad para\u00a0evitar masacres en Turi\u00a0y el impulso al empleo joven, para menores de 29 a\u00f1os. El candidato afirm\u00f3 adem\u00e1s que\u00a0cree en la miner\u00eda responsable, pero no apoyar\u00e1 actividades que atenten contra el ambiente. Tambi\u00e9n ofrece programas para reducir el costo de la canasta b\u00e1sica, mejorar el acceso a la universidad y declarar narcoterroristas a los miembros de bandas delictivas. (JMM)-(I) Fuente: El Mercurio<\/p>\n","protected":false},"author":1,"featured_media":10534,"comment_status":"open","ping_status":"open","sticky":false,"template":"","format":"standard","meta":{"footnotes":""},"categories":[268],"tags":[],"class_list":["post-10533","post","type-post","status-publish","format-standard","has-post-thumbnail","hentry","category-nacionales"],"_links":{"self":[{"href":"https:\/\/www.elamazonico.com\/portal\/wp-json\/wp\/v2\/posts\/10533","targetHints":{"allow":["GET"]}}],"collection":[{"href":"https:\/\/www.elamazonico.com\/portal\/wp-json\/wp\/v2\/posts"}],"about":[{"href":"https:\/\/www.elamazonico.com\/portal\/wp-json\/wp\/v2\/types\/post"}],"author":[{"embeddable":true,"href":"https:\/\/www.elamazonico.com\/portal\/wp-json\/wp\/v2\/users\/1"}],"replies":[{"embeddable":true,"href":"https:\/\/www.elamazonico.com\/portal\/wp-json\/wp\/v2\/comments?post=10533"}],"version-history":[{"count":1,"href":"https:\/\/www.elamazonico.com\/portal\/wp-json\/wp\/v2\/posts\/10533\/revisions"}],"predecessor-version":[{"id":10535,"href":"https:\/\/www.elamazonico.com\/portal\/wp-json\/wp\/v2\/posts\/10533\/revisions\/10535"}],"wp:featuredmedia":[{"embeddable":true,"href":"https:\/\/www.elamazonico.com\/portal\/wp-json\/wp\/v2\/media\/10534"}],"wp:attachment":[{"href":"https:\/\/www.elamazonico.com\/portal\/wp-json\/wp\/v2\/media?parent=10533"}],"wp:term":[{"taxonomy":"category","embeddable":true,"href":"https:\/\/www.elamazonico.com\/portal\/wp-json\/wp\/v2\/categories?post=10533"},{"taxonomy":"post_tag","embeddable":true,"href":"https:\/\/www.elamazonico.com\/portal\/wp-json\/wp\/v2\/tags?post=10533"}],"curies":[{"name":"wp","href":"https:\/\/api.w.org\/{rel}","templated":true}]}}