{"id":10530,"date":"2023-06-27T11:38:53","date_gmt":"2023-06-27T16:38:53","guid":{"rendered":"https:\/\/www.elamazonico.comportal\/?p=10530"},"modified":"2023-06-27T11:38:53","modified_gmt":"2023-06-27T16:38:53","slug":"richard-carapaz-liderara-al-ef-education-en-el-tour-de-francia","status":"publish","type":"post","link":"https:\/\/www.elamazonico.com\/portal\/richard-carapaz-liderara-al-ef-education-en-el-tour-de-francia\/","title":{"rendered":"Richard Carapaz liderar\u00e1 al EF Education en el Tour de Francia"},"content":{"rendered":"<p class=\"tmzr-el\">El ciclista ecuatoriano Richard Carapaz liderar\u00e1 a su equipo, el EF Education, en la edici\u00f3n 2023 del Tour de Francia que inicia en Bilbao el s\u00e1bado, 1 de julio.<\/p>\n<p class=\"tmzr-el aBigClassNameToAvoidCollisionInText aBigClassNameToAvoidCollisionInText\">Seg\u00fan EF, el equipo de Carapaz que lo completan; Rigoberto Ur\u00e1n, Neilson Powless, Alberto Bettiol, Magnus Cort, James Shaw, Andrei Amador y Esteban Ch\u00e1vez fueron elegidos porque son un equipo de corredores que se adaptan y sacan provecho a la combinaci\u00f3n de terrenos y circunstancias impredecibles de la monta\u00f1a.<\/p>\n<h2 id=\"h-richard-carapaz\" class=\"wp-block-heading\">Richard Carapaz<\/h2>\n<p class=\"tmzr-el\">Carapaz dio declaraciones en la p\u00e1gina web del equipo, donde dijo que \u00abEstoy emocionado de que el Tour finalmente comience.\u00a0Estoy entrenando para ello y he estado mucho tiempo fuera de casa y estoy preparado para que empiece, de verdad\u00bb.<\/p>\n<p class=\"tmzr-el\">\u00abAl final siempre quiero hacer las cosas de la mejor manera y ahora que estamos a las puertas del Tour, f\u00edsicamente me siento bien.\u00a0Estoy muy bien preparado y sobre todo tengo muchas ganas de empezar.\u00bb<\/p>\n<p class=\"tmzr-el\">Jonathan Vaughters, director ejecutivo de EF, mencion\u00f3 que Carapaz es \u00abexcelente leyendo una carrera y reaccionando\u00bb y que lo apoyar\u00e1n en sus haza\u00f1as.<\/p>\n<div id=\"taboola-below-article-thumbnails\" class=\" trc_related_container trc_spotlight_widget tbl-feed-container tbl-feed-frame-DIVIDER  render-late-effect render-late-effect tbl-feed-container tbl-feed-frame-DIVIDER \" data-feed-container-num=\"1\" data-feed-main-container-id=\"taboola-below-article-thumbnails\" data-parent-placement-name=\"Below Article Thumbnails\" data-pub-lang=\"es\">\n<div class=\" tbl-feed-header tbl-logo-right-position\">\n<div class=\"tbl-feed-header-logo\"><\/div>\n<\/div>\n<\/div>\n","protected":false},"excerpt":{"rendered":"<p>El ciclista ecuatoriano Richard Carapaz liderar\u00e1 a su equipo, el EF Education, en la edici\u00f3n 2023 del Tour de Francia que inicia en Bilbao el s\u00e1bado, 1 de julio. Seg\u00fan EF, el equipo de Carapaz que lo completan; Rigoberto Ur\u00e1n, Neilson Powless, Alberto Bettiol, Magnus Cort, James Shaw, Andrei Amador y Esteban Ch\u00e1vez fueron elegidos porque son un equipo de corredores que se adaptan y sacan provecho a la combinaci\u00f3n de terrenos y circunstancias impredecibles de la monta\u00f1a. Richard Carapaz Carapaz dio declaraciones en la p\u00e1gina web del equipo, donde dijo que \u00abEstoy emocionado de que el Tour finalmente comience.\u00a0Estoy entrenando para ello y he estado mucho tiempo fuera de casa y estoy preparado para que empiece, de verdad\u00bb. \u00abAl final siempre quiero hacer las cosas de la mejor manera y ahora que estamos a las puertas del Tour, f\u00edsicamente me siento bien.\u00a0Estoy muy bien preparado y sobre todo tengo muchas ganas de empezar.\u00bb Jonathan Vaughters, director ejecutivo de EF, mencion\u00f3 que Carapaz es \u00abexcelente leyendo una carrera y reaccionando\u00bb y que lo apoyar\u00e1n en sus haza\u00f1as.<\/p>\n","protected":false},"author":1,"featured_media":10531,"comment_status":"open","ping_status":"open","sticky":false,"template":"","format":"standard","meta":{"footnotes":""},"categories":[268],"tags":[],"class_list":["post-10530","post","type-post","status-publish","format-standard","has-post-thumbnail","hentry","category-nacionales"],"_links":{"self":[{"href":"https:\/\/www.elamazonico.com\/portal\/wp-json\/wp\/v2\/posts\/10530","targetHints":{"allow":["GET"]}}],"collection":[{"href":"https:\/\/www.elamazonico.com\/portal\/wp-json\/wp\/v2\/posts"}],"about":[{"href":"https:\/\/www.elamazonico.com\/portal\/wp-json\/wp\/v2\/types\/post"}],"author":[{"embeddable":true,"href":"https:\/\/www.elamazonico.com\/portal\/wp-json\/wp\/v2\/users\/1"}],"replies":[{"embeddable":true,"href":"https:\/\/www.elamazonico.com\/portal\/wp-json\/wp\/v2\/comments?post=10530"}],"version-history":[{"count":1,"href":"https:\/\/www.elamazonico.com\/portal\/wp-json\/wp\/v2\/posts\/10530\/revisions"}],"predecessor-version":[{"id":10532,"href":"https:\/\/www.elamazonico.com\/portal\/wp-json\/wp\/v2\/posts\/10530\/revisions\/10532"}],"wp:featuredmedia":[{"embeddable":true,"href":"https:\/\/www.elamazonico.com\/portal\/wp-json\/wp\/v2\/media\/10531"}],"wp:attachment":[{"href":"https:\/\/www.elamazonico.com\/portal\/wp-json\/wp\/v2\/media?parent=10530"}],"wp:term":[{"taxonomy":"category","embeddable":true,"href":"https:\/\/www.elamazonico.com\/portal\/wp-json\/wp\/v2\/categories?post=10530"},{"taxonomy":"post_tag","embeddable":true,"href":"https:\/\/www.elamazonico.com\/portal\/wp-json\/wp\/v2\/tags?post=10530"}],"curies":[{"name":"wp","href":"https:\/\/api.w.org\/{rel}","templated":true}]}}