{"id":10485,"date":"2023-06-23T06:26:19","date_gmt":"2023-06-23T11:26:19","guid":{"rendered":"https:\/\/www.elamazonico.com\/portal\/?p=10485"},"modified":"2023-06-23T06:26:19","modified_gmt":"2023-06-23T11:26:19","slug":"policia-captura-a-negro-felix-delincuente-de-alta-peligrosidad-en-el-oro","status":"publish","type":"post","link":"https:\/\/www.elamazonico.com\/portal\/policia-captura-a-negro-felix-delincuente-de-alta-peligrosidad-en-el-oro\/","title":{"rendered":"Polic\u00eda captura a &#8216;Negro F\u00e9lix&#8217;, delincuente de alta peligrosidad, en El Oro"},"content":{"rendered":"<p>Tras\u00a021 allanamientos\u00a0ejecutados la madrugada de este jueves, 22 de junio de 2023, en Machala, provincia de El Oro, la\u00a0Polic\u00eda Nacional\u00a0logr\u00f3 la\u00a0captura\u00a0de Qui\u00f1onez M., alias\u00a0\u201cNegro F\u00e9lix\u201d. El antisocial es catalogado de alta peligrosidad y requerido por la justicia por\u00a0asesinato, robo y tr\u00e1fico de drogas.<\/p>\n<p>La aprehensi\u00f3n se efectu\u00f3 en sector de El Coco bajo el operativo denominado \u201cFirmeza 1\u201d. El \u00e9l participaron servidores policiales del eje preventivo, investigativo e inteligencia, quienes, con el apoyo de las unidades t\u00e1cticas policiales y Fuerzas Armadas,\u00a0destruyeron 32 barricadas\u00a0y obst\u00e1culos que los grupos de delincuencia organizada colocaron para impedir su ingreso.<\/p>\n<p>En su declaraci\u00f3n, el Teniente Coronel Jorge Estrada Ch\u00e1vez, jefe de la Polic\u00eda Judicial de El Oro, dijo que \u201cla intervenci\u00f3n fue planificada luego de realizar un exhaustivo an\u00e1lisis por parte de las unidades especializadas con la finalidad de recuperar el espacio p\u00fablico\u201d.<\/p>\n<p>Adem\u00e1s, reiter\u00f3 que el operativo tuvo resultados positivos ya que se detuvo a una persona que ten\u00eda cuentas pendientes con la ley y se decomis\u00f3\u00a0munici\u00f3n, vainas, una embarcaci\u00f3n y dos motos\u00a0presuntamente robadas.<\/p>\n","protected":false},"excerpt":{"rendered":"<p>Tras\u00a021 allanamientos\u00a0ejecutados la madrugada de este jueves, 22 de junio de 2023, en Machala, provincia de El Oro, la\u00a0Polic\u00eda Nacional\u00a0logr\u00f3 la\u00a0captura\u00a0de Qui\u00f1onez M., alias\u00a0\u201cNegro F\u00e9lix\u201d. El antisocial es catalogado de alta peligrosidad y requerido por la justicia por\u00a0asesinato, robo y tr\u00e1fico de drogas. La aprehensi\u00f3n se efectu\u00f3 en sector de El Coco bajo el operativo denominado \u201cFirmeza 1\u201d. El \u00e9l participaron servidores policiales del eje preventivo, investigativo e inteligencia, quienes, con el apoyo de las unidades t\u00e1cticas policiales y Fuerzas Armadas,\u00a0destruyeron 32 barricadas\u00a0y obst\u00e1culos que los grupos de delincuencia organizada colocaron para impedir su ingreso. En su declaraci\u00f3n, el Teniente Coronel Jorge Estrada Ch\u00e1vez, jefe de la Polic\u00eda Judicial de El Oro, dijo que \u201cla intervenci\u00f3n fue planificada luego de realizar un exhaustivo an\u00e1lisis por parte de las unidades especializadas con la finalidad de recuperar el espacio p\u00fablico\u201d. Adem\u00e1s, reiter\u00f3 que el operativo tuvo resultados positivos ya que se detuvo a una persona que ten\u00eda cuentas pendientes con la ley y se decomis\u00f3\u00a0munici\u00f3n, vainas, una embarcaci\u00f3n y dos motos\u00a0presuntamente robadas.<\/p>\n","protected":false},"author":1,"featured_media":10486,"comment_status":"open","ping_status":"open","sticky":false,"template":"","format":"standard","meta":{"footnotes":""},"categories":[268],"tags":[],"class_list":["post-10485","post","type-post","status-publish","format-standard","has-post-thumbnail","hentry","category-nacionales"],"_links":{"self":[{"href":"https:\/\/www.elamazonico.com\/portal\/wp-json\/wp\/v2\/posts\/10485","targetHints":{"allow":["GET"]}}],"collection":[{"href":"https:\/\/www.elamazonico.com\/portal\/wp-json\/wp\/v2\/posts"}],"about":[{"href":"https:\/\/www.elamazonico.com\/portal\/wp-json\/wp\/v2\/types\/post"}],"author":[{"embeddable":true,"href":"https:\/\/www.elamazonico.com\/portal\/wp-json\/wp\/v2\/users\/1"}],"replies":[{"embeddable":true,"href":"https:\/\/www.elamazonico.com\/portal\/wp-json\/wp\/v2\/comments?post=10485"}],"version-history":[{"count":1,"href":"https:\/\/www.elamazonico.com\/portal\/wp-json\/wp\/v2\/posts\/10485\/revisions"}],"predecessor-version":[{"id":10487,"href":"https:\/\/www.elamazonico.com\/portal\/wp-json\/wp\/v2\/posts\/10485\/revisions\/10487"}],"wp:featuredmedia":[{"embeddable":true,"href":"https:\/\/www.elamazonico.com\/portal\/wp-json\/wp\/v2\/media\/10486"}],"wp:attachment":[{"href":"https:\/\/www.elamazonico.com\/portal\/wp-json\/wp\/v2\/media?parent=10485"}],"wp:term":[{"taxonomy":"category","embeddable":true,"href":"https:\/\/www.elamazonico.com\/portal\/wp-json\/wp\/v2\/categories?post=10485"},{"taxonomy":"post_tag","embeddable":true,"href":"https:\/\/www.elamazonico.com\/portal\/wp-json\/wp\/v2\/tags?post=10485"}],"curies":[{"name":"wp","href":"https:\/\/api.w.org\/{rel}","templated":true}]}}