{"id":10450,"date":"2023-06-21T11:38:02","date_gmt":"2023-06-21T16:38:02","guid":{"rendered":"https:\/\/www.elamazonico.com\/portal\/?p=10450"},"modified":"2023-06-21T11:38:02","modified_gmt":"2023-06-21T16:38:02","slug":"ecuador-importara-arroz-para-cubrir-la-demanda-a-partir-julio-de-2023","status":"publish","type":"post","link":"https:\/\/www.elamazonico.com\/portal\/ecuador-importara-arroz-para-cubrir-la-demanda-a-partir-julio-de-2023\/","title":{"rendered":"Ecuador importar\u00e1 arroz para cubrir la demanda a partir julio de 2023"},"content":{"rendered":"<p>\u201c<strong>Ecuador<\/strong>\u00a0importar\u00e1 lo necesario para mantener el\u00a0<strong>abastecimiento de arroz<\/strong>\u00a0que en este caso es de 60.000 a 63.000 toneladas m\u00e9tricas por mes\u201d, asegur\u00f3 el ministro de Agricultura y Ganader\u00eda,<strong>\u00a0Eduardo Izaguirre<\/strong>. \u00c9l se refiri\u00f3 a las acciones para evitar un\u00a0<strong>desabastecimiento<\/strong>\u00a0de este cereal en el pa\u00eds.<\/p>\n<p>En una entrevista otorgada a Radio Centro, el lunes 20 de junio de 2023, el titular del ramo se\u00f1al\u00f3 que la demanda de<strong>\u00a0marzo a julio<\/strong>\u00a0se cubri\u00f3 con las\u00a0<strong>250.000 toneladas que se cosecharon en invierno<\/strong>.<\/p>\n<p>Sin embargo, en julio empezar\u00e1 a bajar, por lo que es necesaria una importaci\u00f3n para mantener el abastecimiento. Con ello se espera que\u00a0<strong>bajen los precios del quintal de arroz<\/strong>\u00a0que normalmente est\u00e1 en USD 32; ahora se consigue en USD 52.<\/p>\n<p><strong>\u00bfDe d\u00f3nde vendr\u00e1 el arroz?<\/strong>\u00a0Izaguirre se\u00f1al\u00f3 que se han realizado conversaciones con\u00a0<strong>Colombia<\/strong>,\u00a0<strong>Uruguay<\/strong>\u00a0y\u00a0<strong>Brasil;\u00a0<\/strong>tambi\u00e9n con\u00a0<strong>Argentina<\/strong>. \u201cHicimos el trabajo acelerado, por lo que la importaci\u00f3n podr\u00eda llegar m\u00e1ximo la pr\u00f3xima semana; ah\u00ed se puede regular precios\u201d.<\/p>\n<p>El ministro de Agricultura tambi\u00e9n coment\u00f3 que se impulsa el\u00a0<strong>cultivo\u00a0entre los productores.<\/strong>\u00a0\u201cDe las 150.000 hect\u00e1reas que se siembran para verano est\u00e1n s\u00f3lo 40.000, por lo que debemos impulsar los cultivos para evitar salidas de divisas\u201d.<\/p>\n<p>Para ello se prepara un\u00a0<strong>paquete con semillas, fertilizantes, incluye un seguro<\/strong>\u00a0en caso de p\u00e9rdidas por las\u00a0<strong>lluvias<\/strong>\u00a0y el\u00a0<strong>fen\u00f3meno de El Ni\u00f1o<\/strong>.<\/p>\n<p><strong>\u00bfQu\u00e9 pasa en Quito?\u00a0\u00a0<\/strong><\/p>\n<p>El\u00a0<strong>Municipio de Quito<\/strong>\u00a0inform\u00f3 que cerca de\u00a0<strong>2.600 quintales y m\u00e1s de 800 arrobas de arroz<\/strong>\u00a0llegaron el fin de semana al mercado\u00a0<strong>Mayorista de Quito<\/strong>. Y en los pr\u00f3ximos d\u00edas se espera la llegada de m\u00e1s. Con ello se asegura el abastecimiento normal del producto.<\/p>\n<p>La Empresa P\u00fablica Mercado Mayorista de Quito (MMQ-EP) realiza acciones para evitar la especulaci\u00f3n del costo en productos de primera necesidad, especialmente en la comercializaci\u00f3n y abastecimiento del arroz. Para ello se han dado operativos articulados con la Intendencia de Polic\u00eda, Comisar\u00eda Nacional y Polic\u00eda Nacional.<\/p>\n<p>La Jefatura de Regulaci\u00f3n y Control del Mercado Mayorista\u00a0indic\u00f3 que el precio del\u00a0<strong>quintal del arroz se comercializa a partir de los USD 52<\/strong>, de acuerdo al tama\u00f1o y marca.<\/p>\n<p>El cabildo quite\u00f1o tambi\u00e9n ha tenido acercamientos con la Subsecretar\u00eda de Comercializaci\u00f3n del Ministerio de Agricultura para definir estrategias de prevenci\u00f3n frente a posibles problemas en la cadena de producci\u00f3n, procesamiento y comercializaci\u00f3n del cereal en los pr\u00f3ximos meses.<\/p>\n<p style=\"font-weight: 400;\">\n","protected":false},"excerpt":{"rendered":"<p>\u201cEcuador\u00a0importar\u00e1 lo necesario para mantener el\u00a0abastecimiento de arroz\u00a0que en este caso es de 60.000 a 63.000 toneladas m\u00e9tricas por mes\u201d, asegur\u00f3 el ministro de Agricultura y Ganader\u00eda,\u00a0Eduardo Izaguirre. \u00c9l se refiri\u00f3 a las acciones para evitar un\u00a0desabastecimiento\u00a0de este cereal en el pa\u00eds. En una entrevista otorgada a Radio Centro, el lunes 20 de junio de 2023, el titular del ramo se\u00f1al\u00f3 que la demanda de\u00a0marzo a julio\u00a0se cubri\u00f3 con las\u00a0250.000 toneladas que se cosecharon en invierno. Sin embargo, en julio empezar\u00e1 a bajar, por lo que es necesaria una importaci\u00f3n para mantener el abastecimiento. Con ello se espera que\u00a0bajen los precios del quintal de arroz\u00a0que normalmente est\u00e1 en USD 32; ahora se consigue en USD 52. \u00bfDe d\u00f3nde vendr\u00e1 el arroz?\u00a0Izaguirre se\u00f1al\u00f3 que se han realizado conversaciones con\u00a0Colombia,\u00a0Uruguay\u00a0y\u00a0Brasil;\u00a0tambi\u00e9n con\u00a0Argentina. \u201cHicimos el trabajo acelerado, por lo que la importaci\u00f3n podr\u00eda llegar m\u00e1ximo la pr\u00f3xima semana; ah\u00ed se puede regular precios\u201d. El ministro de Agricultura tambi\u00e9n coment\u00f3 que se impulsa el\u00a0cultivo\u00a0entre los productores.\u00a0\u201cDe las 150.000 hect\u00e1reas que se siembran para verano est\u00e1n s\u00f3lo 40.000, por lo que debemos impulsar los cultivos para evitar salidas de divisas\u201d. Para ello se prepara un\u00a0paquete con semillas, fertilizantes, incluye un seguro\u00a0en caso de p\u00e9rdidas por las\u00a0lluvias\u00a0y el\u00a0fen\u00f3meno de El Ni\u00f1o. \u00bfQu\u00e9 pasa en Quito?\u00a0\u00a0 El\u00a0Municipio de Quito\u00a0inform\u00f3 que cerca de\u00a02.600 quintales y m\u00e1s de 800 arrobas de arroz\u00a0llegaron el fin de semana al mercado\u00a0Mayorista de Quito. Y en los pr\u00f3ximos d\u00edas se espera la llegada de m\u00e1s. Con ello se asegura el abastecimiento normal del producto. La Empresa P\u00fablica Mercado Mayorista de Quito (MMQ-EP) realiza acciones para evitar la especulaci\u00f3n del costo en productos de primera necesidad, especialmente en la comercializaci\u00f3n y abastecimiento del arroz. Para ello se han dado operativos articulados con la Intendencia de Polic\u00eda, Comisar\u00eda Nacional y Polic\u00eda Nacional. La Jefatura de Regulaci\u00f3n y Control del Mercado Mayorista\u00a0indic\u00f3 que el precio del\u00a0quintal del arroz se comercializa a partir de los USD 52, de acuerdo al tama\u00f1o y marca. El cabildo quite\u00f1o tambi\u00e9n ha tenido acercamientos con la Subsecretar\u00eda de Comercializaci\u00f3n del Ministerio de Agricultura para definir estrategias de prevenci\u00f3n frente a posibles problemas en la cadena de producci\u00f3n, procesamiento y comercializaci\u00f3n del cereal en los pr\u00f3ximos meses.<\/p>\n","protected":false},"author":1,"featured_media":10451,"comment_status":"open","ping_status":"open","sticky":false,"template":"","format":"standard","meta":{"footnotes":""},"categories":[268],"tags":[],"class_list":["post-10450","post","type-post","status-publish","format-standard","has-post-thumbnail","hentry","category-nacionales"],"_links":{"self":[{"href":"https:\/\/www.elamazonico.com\/portal\/wp-json\/wp\/v2\/posts\/10450","targetHints":{"allow":["GET"]}}],"collection":[{"href":"https:\/\/www.elamazonico.com\/portal\/wp-json\/wp\/v2\/posts"}],"about":[{"href":"https:\/\/www.elamazonico.com\/portal\/wp-json\/wp\/v2\/types\/post"}],"author":[{"embeddable":true,"href":"https:\/\/www.elamazonico.com\/portal\/wp-json\/wp\/v2\/users\/1"}],"replies":[{"embeddable":true,"href":"https:\/\/www.elamazonico.com\/portal\/wp-json\/wp\/v2\/comments?post=10450"}],"version-history":[{"count":1,"href":"https:\/\/www.elamazonico.com\/portal\/wp-json\/wp\/v2\/posts\/10450\/revisions"}],"predecessor-version":[{"id":10452,"href":"https:\/\/www.elamazonico.com\/portal\/wp-json\/wp\/v2\/posts\/10450\/revisions\/10452"}],"wp:featuredmedia":[{"embeddable":true,"href":"https:\/\/www.elamazonico.com\/portal\/wp-json\/wp\/v2\/media\/10451"}],"wp:attachment":[{"href":"https:\/\/www.elamazonico.com\/portal\/wp-json\/wp\/v2\/media?parent=10450"}],"wp:term":[{"taxonomy":"category","embeddable":true,"href":"https:\/\/www.elamazonico.com\/portal\/wp-json\/wp\/v2\/categories?post=10450"},{"taxonomy":"post_tag","embeddable":true,"href":"https:\/\/www.elamazonico.com\/portal\/wp-json\/wp\/v2\/tags?post=10450"}],"curies":[{"name":"wp","href":"https:\/\/api.w.org\/{rel}","templated":true}]}}